{"id":103960,"date":"2017-06-12T15:48:49","date_gmt":"2017-06-12T18:48:49","guid":{"rendered":"http:\/\/senoticias.com.br\/se\/?p=103960"},"modified":"2017-06-12T16:15:24","modified_gmt":"2017-06-12T19:15:24","slug":"103960-2","status":"publish","type":"post","link":"https:\/\/senoticias.com.br\/se\/103960-2\/","title":{"rendered":"Secult divulga programa\u00e7\u00e3o dos arraiais do Gonzag\u00e3o e Centro de Criatividade"},"content":{"rendered":"<p style=\"text-align: justify;\">Admiradores e torcedores das quadrilhas juninas do Estado podem se preparar, pois as programa\u00e7\u00f5es do Arrai\u00e1 do Gonzag\u00e3o, no Complexo Cultural O Gonzag\u00e3o, e do Arrai\u00e1 do Arranca Unha, no Centro de Criatividade, j\u00e1 est\u00e3o definidas. Promovido pelo Governo de Sergipe atrav\u00e9s da Secretaria de Estado da Cultura (Secult), cada um dos eventos ir\u00e1 receber 22 grupos selecionados por meio de edital de Chamamento P\u00fablico.<\/p>\n<p style=\"text-align: justify;\">O Concurso de Quadrilhas do Gonzag\u00e3o abre a programa\u00e7\u00e3o do Encontro Nordestino de Cultura, no dia 17 de junho. A fase eliminat\u00f3ria da disputa segue nos dias 18, 22 e 23, as semifinais nos dias 24 e 25, e a grande final ser\u00e1 no dia 29 de junho. J\u00e1 o Arrai\u00e1 do Arranca Unha acontece nos dias 22, 23, 24 e 25, com semifinais nos dias 28 e 29, e a grande final em 30 de junho. Na fase eliminat\u00f3ria as quadrilhas estar\u00e3o divididas por Chaves A, B, C e D, sendo que as tr\u00eas melhores de cada Chave seguem para as fases seguintes.<\/p>\n<div id=\"attachment_103961\" style=\"width: 609px\" class=\"wp-caption aligncenter\"><img loading=\"lazy\" decoding=\"async\" aria-describedby=\"caption-attachment-103961\" class=\"size-full wp-image-103961\" src=\"http:\/\/senoticias.com.br\/se\/wp-content\/uploads\/2017\/06\/091a403c6c19b34abbe58ef9e5c8468b-e1497293289724.jpg\" alt=\"O Concurso de Quadrilhas do Gonzag\u00e3o abre a programa\u00e7\u00e3o do Encontro Nordestino de Cultura, no dia 17 de junho. \" width=\"599\" height=\"399\" \/><p id=\"caption-attachment-103961\" class=\"wp-caption-text\">O Concurso de Quadrilhas do Gonzag\u00e3o abre a programa\u00e7\u00e3o do Encontro Nordestino de Cultura, no dia 17 de junho.<\/p><\/div>\n<p style=\"text-align: justify;\">As seis primeiras colocadas em ambos os concursos receber\u00e3o pr\u00eamio e trof\u00e9u, acrescido do cach\u00ea e ajuda de custo. As demais coloca\u00e7\u00f5es receber\u00e3o apenas a ajuda de custo, conforme edital. A premia\u00e7\u00e3o seguir\u00e1 os seguintes valores: R$ 5.000,00 para o primeiro colocado, R$ 3.000,00 para o segundo colocado, R$ 2.000,00 para o terceiro colocado, R$ 1.000,00 para o quarto colocado, e R$ 800,00 para o quinto e sexto colocado. Confira as programa\u00e7\u00f5es:<\/p>\n<p><strong>ARRAI\u00c1 DO GONZAG\u00c3O<\/strong><\/p>\n<p>Dia 17\/06 \u00a0 \u00a0Chave \u00a0 A<br \/>\nAssum Preto<br \/>\nForr\u00f3 do Milho<br \/>\nXod\u00f3 na Ro\u00e7a<br \/>\nFlor nordestina<br \/>\nUnidos em Asa Branca<\/p>\n<p>Dia \u00a018\/06 \u00a0 \u00a0Chave \u00a0B<br \/>\nMeu Xod\u00f3<br \/>\nTradi\u00e7\u00e3o Junina<br \/>\nBuscap\u00e9<br \/>\nAsa Branca<br \/>\nPioneiros da Ro\u00e7a<\/p>\n<p>Dia \u00a023\/06 \u00a0 Chave \u00a0C<br \/>\nApaga Fogueira<br \/>\nRetirantes do Sert\u00e3o<br \/>\nAsa Branca de Sim\u00e3o Dias<br \/>\nMeu Sert\u00e3o<br \/>\nPoeirinha do Sert\u00e3o<br \/>\nChamego Bom<\/p>\n<p>Dia \u00a024\/06 \u00a0 Chave D<br \/>\nLarajeirense<br \/>\nXod\u00f3 da Vila<br \/>\nBalan\u00e7a Mais n\u00e3o Cai<br \/>\nAmor Caipira<br \/>\nBalan\u00e7o do Nordeste<br \/>\nS\u00e9culo \u00a0XX<\/p>\n<p><strong>ARRAI\u00c1 DO ARRANCA UNHA<\/strong><\/p>\n<p>Dia \u00a022\/06 \u00a0 \u00a0Chave \u00a0 A<br \/>\nUnidos em asa Branca<br \/>\nForr\u00f3 do Milho<br \/>\nAssum \u00a0Preto<br \/>\nPoeirinha do Sert\u00e3o<br \/>\nAmor caipira<\/p>\n<p>Dia \u00a023\/06 \u00a0 \u00a0Chave \u00a0B<br \/>\nXod\u00f3 na Ro\u00e7a<br \/>\nAsa Branca<br \/>\nXod\u00f3 da Vila<br \/>\nBalan\u00e7o do Nordeste<br \/>\nBuscap\u00e9<\/p>\n<p>Dia \u00a024\/06 \u00a0 Chave \u00a0C<br \/>\nAsa Branca de Sim\u00e3o Dias<br \/>\nPioneiros da Ro\u00e7a<br \/>\nApaga Fogueira<br \/>\nChamego Bom<br \/>\nFlor Nordestina<br \/>\nTradi\u00e7\u00e3o Junina<\/p>\n<p>Dia \u00a025\/06 \u00a0 Chave D<br \/>\nS\u00e9culo XX<br \/>\nRetirantes do Sert\u00e3o<br \/>\nBalan\u00e7a mais n\u00e3o Cai<br \/>\nLaranjeirense<br \/>\nMeu Sert\u00e3o<br \/>\nMeu \u00a0Xod\u00f3<\/p>\n","protected":false},"excerpt":{"rendered":"<p>Admiradores e torcedores das quadrilhas juninas do Estado podem se preparar, pois as programa\u00e7\u00f5es do Arrai\u00e1 do Gonzag\u00e3o, no Complexo Cultural O Gonzag\u00e3o, e do Arrai\u00e1 do Arranca Unha, no Centro de Criatividade, j\u00e1 est\u00e3o definidas. Promovido pelo Governo de Sergipe atrav\u00e9s da Secretaria de Estado da Cultura (Secult), cada um dos eventos ir\u00e1 receber [&hellip;]<\/p>\n","protected":false},"author":2,"featured_media":0,"comment_status":"closed","ping_status":"closed","sticky":false,"template":"","format":"standard","meta":{"footnotes":""},"categories":[1],"tags":[4124,1745,3618,336],"class_list":{"0":"post-103960","1":"post","2":"type-post","3":"status-publish","4":"format-standard","6":"category-sem-categoria","7":"tag-arraial","8":"tag-festa","9":"tag-junho","10":"tag-quadrilha"},"_links":{"self":[{"href":"https:\/\/senoticias.com.br\/se\/wp-json\/wp\/v2\/posts\/103960"}],"collection":[{"href":"https:\/\/senoticias.com.br\/se\/wp-json\/wp\/v2\/posts"}],"about":[{"href":"https:\/\/senoticias.com.br\/se\/wp-json\/wp\/v2\/types\/post"}],"author":[{"embeddable":true,"href":"https:\/\/senoticias.com.br\/se\/wp-json\/wp\/v2\/users\/2"}],"replies":[{"embeddable":true,"href":"https:\/\/senoticias.com.br\/se\/wp-json\/wp\/v2\/comments?post=103960"}],"version-history":[{"count":0,"href":"https:\/\/senoticias.com.br\/se\/wp-json\/wp\/v2\/posts\/103960\/revisions"}],"wp:attachment":[{"href":"https:\/\/senoticias.com.br\/se\/wp-json\/wp\/v2\/media?parent=103960"}],"wp:term":[{"taxonomy":"category","embeddable":true,"href":"https:\/\/senoticias.com.br\/se\/wp-json\/wp\/v2\/categories?post=103960"},{"taxonomy":"post_tag","embeddable":true,"href":"https:\/\/senoticias.com.br\/se\/wp-json\/wp\/v2\/tags?post=103960"}],"curies":[{"name":"wp","href":"https:\/\/api.w.org\/{rel}","templated":true}]}}