{"id":103957,"date":"2017-06-12T15:48:34","date_gmt":"2017-06-12T18:48:34","guid":{"rendered":"http:\/\/senoticias.com.br\/se\/?p=103957"},"modified":"2017-06-12T16:42:22","modified_gmt":"2017-06-12T19:42:22","slug":"prefeito-empossa-novos-secretarios-em-rosario-do-catete","status":"publish","type":"post","link":"https:\/\/senoticias.com.br\/se\/prefeito-empossa-novos-secretarios-em-rosario-do-catete\/","title":{"rendered":"Prefeito empossa tr\u00eas novos secret\u00e1rios em Ros\u00e1rio do Catete"},"content":{"rendered":"<p style=\"text-align: justify;\">N\u00e3o existe algo t\u00e3o bom que n\u00e3o possa ser melhorado&#8221;. Foi neste clima que na sexta-feira (2) o prefeito de Ros\u00e1rio do Catete, Etelvino Barreto (Vino Barreto), empossou no Pa\u00e7o Municipal, os novos secret\u00e1rios da administra\u00e7\u00e3o municipal. As mudan\u00e7as fazem parte do planejamento estrat\u00e9gico da nova gest\u00e3o.<\/p>\n<div id=\"attachment_103959\" style=\"width: 609px\" class=\"wp-caption aligncenter\"><img loading=\"lazy\" decoding=\"async\" aria-describedby=\"caption-attachment-103959\" class=\"size-full wp-image-103959\" src=\"http:\/\/senoticias.com.br\/se\/wp-content\/uploads\/2017\/06\/novos-secretarios-rosario-do-catete-senoticias-e1497293185466.jpg\" alt=\"Vino Barreto empossa novos secret\u00e1rios em Ros\u00e1rio do Catete\" width=\"599\" height=\"399\" \/><p id=\"caption-attachment-103959\" class=\"wp-caption-text\">Prefeito Vino Barreto empossa novos secret\u00e1rios em Ros\u00e1rio do Catete. (Foto: Igor Dias)<\/p><\/div>\n<p style=\"text-align: justify;\">\u201cPlagiando um saudoso governador de nosso estado, quero afirmar \u2018que n\u00e3o existe uma secretaria t\u00e3o boa que n\u00e3o possa melhorar\u2019. Hoje os ajustes que est\u00e3o sendo feitos n\u00e3o devem ser vistos como capricho ou vontade particular. O que estamos buscando atrav\u00e9s de um planejamento estrat\u00e9gico, com base em novas metas, \u00e9 oxigenar a m\u00e1quina administrativa e se preparar para os novos desafios. Os que assumem agora uma nova pasta devem olhar como uma oportunidade de fazer mais pelo povo rosarense\u201d, afirma o prefeito Vino Barreto.<\/p>\n<p style=\"text-align: justify;\">Ao todo, tr\u00eas secretarias passaram pela modifica\u00e7\u00e3o: Planejamento, Sa\u00fade e Meio Ambiente. Jos\u00e9 de Souza, deixou a Secretaria Municipal de Planejamento e assumiu a Secretaria Municipal de Sa\u00fade. Cristiane Ferreira deixou a Consultoria da Assist\u00eancia Social e assumiu a Secretaria de Planejamento. J\u00e1 H\u00e9lio dos Santos (Helhinho), que estava \u00e0 frente da Secretaria de Sa\u00fade, assumiu a Secretaria Municipal de Meio Ambiente e Desenvolvimento Rural.<\/p>\n<p>&nbsp;<\/p>\n<p style=\"text-align: justify;\">O ex-secret\u00e1rio de Sa\u00fade, H\u00e9lio dos Santos, agradeceu o prefeito Vino Barreto pela oportunidade e reconheceu o grande desafio em comandar uma secretaria t\u00e3o delicada, como a Sa\u00fade.<\/p>\n<p>&nbsp;<\/p>\n<p style=\"text-align: justify;\">\u201cAntes de tudo, quero agradecer ao povo rosarense por ter efetivado a vit\u00f3ria pol\u00edtica da uni\u00e3o entre minha candidatura e a do prefeito Vino. Agradecer tamb\u00e9m pela oportunidade de estar por cinco meses \u00e0 frente de uma pasta t\u00e3o delicada quanto a Sa\u00fade. Enquanto secret\u00e1rio de Sa\u00fade, tenho a consci\u00eancia tranquila, pois procurei, juntamente com a minha equipe, fazer o melhor para atender as necessidades da popula\u00e7\u00e3o de Ros\u00e1rio e do nosso querido Povoado Siririzinho\u201d, enfatiza Helhinho.<\/p>\n<p>&nbsp;<\/p>\n<p style=\"text-align: justify;\">Para a nova secret\u00e1ria de Planejamento, Cristiane Ferreira, um novo desafio se inicia, juntamente com novas possibilidades. Dessa maneira, a melhoria nas condi\u00e7\u00f5es do servi\u00e7o p\u00fablico oferecido ser\u00e1 reflexo das novas mudan\u00e7as.<\/p>\n<p style=\"text-align: justify;\">&#8220;A partir do in\u00edcio da semana j\u00e1 iniciaremos um trabalho de identifica\u00e7\u00e3o e estrutura\u00e7\u00e3o com a certeza que caminharemos rumo a melhores dias\u201d, ressalta Cristiane.<\/p>\n<p style=\"text-align: justify;\">Preparado para mais um desafio, o novo secret\u00e1rio de Sa\u00fade, Jos\u00e9 Souza, salienta que a assist\u00eancia b\u00e1sica ser\u00e1 uma de suas principais metas \u00e0 frente da nova pasta.<\/p>\n<p style=\"text-align: justify;\">\u201cN\u00f3s vamos cuidar da sa\u00fade como um todo, mas entendo que a assist\u00eancia b\u00e1sica \u00e9 uma prioridade. \u00c9 importante que a nossa popula\u00e7\u00e3o continue tendo \u00e0 sua disposi\u00e7\u00e3o profissionais de sa\u00fade em suas diversas \u00e1reas, medicamentos nas unidades de sa\u00fade e tudo que \u00e9 necess\u00e1rio para que o nosso povo tenha um atendimento digno e seja bem assistido\u201d, explica Souza.<\/p>\n<p style=\"text-align: justify;\">Al\u00e9m do prefeito Vino Barreto, tamb\u00e9m prestigiaram a posse dos novos secret\u00e1rios, o vice-prefeito Monteirinho, a secret\u00e1ria de Comunica\u00e7\u00e3o Social, Tirzah Rezende; o secret\u00e1rio de Esporte e Juventude, Delson Le\u00e3o; o secret\u00e1rio de Infraestrutura, Epaminondas Barreto; a primeira-dama Dona Nena, diretores, coordenadores, funcion\u00e1rios p\u00fablicos, lideran\u00e7as pol\u00edticas e comunit\u00e1rias, entre outros.<\/p>\n<p style=\"text-align: justify;\"><img loading=\"lazy\" decoding=\"async\" class=\"aligncenter size-full wp-image-103836\" src=\"http:\/\/senoticias.com.br\/se\/wp-content\/uploads\/2017\/06\/Logo-fone-1-2-1-2-4-2.jpg\" alt=\"Logo-fone-1-2-1-2-4-2\" width=\"599\" height=\"78\" srcset=\"https:\/\/senoticias.com.br\/se\/wp-content\/uploads\/2017\/06\/Logo-fone-1-2-1-2-4-2.jpg 599w, https:\/\/senoticias.com.br\/se\/wp-content\/uploads\/2017\/06\/Logo-fone-1-2-1-2-4-2-300x39.jpg 300w\" sizes=\"(max-width: 599px) 100vw, 599px\" \/><\/p>\n<p style=\"text-align: justify;\"><strong>Acompanhe tamb\u00e9m o SE Not\u00edcias no<\/strong><span class=\"apple-converted-space\"><b>\u00a0<\/b><\/span><a href=\"https:\/\/twitter.com\/Senoticias\" target=\"_blank\"><b>Twitter<\/b><\/a><strong>,<\/strong><span class=\"apple-converted-space\"><b>\u00a0<\/b><\/span><a href=\"https:\/\/www.facebook.com\/senoticias1\" target=\"_blank\"><b>Facebook<\/b><span class=\"apple-converted-space\"><b>\u00a0<\/b><\/span><\/a><strong>e no<\/strong><span class=\"apple-converted-space\"><b>\u00a0<\/b><\/span><a href=\"https:\/\/www.instagram.com\/senoticias\/\" target=\"_blank\"><b>Instagram<\/b><\/a><\/p>\n<p style=\"text-align: justify;\"><em>por Secom \u00a0\/ Ros\u00e1rio do Catete<\/em><\/p>\n","protected":false},"excerpt":{"rendered":"<p>N\u00e3o existe algo t\u00e3o bom que n\u00e3o possa ser melhorado&#8221;. Foi neste clima que na sexta-feira (2) o prefeito de Ros\u00e1rio do Catete, Etelvino Barreto (Vino Barreto), empossou no Pa\u00e7o Municipal, os novos secret\u00e1rios da administra\u00e7\u00e3o municipal. As mudan\u00e7as fazem parte do planejamento estrat\u00e9gico da nova gest\u00e3o. \u201cPlagiando um saudoso governador de nosso estado, quero [&hellip;]<\/p>\n","protected":false},"author":2,"featured_media":103959,"comment_status":"closed","ping_status":"closed","sticky":false,"template":"","format":"standard","meta":{"footnotes":""},"categories":[38,6],"tags":[4122,4123,125],"class_list":{"0":"post-103957","1":"post","2":"type-post","3":"status-publish","4":"format-standard","5":"has-post-thumbnail","7":"category-municipios","8":"category-politica","9":"tag-novos-secretarios","10":"tag-prefeito-empossa","11":"tag-rosario-do-catete"},"_links":{"self":[{"href":"https:\/\/senoticias.com.br\/se\/wp-json\/wp\/v2\/posts\/103957"}],"collection":[{"href":"https:\/\/senoticias.com.br\/se\/wp-json\/wp\/v2\/posts"}],"about":[{"href":"https:\/\/senoticias.com.br\/se\/wp-json\/wp\/v2\/types\/post"}],"author":[{"embeddable":true,"href":"https:\/\/senoticias.com.br\/se\/wp-json\/wp\/v2\/users\/2"}],"replies":[{"embeddable":true,"href":"https:\/\/senoticias.com.br\/se\/wp-json\/wp\/v2\/comments?post=103957"}],"version-history":[{"count":0,"href":"https:\/\/senoticias.com.br\/se\/wp-json\/wp\/v2\/posts\/103957\/revisions"}],"wp:featuredmedia":[{"embeddable":true,"href":"https:\/\/senoticias.com.br\/se\/wp-json\/wp\/v2\/media\/103959"}],"wp:attachment":[{"href":"https:\/\/senoticias.com.br\/se\/wp-json\/wp\/v2\/media?parent=103957"}],"wp:term":[{"taxonomy":"category","embeddable":true,"href":"https:\/\/senoticias.com.br\/se\/wp-json\/wp\/v2\/categories?post=103957"},{"taxonomy":"post_tag","embeddable":true,"href":"https:\/\/senoticias.com.br\/se\/wp-json\/wp\/v2\/tags?post=103957"}],"curies":[{"name":"wp","href":"https:\/\/api.w.org\/{rel}","templated":true}]}}