{"id":103954,"date":"2017-06-12T14:30:14","date_gmt":"2017-06-12T17:30:14","guid":{"rendered":"http:\/\/senoticias.com.br\/se\/?p=103954"},"modified":"2017-06-12T14:30:14","modified_gmt":"2017-06-12T17:30:14","slug":"resultado-do-prouni-ja-esta-disponivel-na-internet","status":"publish","type":"post","link":"https:\/\/senoticias.com.br\/se\/resultado-do-prouni-ja-esta-disponivel-na-internet\/","title":{"rendered":"Resultado do ProUni j\u00e1 est\u00e1 dispon\u00edvel na internet"},"content":{"rendered":"<p style=\"text-align: justify;\">O resultado da edi\u00e7\u00e3o do segundo semestre do Programa Universidade para Todos (ProUni) j\u00e1 est\u00e1 dispon\u00edvel na internet. O prazo para se candidatar a uma bolsa do programa terminou na sexta-feira (9) e, at\u00e9 as 12 h daquele dia, o sistema registrou mais de 370 mil estudantes inscritos e mais de 720 mil inscri\u00e7\u00f5es. O estudante pode selecionar at\u00e9 duas op\u00e7\u00f5es de curso, entre as 27.237 dispon\u00edveis.<\/p>\n<p style=\"text-align: justify;\">Neste processo seletivo, o ProUni oferta 147.492 bolsas em 1.076 institui\u00e7\u00f5es privadas de educa\u00e7\u00e3o superior em todo o pa\u00eds. O n\u00famero de bolsas oferecidas \u00e9 17% maior do que na segunda edi\u00e7\u00e3o do programa do ano passado. Do total de bolsas, 67.603 s\u00e3o integrais e 79.889, parciais.<\/p>\n<div id=\"attachment_103955\" style=\"width: 609px\" class=\"wp-caption aligncenter\"><img loading=\"lazy\" decoding=\"async\" aria-describedby=\"caption-attachment-103955\" class=\"size-full wp-image-103955\" src=\"http:\/\/senoticias.com.br\/se\/wp-content\/uploads\/2017\/06\/prouni-SENOTICIAS-e1497288582628.png\" alt=\"O estudante tem at\u00e9 o dia 19 de junho para procurar a institui\u00e7\u00e3o de ensino para a qual foi pr\u00e9-selecionado a fim de comprovar as informa\u00e7\u00f5es prestadas na inscri\u00e7\u00e3o. P\u00e1gina Prouni\" width=\"599\" height=\"491\" \/><p id=\"caption-attachment-103955\" class=\"wp-caption-text\">O estudante tem at\u00e9 o dia 19 de junho para procurar a institui\u00e7\u00e3o de ensino para a qual foi pr\u00e9-selecionado a fim de comprovar as informa\u00e7\u00f5es prestadas na inscri\u00e7\u00e3o. P\u00e1gina Prouni<\/p><\/div>\n<p style=\"text-align: justify;\">O estudante tem at\u00e9 o dia 19 de junho para procurar a institui\u00e7\u00e3o de ensino para a qual foi pr\u00e9-selecionado a fim de comprovar as informa\u00e7\u00f5es prestadas na inscri\u00e7\u00e3o. A perda do prazo ou a n\u00e3o comprova\u00e7\u00e3o das informa\u00e7\u00f5es implicar\u00e1, automaticamente, a reprova\u00e7\u00e3o do candidato.<\/p>\n<p style=\"text-align: justify;\"><strong>Rede p\u00fablica<\/strong><\/p>\n<p style=\"text-align: justify;\">O ProUni \u00e9 voltado a alunos da rede p\u00fablica ou bolsistas integrais da rede particular. Para participar, \u00e9 preciso ter feito o Exame Nacional do Ensino M\u00e9dio (Enem) de 2016, ter obtido o m\u00ednimo de 450 pontos na m\u00e9dia das notas e n\u00e3o ter zerado a reda\u00e7\u00e3o. Tamb\u00e9m est\u00e3o inclu\u00eddas as pessoas com defici\u00eancia e professores da educa\u00e7\u00e3o b\u00e1sica em escolas p\u00fablicas que comp\u00f5em o quadro de pessoal permanente da institui\u00e7\u00e3o.<\/p>\n<p style=\"text-align: justify;\">O processo seletivo ser\u00e1 constitu\u00eddo de duas chamadas sucessivas, sendo que a primeira ocorre hoje e a segunda est\u00e1 prevista para 26 de junho. Na segunda chamada, a comprova\u00e7\u00e3o das informa\u00e7\u00f5es dever\u00e1 ser feita de 26 a 30 de junho.<\/p>\n<p style=\"text-align: justify;\">Para participar da lista de espera, o estudante dever\u00e1 manifestar seu interesse na p\u00e1gina do programa, entre 7 e 10 de julho. A lista estar\u00e1 dispon\u00edvel no sistema, para consulta pelas institui\u00e7\u00f5es de educa\u00e7\u00e3o superior, no dia 13 de julho. Nesse caso, o candidato dever\u00e1 comparecer \u00e0 institui\u00e7\u00e3o e entregar a documenta\u00e7\u00e3o no per\u00edodo de 17 a 18 de julho.<\/p>\n<p style=\"text-align: justify;\">\n<p style=\"text-align: justify;\"><img loading=\"lazy\" decoding=\"async\" class=\"aligncenter size-full wp-image-103836\" src=\"http:\/\/senoticias.com.br\/se\/wp-content\/uploads\/2017\/06\/Logo-fone-1-2-1-2-4-2.jpg\" alt=\"Logo-fone-1-2-1-2-4-2\" width=\"599\" height=\"78\" srcset=\"https:\/\/senoticias.com.br\/se\/wp-content\/uploads\/2017\/06\/Logo-fone-1-2-1-2-4-2.jpg 599w, https:\/\/senoticias.com.br\/se\/wp-content\/uploads\/2017\/06\/Logo-fone-1-2-1-2-4-2-300x39.jpg 300w\" sizes=\"(max-width: 599px) 100vw, 599px\" \/><\/p>\n<p style=\"text-align: justify;\"><strong>Acompanhe tamb\u00e9m o SE Not\u00edcias no<\/strong><span class=\"apple-converted-space\"><b>\u00a0<\/b><\/span><a href=\"https:\/\/twitter.com\/Senoticias\" target=\"_blank\"><b>Twitter<\/b><\/a><strong>,<\/strong><span class=\"apple-converted-space\"><b>\u00a0<\/b><\/span><a href=\"https:\/\/www.facebook.com\/senoticias1\" target=\"_blank\"><b>Facebook<\/b><span class=\"apple-converted-space\"><b>\u00a0<\/b><\/span><\/a><strong>e no<\/strong><span class=\"apple-converted-space\"><b>\u00a0<\/b><\/span><a href=\"https:\/\/www.instagram.com\/senoticias\/\" target=\"_blank\"><b>Instagram<\/b><\/a><\/p>\n<p style=\"text-align: justify;\">Por Ag\u00eancia Brasil<\/p>\n<p style=\"text-align: justify;\">\n","protected":false},"excerpt":{"rendered":"<p>O resultado da edi\u00e7\u00e3o do segundo semestre do Programa Universidade para Todos (ProUni) j\u00e1 est\u00e1 dispon\u00edvel na internet. O prazo para se candidatar a uma bolsa do programa terminou na sexta-feira (9) e, at\u00e9 as 12 h daquele dia, o sistema registrou mais de 370 mil estudantes inscritos e mais de 720 mil inscri\u00e7\u00f5es. O [&hellip;]<\/p>\n","protected":false},"author":2,"featured_media":0,"comment_status":"closed","ping_status":"closed","sticky":false,"template":"","format":"standard","meta":{"footnotes":""},"categories":[8],"tags":[1306,896,843],"class_list":{"0":"post-103954","1":"post","2":"type-post","3":"status-publish","4":"format-standard","6":"category-esporte-e-cultura","7":"tag-educacao","8":"tag-mec","9":"tag-prouni"},"_links":{"self":[{"href":"https:\/\/senoticias.com.br\/se\/wp-json\/wp\/v2\/posts\/103954"}],"collection":[{"href":"https:\/\/senoticias.com.br\/se\/wp-json\/wp\/v2\/posts"}],"about":[{"href":"https:\/\/senoticias.com.br\/se\/wp-json\/wp\/v2\/types\/post"}],"author":[{"embeddable":true,"href":"https:\/\/senoticias.com.br\/se\/wp-json\/wp\/v2\/users\/2"}],"replies":[{"embeddable":true,"href":"https:\/\/senoticias.com.br\/se\/wp-json\/wp\/v2\/comments?post=103954"}],"version-history":[{"count":0,"href":"https:\/\/senoticias.com.br\/se\/wp-json\/wp\/v2\/posts\/103954\/revisions"}],"wp:attachment":[{"href":"https:\/\/senoticias.com.br\/se\/wp-json\/wp\/v2\/media?parent=103954"}],"wp:term":[{"taxonomy":"category","embeddable":true,"href":"https:\/\/senoticias.com.br\/se\/wp-json\/wp\/v2\/categories?post=103954"},{"taxonomy":"post_tag","embeddable":true,"href":"https:\/\/senoticias.com.br\/se\/wp-json\/wp\/v2\/tags?post=103954"}],"curies":[{"name":"wp","href":"https:\/\/api.w.org\/{rel}","templated":true}]}}