{"id":103939,"date":"2017-06-11T18:58:40","date_gmt":"2017-06-11T21:58:40","guid":{"rendered":"http:\/\/senoticias.com.br\/se\/?p=103939"},"modified":"2017-06-12T16:41:35","modified_gmt":"2017-06-12T19:41:35","slug":"confusao-em-festa-na-baixa-da-cachorrinha-acaba-com-quatro-pessoas-feridas","status":"publish","type":"post","link":"https:\/\/senoticias.com.br\/se\/confusao-em-festa-na-baixa-da-cachorrinha-acaba-com-quatro-pessoas-feridas\/","title":{"rendered":"Confus\u00e3o em festa na Baixa da Cachorrinha acaba com quatro pessoas feridas"},"content":{"rendered":"<p style=\"text-align: justify;\">Uma confus\u00e3o durante a 9\u00aa edi\u00e7\u00e3o do Arrasta P\u00e9 do 18 do Forte, conhecido como maior S\u00e3o Jo\u00e3o do Bairro de Aracaju, realizado na noite deste s\u00e1bado (10). A confus\u00e3o generalizada come\u00e7ou durante a madrugada deste domingo (11). O Samu informou que quatro pessoas ficaram feridas e foram encaminhadas ao hospital.<\/p>\n<p>O palco da festa foi montado na Avenida Saneamento, localidade conhecida como \u2018Baixa da Cachorrinha\u2019.<\/p>\n<div id=\"attachment_103940\" style=\"width: 609px\" class=\"wp-caption aligncenter\"><img loading=\"lazy\" decoding=\"async\" aria-describedby=\"caption-attachment-103940\" class=\"size-full wp-image-103940\" src=\"http:\/\/senoticias.com.br\/se\/wp-content\/uploads\/2017\/06\/Baixa-da-cachorrinha-senoticias-e1497218135687.jpeg\" alt=\"Internauta relata que homem levou um tiro no bra\u00e7o e pessoas foram pisoteadas.\" width=\"599\" height=\"1065\" \/><p id=\"caption-attachment-103940\" class=\"wp-caption-text\">Internauta relata que um amigo levou um tiro no bra\u00e7o e pessoas foram pisoteadas. (Foto: redes sociais)<\/p><\/div>\n<div class=\"mc-column content-text active-extra-styles \" data-block-type=\"unstyled\" data-block-weight=\"32\">\n<p class=\"content-text__container \" style=\"text-align: justify;\" data-track-category=\"Link no Texto\" data-track-links=\"\">A manh\u00e3 deste domingo foi de muito trabalho para quem estava desmontando a estrutura e fazendo a limpeza da \u00e1rea. O evento est\u00e1 na nona edi\u00e7\u00e3o e costuma reunir um grande p\u00fablico.<\/p>\n<\/div>\n<div class=\"mc-column content-text active-extra-styles \" data-block-type=\"unstyled\" data-block-weight=\"26\">\n<p class=\"content-text__container \" style=\"text-align: justify;\" data-track-category=\"Link no Texto\" data-track-links=\"\">Ainda n\u00e3o se sabe o motivo da confus\u00e3o generalizada. Segundo testemunhas, uma suposta briga, que n\u00e3o foi controlada, teria dado in\u00edcio ao tumulto dentro do evento.<\/p>\n<p class=\"content-text__container \" style=\"text-align: justify;\" data-track-category=\"Link no Texto\" data-track-links=\"\">O evento teve atra\u00e7\u00f5es \u00e0s seguintes atra\u00e7\u00f5es: \u00a0Calcinha Preta, M\u00e1rcia Felipe, Gil Mendes, Xande e Nanda,\u00a0Luan Estilizado e Roj\u00e3o Diferente.<\/p>\n<\/div>\n<p><img loading=\"lazy\" decoding=\"async\" class=\"aligncenter size-full wp-image-103836\" src=\"http:\/\/senoticias.com.br\/se\/wp-content\/uploads\/2017\/06\/Logo-fone-1-2-1-2-4-2.jpg\" alt=\"Logo-fone-1-2-1-2-4-2\" width=\"599\" height=\"78\" srcset=\"https:\/\/senoticias.com.br\/se\/wp-content\/uploads\/2017\/06\/Logo-fone-1-2-1-2-4-2.jpg 599w, https:\/\/senoticias.com.br\/se\/wp-content\/uploads\/2017\/06\/Logo-fone-1-2-1-2-4-2-300x39.jpg 300w\" sizes=\"(max-width: 599px) 100vw, 599px\" \/><\/p>\n<p>&nbsp;<\/p>\n<p><strong>Acompanhe tamb\u00e9m o SE Not\u00edcias no<\/strong><span class=\"apple-converted-space\"><b>\u00a0<\/b><\/span><a href=\"https:\/\/twitter.com\/Senoticias\" target=\"_blank\"><b>Twitter<\/b><\/a><strong>,<\/strong><span class=\"apple-converted-space\"><b>\u00a0<\/b><\/span><a href=\"https:\/\/www.facebook.com\/senoticias1\" target=\"_blank\"><b>Facebook<\/b><span class=\"apple-converted-space\"><b>\u00a0<\/b><\/span><\/a><strong>e no<\/strong><span class=\"apple-converted-space\"><b>\u00a0<\/b><\/span><a href=\"https:\/\/www.instagram.com\/senoticias\/\" target=\"_blank\"><b>Instagram<\/b><\/a><\/p>\n<p><em>Com informa\u00e7\u00f5es do G1 SE<\/em><\/p>\n<p>&nbsp;<\/p>\n","protected":false},"excerpt":{"rendered":"<p>Uma confus\u00e3o durante a 9\u00aa edi\u00e7\u00e3o do Arrasta P\u00e9 do 18 do Forte, conhecido como maior S\u00e3o Jo\u00e3o do Bairro de Aracaju, realizado na noite deste s\u00e1bado (10). A confus\u00e3o generalizada come\u00e7ou durante a madrugada deste domingo (11). O Samu informou que quatro pessoas ficaram feridas e foram encaminhadas ao hospital. O palco da festa [&hellip;]<\/p>\n","protected":false},"author":2,"featured_media":103940,"comment_status":"closed","ping_status":"closed","sticky":false,"template":"","format":"standard","meta":{"footnotes":""},"categories":[15,7],"tags":[4110,4107,4108,4109],"class_list":{"0":"post-103939","1":"post","2":"type-post","3":"status-publish","4":"format-standard","5":"has-post-thumbnail","7":"category-destaques","8":"category-policia","9":"tag-arrasta-pe","10":"tag-baixa-da-cachorrinha","11":"tag-confusao","12":"tag-festa-na-baixa-da-cachorrinha"},"_links":{"self":[{"href":"https:\/\/senoticias.com.br\/se\/wp-json\/wp\/v2\/posts\/103939"}],"collection":[{"href":"https:\/\/senoticias.com.br\/se\/wp-json\/wp\/v2\/posts"}],"about":[{"href":"https:\/\/senoticias.com.br\/se\/wp-json\/wp\/v2\/types\/post"}],"author":[{"embeddable":true,"href":"https:\/\/senoticias.com.br\/se\/wp-json\/wp\/v2\/users\/2"}],"replies":[{"embeddable":true,"href":"https:\/\/senoticias.com.br\/se\/wp-json\/wp\/v2\/comments?post=103939"}],"version-history":[{"count":0,"href":"https:\/\/senoticias.com.br\/se\/wp-json\/wp\/v2\/posts\/103939\/revisions"}],"wp:featuredmedia":[{"embeddable":true,"href":"https:\/\/senoticias.com.br\/se\/wp-json\/wp\/v2\/media\/103940"}],"wp:attachment":[{"href":"https:\/\/senoticias.com.br\/se\/wp-json\/wp\/v2\/media?parent=103939"}],"wp:term":[{"taxonomy":"category","embeddable":true,"href":"https:\/\/senoticias.com.br\/se\/wp-json\/wp\/v2\/categories?post=103939"},{"taxonomy":"post_tag","embeddable":true,"href":"https:\/\/senoticias.com.br\/se\/wp-json\/wp\/v2\/tags?post=103939"}],"curies":[{"name":"wp","href":"https:\/\/api.w.org\/{rel}","templated":true}]}}