{"id":103920,"date":"2017-06-10T13:26:58","date_gmt":"2017-06-10T16:26:58","guid":{"rendered":"http:\/\/senoticias.com.br\/se\/?p=103920"},"modified":"2017-06-10T20:26:19","modified_gmt":"2017-06-10T23:26:19","slug":"confira-as-atracoes-do-sao-joao-de-itaporanga-dajuda","status":"publish","type":"post","link":"https:\/\/senoticias.com.br\/se\/confira-as-atracoes-do-sao-joao-de-itaporanga-dajuda\/","title":{"rendered":"Confira as atra\u00e7\u00f5es do S\u00e3o Jo\u00e3o de Itaporanga D&#8217;Ajuda"},"content":{"rendered":"<p style=\"text-align: justify;\">A Prefeitura de Itaporanga D\u2019Ajuda divulga a programa\u00e7\u00e3o oficial do S\u00e3o Jo\u00e3o 2017 nesta sexta-feira, 9, que contar\u00e1 com tr\u00eas dias de festa e 12 atra\u00e7\u00f5es, entre elas est\u00e3o artistas locais e nacionais. Com o tema \u201cVenha curtir e se emocionar\u201d, a Prefeitura promete que a Festa, que j\u00e1 \u00e9 tradi\u00e7\u00e3o na cidade, este ano ficar\u00e1 marcada na hist\u00f3ria do munic\u00edpio.<\/p>\n<div id=\"attachment_103921\" style=\"width: 609px\" class=\"wp-caption aligncenter\"><img loading=\"lazy\" decoding=\"async\" aria-describedby=\"caption-attachment-103921\" class=\"size-full wp-image-103921\" src=\"http:\/\/senoticias.com.br\/se\/wp-content\/uploads\/2017\/06\/iTAPORANGA-SENOTICIAS-e1497111868876.jpg\" alt=\"Programa\u00e7\u00e3o Oficial do S\u00e3o Jo\u00e3o de Itaporanga\" width=\"599\" height=\"597\" \/><p id=\"caption-attachment-103921\" class=\"wp-caption-text\">Programa\u00e7\u00e3o do S\u00e3o Jo\u00e3o de Itaporanga (Foto arte: ascom\/Itaporanga)<\/p><\/div>\n<p style=\"text-align: justify;\">A programa\u00e7\u00e3o dos Festejos Juninos de Itaporanga inicia no dia 17 de junho com o 21\u00ba Concurso de Quadrilhas Juninas, que acontece no Gin\u00e1sio de Esportes Governador Jo\u00e3o Alves Filho, a partir das 14h. S\u00e3o seis quadrilhas, exclusivamente do munic\u00edpio, que disputam o t\u00edtulo de melhor quadrilha junina de Itaporanga. O concurso j\u00e1 \u00e9 tradi\u00e7\u00e3o na cidade e todos os anos re\u00fane milhares de pessoas no Gin\u00e1sio de Esportes do munic\u00edpio, que prestigiam uma das fortes manifesta\u00e7\u00f5es culturais que a cidade possui.<\/p>\n<p style=\"text-align: justify;\">Na quinta-feira, 22, inicia a programa\u00e7\u00e3o na Pra\u00e7a de Eventos com shows de artistas nacionais e locais. Quem abre as comemora\u00e7\u00f5es \u00e9 a banda itaporanguense Cabana de Luxo, em seguida o p\u00fablico conta com o show da banda Unha Pintada, que j\u00e1 fen\u00f4meno em todo o Estado. A maior atra\u00e7\u00e3o da noite \u00e9 dupla Zez\u00e9 di Camargo e Luciano, que toca pela primeira vez em Itaporanga e promete atrair um grande p\u00fablico, entre os milhares de f\u00e3s. Encerrando a noite, o cantor Avine Vinny, que tamb\u00e9m \u00e9 sucesso em todo Nordeste, far\u00e1 a alegria dos forrozeiros.<\/p>\n<p style=\"text-align: justify;\">No segundo dia de festa, sexta-feira, 23, a cantora Samyra Show sobe ao palco 1h da madrugada e promete levar o p\u00fablico a loucura com os seus sucessos. A noite contar\u00e1 ainda com shows da banda Farra de Bar\u00e3o, da dupla Xand e Nanda e do cantor Igor Ativado.<\/p>\n<p style=\"text-align: justify;\">Encerrando a programa\u00e7\u00e3o do S\u00e3o Jo\u00e3o, no s\u00e1bado, 24, acontece a tradicional Cavalgada de S\u00e3o Jo\u00e3o, que sai do povoado Salvador \u00e0s 16h, em dire\u00e7\u00e3o a sede do munic\u00edpio. <strong>Puxando\u00a0a<\/strong> <strong>cavalgada<\/strong> a banda Forroz\u00e3o Argol\u00e3o de Ouro far\u00e1 a anima\u00e7\u00e3o dos cavaleiros e amazonas. J\u00e1 a noite, na pra\u00e7a de eventos, o p\u00fablico conta com os shows de Danielzinho e Forroz\u00e3o Quarto de Milha, S\u00e9rgio Lucas e banda Roj\u00e3o Diferente.<\/p>\n<p style=\"text-align: justify;\"><strong>Visita a imprensa<\/strong><\/p>\n<p style=\"text-align: justify;\">Durante a manh\u00e3 desta sexta-feira, 9, uma equipe da Secretaria Municipal de Cultura e Turismo e da Assessoria de Comunica\u00e7\u00e3o Social visitaram diversos meios de comunica\u00e7\u00e3o, em Aracaju, com o objetivo de divulgar a programa\u00e7\u00e3o oficial do S\u00e3o Jo\u00e3o e convidar a imprensa e toda a popula\u00e7\u00e3o a estar presente nos Festejos Juninos do Munic\u00edpio.<\/p>\n<p style=\"text-align: justify;\">Com um casal de quadrilheiros e uma parte da banda Cabana de Luxo, a equipe levou alegria as reda\u00e7\u00f5es jornal\u00edsticas, fazendo um convite bem atrativo a todos. Al\u00e9m disso, alguns programas de r\u00e1dio cederam um espa\u00e7o para que a equipe pudesse convidar toda a popula\u00e7\u00e3o para estar presente nos dias de festa na cidade.<\/p>\n<p style=\"text-align: justify;\"><img loading=\"lazy\" decoding=\"async\" class=\"aligncenter size-full wp-image-103836\" src=\"http:\/\/senoticias.com.br\/se\/wp-content\/uploads\/2017\/06\/Logo-fone-1-2-1-2-4-2.jpg\" alt=\"Logo-fone-1-2-1-2-4-2\" width=\"599\" height=\"78\" srcset=\"https:\/\/senoticias.com.br\/se\/wp-content\/uploads\/2017\/06\/Logo-fone-1-2-1-2-4-2.jpg 599w, https:\/\/senoticias.com.br\/se\/wp-content\/uploads\/2017\/06\/Logo-fone-1-2-1-2-4-2-300x39.jpg 300w\" sizes=\"(max-width: 599px) 100vw, 599px\" \/><\/p>\n<p style=\"text-align: justify;\"><strong>Acompanhe tamb\u00e9m o SE Not\u00edcias no<\/strong><span class=\"apple-converted-space\"><b>\u00a0<\/b><\/span><a href=\"https:\/\/twitter.com\/Senoticias\" target=\"_blank\"><b>Twitter<\/b><\/a><strong>,<\/strong><span class=\"apple-converted-space\"><b>\u00a0<\/b><\/span><a href=\"https:\/\/www.facebook.com\/senoticias1\" target=\"_blank\"><b>Facebook<\/b><span class=\"apple-converted-space\"><b>\u00a0<\/b><\/span><\/a><strong>e no<\/strong><span class=\"apple-converted-space\"><b>\u00a0<\/b><\/span><a href=\"https:\/\/www.instagram.com\/senoticias\/\" target=\"_blank\"><b>Instagram<\/b><\/a><\/p>\n<p><em>*Com informa\u00e7\u00f5es da ascom\/Itaporanga<\/em><\/p>\n","protected":false},"excerpt":{"rendered":"<p>A Prefeitura de Itaporanga D\u2019Ajuda divulga a programa\u00e7\u00e3o oficial do S\u00e3o Jo\u00e3o 2017 nesta sexta-feira, 9, que contar\u00e1 com tr\u00eas dias de festa e 12 atra\u00e7\u00f5es, entre elas est\u00e3o artistas locais e nacionais. Com o tema \u201cVenha curtir e se emocionar\u201d, a Prefeitura promete que a Festa, que j\u00e1 \u00e9 tradi\u00e7\u00e3o na cidade, este ano [&hellip;]<\/p>\n","protected":false},"author":2,"featured_media":103921,"comment_status":"closed","ping_status":"closed","sticky":false,"template":"","format":"standard","meta":{"footnotes":""},"categories":[21,38],"tags":[4092,4093,1007],"class_list":{"0":"post-103920","1":"post","2":"type-post","3":"status-publish","4":"format-standard","5":"has-post-thumbnail","7":"category-entretenimento","8":"category-municipios","9":"tag-atracoes","10":"tag-itaporanga-d-ajuda","11":"tag-sao-joao"},"_links":{"self":[{"href":"https:\/\/senoticias.com.br\/se\/wp-json\/wp\/v2\/posts\/103920"}],"collection":[{"href":"https:\/\/senoticias.com.br\/se\/wp-json\/wp\/v2\/posts"}],"about":[{"href":"https:\/\/senoticias.com.br\/se\/wp-json\/wp\/v2\/types\/post"}],"author":[{"embeddable":true,"href":"https:\/\/senoticias.com.br\/se\/wp-json\/wp\/v2\/users\/2"}],"replies":[{"embeddable":true,"href":"https:\/\/senoticias.com.br\/se\/wp-json\/wp\/v2\/comments?post=103920"}],"version-history":[{"count":0,"href":"https:\/\/senoticias.com.br\/se\/wp-json\/wp\/v2\/posts\/103920\/revisions"}],"wp:featuredmedia":[{"embeddable":true,"href":"https:\/\/senoticias.com.br\/se\/wp-json\/wp\/v2\/media\/103921"}],"wp:attachment":[{"href":"https:\/\/senoticias.com.br\/se\/wp-json\/wp\/v2\/media?parent=103920"}],"wp:term":[{"taxonomy":"category","embeddable":true,"href":"https:\/\/senoticias.com.br\/se\/wp-json\/wp\/v2\/categories?post=103920"},{"taxonomy":"post_tag","embeddable":true,"href":"https:\/\/senoticias.com.br\/se\/wp-json\/wp\/v2\/tags?post=103920"}],"curies":[{"name":"wp","href":"https:\/\/api.w.org\/{rel}","templated":true}]}}