{"id":103918,"date":"2017-06-09T21:40:17","date_gmt":"2017-06-10T00:40:17","guid":{"rendered":"http:\/\/senoticias.com.br\/se\/?p=103918"},"modified":"2017-06-11T15:52:50","modified_gmt":"2017-06-11T18:52:50","slug":"com-voto-decisivo-de-gilmar-mendes-chapa-dilma-temer-e-absolvida-no-tse","status":"publish","type":"post","link":"https:\/\/senoticias.com.br\/se\/com-voto-decisivo-de-gilmar-mendes-chapa-dilma-temer-e-absolvida-no-tse\/","title":{"rendered":"Com voto decisivo de Gilmar Mendes, chapa Dilma-Temer \u00e9 absolvida no TSE"},"content":{"rendered":"<p style=\"text-align: justify;\">A chapa Dilma-Temer \u00e9 absolvida no Tribunal Superior Eleitoral (TSE), na noite desta sexta-feira (9\/6). Por quatro votos a tr\u00eas, os ministros conclu\u00edram que n\u00e3o houve abuso de poder pol\u00edtico e econ\u00f4mico por parte dos vencedores das elei\u00e7\u00f5es de 2014.<\/p>\n<div id=\"attachment_103919\" style=\"width: 609px\" class=\"wp-caption aligncenter\"><img loading=\"lazy\" decoding=\"async\" aria-describedby=\"caption-attachment-103919\" class=\"size-full wp-image-103919\" src=\"http:\/\/senoticias.com.br\/se\/wp-content\/uploads\/2017\/06\/Gilmar-Mendes-SENOTICIAS-e1497055056943.jpeg\" alt=\"Por quatro votos a tr\u00eas, os ministros conclu\u00edram que n\u00e3o houve abuso de poder pol\u00edtico e econ\u00f4mico\" width=\"599\" height=\"399\" \/><p id=\"caption-attachment-103919\" class=\"wp-caption-text\">Por quatro votos a tr\u00eas, os ministros conclu\u00edram que n\u00e3o houve abuso de poder pol\u00edtico e econ\u00f4mico. (Foto: divulga\u00e7\u00e3o\/TSE)<\/p><\/div>\n<p style=\"text-align: justify;\">O placar j\u00e1 estava come\u00e7ando a se desenhar na quinta-feira. Na mesma noite, os magistrados decidiram pela exclus\u00e3o dos depoimentos dos delatores da Odebrecht do processo que pedia a cassa\u00e7\u00e3o da chapa. O relator Herman tentou, com grande insist\u00eancia e um longo voto, convencer os colegas que a Lava-Jato entrasse no julgamento. Conhecido pela rigidez e seriedade, ele tamb\u00e9m defendeu a condena\u00e7\u00e3o dos pol\u00edticos.<\/p>\n<p><strong>Como foram os votos<\/strong><\/p>\n<p style=\"text-align: justify;\">O ministro Herman Benjamin votou pela cassa\u00e7\u00e3o da chapa. Conforme ele, o processo comprovou abusos de poder econ\u00f4mico e pol\u00edtico durante a campanha eleitoral. No caso espec\u00edfico relacionado a uma poss\u00edvel separa\u00e7\u00e3o de contas, o magistrado destacou que est\u00e1 comprovado nos autos processuais que as despesas do ent\u00e3o candidato a vice foram pagas com recursos do caixa comum da campanha presidencial.<\/p>\n<p style=\"text-align: justify;\">O ministro Napole\u00e3o Nunes Maia foi o segundo a votar, contra a cassa\u00e7\u00e3o. Ele, que j\u00e1 havia se manifestado contr\u00e1rio ao uso dos depoimentos dos delatores da Odebrecht no processo, defendeu que as propinas pagas pela empreiteira a pol\u00edticos t\u00eam que ser investigada na esfera criminal, n\u00e3o eleitoral.<\/p>\n<p style=\"text-align: justify;\">Terceiro ministro a falar, Admar Gonzaga acompanhou Napole\u00e3o Nunes e desempatou, pr\u00f3-Temer, o julgamento do pedido de cassa\u00e7\u00e3o da chapa presidencial de 2014. Ele tamb\u00e9m confirmou que a a\u00e7\u00e3o levaria em conta as dela\u00e7\u00f5es ou os depoimentos prestados pelos ex-executivos da Odebrecht.<\/p>\n<p style=\"text-align: justify;\">O ministro Tarcisio Vieira foi o terceiro a votar. O magistrado, que seguiu os entendimentos dos ju\u00edzes Napole\u00e3o Nunes e Admar Gonzaga, destacou que faria distin\u00e7\u00e3o entre as fases pr\u00e9 e p\u00f3s Odebrecht. Vieira diz que n\u00e3o h\u00e1 como aferir credibilidade dos testemunhos dos delatores, que devem ser relativizados, com cautela.<\/p>\n<p style=\"text-align: justify;\">O ministro Luiz Fux acompanhou o relator Herman Benjamin e defendeu a cassa\u00e7\u00e3o da chapa Dilma-Temer. Alegou que existem provas inequ\u00edvocas de abuso de poder econ\u00f4mico e pagamento de propinas para financiar campanhas eleitorais. E moeu o argumento de outros ministros de que as dela\u00e7\u00f5es da Odebrecht n\u00e3o deveriam ser levadas em conta no processo.<\/p>\n<p style=\"text-align: justify;\">Antes do voto de minerva de Gilmar Mendes, a ministra Rosa Weber pediu a cassa\u00e7\u00e3o da chapa. Ela voltou a afirmar que as dela\u00e7\u00f5es dos ex-executivos da Odebrecht deveriam ter sido inclu\u00eddas no processo. Ela ainda ressaltou que o voto do relator era &#8220;hist\u00f3rico&#8221;.<\/p>\n<p>O ministro Gilmar Mendes votou pela absolvi\u00e7\u00e3o, o que n\u00e3o foi nenhuma surpresa, pois ele j\u00e1 havia deixado claro sua posi\u00e7\u00e3o ao longo do julgamento, marcado por diversos embates entre os ju\u00edzes.<\/p>\n<p><strong>PLACAR<\/strong><\/p>\n<p>A favor<br \/>\nHerman Benjamin (relator)<br \/>\nLuiz Fux<br \/>\nRosa Weber<\/p>\n<p>Contra<br \/>\nNapole\u00e3o Nunes<br \/>\nAdmar Gonzaga<br \/>\nTarc\u00edsio Vieira<br \/>\nGilmar Mendes<\/p>\n<p><img loading=\"lazy\" decoding=\"async\" class=\"aligncenter size-full wp-image-103836\" src=\"http:\/\/senoticias.com.br\/se\/wp-content\/uploads\/2017\/06\/Logo-fone-1-2-1-2-4-2.jpg\" alt=\"Logo-fone-1-2-1-2-4-2\" width=\"599\" height=\"78\" srcset=\"https:\/\/senoticias.com.br\/se\/wp-content\/uploads\/2017\/06\/Logo-fone-1-2-1-2-4-2.jpg 599w, https:\/\/senoticias.com.br\/se\/wp-content\/uploads\/2017\/06\/Logo-fone-1-2-1-2-4-2-300x39.jpg 300w\" sizes=\"(max-width: 599px) 100vw, 599px\" \/><\/p>\n<p><strong>Acompanhe tamb\u00e9m o SE Not\u00edcias no<\/strong><span class=\"apple-converted-space\"><b>\u00a0<\/b><\/span><a href=\"https:\/\/twitter.com\/Senoticias\" target=\"_blank\"><b>Twitter<\/b><\/a><strong>,<\/strong><span class=\"apple-converted-space\"><b>\u00a0<\/b><\/span><a href=\"https:\/\/www.facebook.com\/senoticias1\" target=\"_blank\"><b>Facebook<\/b><span class=\"apple-converted-space\"><b>\u00a0<\/b><\/span><\/a><strong>e no<\/strong><span class=\"apple-converted-space\"><b>\u00a0<\/b><\/span><a href=\"https:\/\/www.instagram.com\/senoticias\/\" target=\"_blank\"><b>Instagram<\/b><\/a><\/p>\n<p><em>Reda\u00e7\u00e3o <a href=\"http:\/\/www.correiobraziliense.com.br\/app\/noticia\/politica\/2017\/06\/09\/internas_polbraeco,601537\/chapa-dilma-temer-e-absolvida-por-ministros-do-tse.shtml\">Correio Brasiliense<\/a><\/em><\/p>\n","protected":false},"excerpt":{"rendered":"<p>A chapa Dilma-Temer \u00e9 absolvida no Tribunal Superior Eleitoral (TSE), na noite desta sexta-feira (9\/6). Por quatro votos a tr\u00eas, os ministros conclu\u00edram que n\u00e3o houve abuso de poder pol\u00edtico e econ\u00f4mico por parte dos vencedores das elei\u00e7\u00f5es de 2014. O placar j\u00e1 estava come\u00e7ando a se desenhar na quinta-feira. Na mesma noite, os magistrados [&hellip;]<\/p>\n","protected":false},"author":2,"featured_media":103919,"comment_status":"closed","ping_status":"closed","sticky":false,"template":"","format":"standard","meta":{"footnotes":""},"categories":[15,6],"tags":[4090,4089,4088,4091],"class_list":{"0":"post-103918","1":"post","2":"type-post","3":"status-publish","4":"format-standard","5":"has-post-thumbnail","7":"category-destaques","8":"category-politica","9":"tag-chapa-dilma-temer","10":"tag-dilma-temer-e-absolvida-no-tse","11":"tag-gilmar-mendes","12":"tag-voto-decisivo"},"_links":{"self":[{"href":"https:\/\/senoticias.com.br\/se\/wp-json\/wp\/v2\/posts\/103918"}],"collection":[{"href":"https:\/\/senoticias.com.br\/se\/wp-json\/wp\/v2\/posts"}],"about":[{"href":"https:\/\/senoticias.com.br\/se\/wp-json\/wp\/v2\/types\/post"}],"author":[{"embeddable":true,"href":"https:\/\/senoticias.com.br\/se\/wp-json\/wp\/v2\/users\/2"}],"replies":[{"embeddable":true,"href":"https:\/\/senoticias.com.br\/se\/wp-json\/wp\/v2\/comments?post=103918"}],"version-history":[{"count":0,"href":"https:\/\/senoticias.com.br\/se\/wp-json\/wp\/v2\/posts\/103918\/revisions"}],"wp:featuredmedia":[{"embeddable":true,"href":"https:\/\/senoticias.com.br\/se\/wp-json\/wp\/v2\/media\/103919"}],"wp:attachment":[{"href":"https:\/\/senoticias.com.br\/se\/wp-json\/wp\/v2\/media?parent=103918"}],"wp:term":[{"taxonomy":"category","embeddable":true,"href":"https:\/\/senoticias.com.br\/se\/wp-json\/wp\/v2\/categories?post=103918"},{"taxonomy":"post_tag","embeddable":true,"href":"https:\/\/senoticias.com.br\/se\/wp-json\/wp\/v2\/tags?post=103918"}],"curies":[{"name":"wp","href":"https:\/\/api.w.org\/{rel}","templated":true}]}}