{"id":103914,"date":"2017-06-09T20:52:06","date_gmt":"2017-06-09T23:52:06","guid":{"rendered":"http:\/\/senoticias.com.br\/se\/?p=103914"},"modified":"2017-06-10T20:17:04","modified_gmt":"2017-06-10T23:17:04","slug":"presidente-da-camara-de-vereadores-e-motorista-sao-mortos-a-tiros-no-interior-de-sergipe","status":"publish","type":"post","link":"https:\/\/senoticias.com.br\/se\/presidente-da-camara-de-vereadores-e-motorista-sao-mortos-a-tiros-no-interior-de-sergipe\/","title":{"rendered":"Presidente de C\u00e2mara de vereadores e motorista s\u00e3o mortos a tiros no interior de Sergipe"},"content":{"rendered":"<p style=\"text-align: justify;\">Jailton Martins de Carvalho, conhecido como Jailton do Pre\u00e1, atual presidente da C\u00e2mara de Vereadores de Carira e seu \u00a0motorista foram assassinados\u00a0a tiros no in\u00edcio da noite desta sexta-feira (9).<\/p>\n<p><img loading=\"lazy\" decoding=\"async\" class=\"size-full wp-image-100929\" src=\"http:\/\/senoticias.com.br\/se\/wp-content\/uploads\/2017\/02\/urgente-e1487843079995.jpg\" alt=\"Opera\u00e7\u00e3o come\u00e7ou em mar\u00e7o de 2014 e investiga esquema de corrup\u00e7\u00e3o\" width=\"599\" height=\"310\" \/><\/p>\n<p style=\"text-align: justify;\">A Secretaria de Seguran\u00e7a P\u00fablica de Sergipe informa que o Complexo de Opera\u00e7\u00f5es Policiais Especiais da Pol\u00edcia Civil (Cope) foi designado para dar in\u00edcio \u00e0s investiga\u00e7\u00f5es relativas ao crime ocorrido no in\u00edcio da noite desta sexta-feira, 09, no munic\u00edpio de Carira, que vitimou o presidente da C\u00e2mara de Vereadores do Munic\u00edpio, Jailton Martins de Carvalho, mais conhecido como &#8220;Jailton do Pre\u00e1&#8221;, e o seu motorista, identificado como Jos\u00e9 Valter.<\/p>\n<p style=\"text-align: justify;\">Sobre o crime, segundo levantamentos iniciais, ocorreu no momento em que os dois estavam chegando no povoado Matadouro Novo, quando dois homens se aproximaram em uma motocicleta e efetuaram disparos de arma de fogo contra as duas v\u00edtimas.<\/p>\n<p style=\"text-align: justify;\"><img loading=\"lazy\" decoding=\"async\" class=\"aligncenter size-full wp-image-103836\" src=\"http:\/\/senoticias.com.br\/se\/wp-content\/uploads\/2017\/06\/Logo-fone-1-2-1-2-4-2.jpg\" alt=\"Logo-fone-1-2-1-2-4-2\" width=\"599\" height=\"78\" srcset=\"https:\/\/senoticias.com.br\/se\/wp-content\/uploads\/2017\/06\/Logo-fone-1-2-1-2-4-2.jpg 599w, https:\/\/senoticias.com.br\/se\/wp-content\/uploads\/2017\/06\/Logo-fone-1-2-1-2-4-2-300x39.jpg 300w\" sizes=\"(max-width: 599px) 100vw, 599px\" \/><\/p>\n<p style=\"text-align: justify;\"><strong>Acompanhe tamb\u00e9m o SE Not\u00edcias no<\/strong><span class=\"apple-converted-space\"><b>\u00a0<\/b><\/span><a href=\"https:\/\/twitter.com\/Senoticias\" target=\"_blank\"><b>Twitter<\/b><\/a><strong>,<\/strong><span class=\"apple-converted-space\"><b>\u00a0<\/b><\/span><a href=\"https:\/\/www.facebook.com\/senoticias1\" target=\"_blank\"><b>Facebook<\/b><span class=\"apple-converted-space\"><b>\u00a0<\/b><\/span><\/a><strong>e no<\/strong><span class=\"apple-converted-space\"><b>\u00a0<\/b><\/span><a href=\"https:\/\/www.instagram.com\/senoticias\/\" target=\"_blank\"><b>Instagram<\/b><\/a><\/p>\n<p style=\"text-align: justify;\"><em>Com informa\u00e7\u00f5es da SSP\/SE<\/em><\/p>\n","protected":false},"excerpt":{"rendered":"<p>Jailton Martins de Carvalho, conhecido como Jailton do Pre\u00e1, atual presidente da C\u00e2mara de Vereadores de Carira e seu \u00a0motorista foram assassinados\u00a0a tiros no in\u00edcio da noite desta sexta-feira (9). A Secretaria de Seguran\u00e7a P\u00fablica de Sergipe informa que o Complexo de Opera\u00e7\u00f5es Policiais Especiais da Pol\u00edcia Civil (Cope) foi designado para dar in\u00edcio \u00e0s [&hellip;]<\/p>\n","protected":false},"author":2,"featured_media":100929,"comment_status":"closed","ping_status":"closed","sticky":false,"template":"","format":"standard","meta":{"footnotes":""},"categories":[7],"tags":[],"class_list":{"0":"post-103914","1":"post","2":"type-post","3":"status-publish","4":"format-standard","5":"has-post-thumbnail","7":"category-policia"},"_links":{"self":[{"href":"https:\/\/senoticias.com.br\/se\/wp-json\/wp\/v2\/posts\/103914"}],"collection":[{"href":"https:\/\/senoticias.com.br\/se\/wp-json\/wp\/v2\/posts"}],"about":[{"href":"https:\/\/senoticias.com.br\/se\/wp-json\/wp\/v2\/types\/post"}],"author":[{"embeddable":true,"href":"https:\/\/senoticias.com.br\/se\/wp-json\/wp\/v2\/users\/2"}],"replies":[{"embeddable":true,"href":"https:\/\/senoticias.com.br\/se\/wp-json\/wp\/v2\/comments?post=103914"}],"version-history":[{"count":0,"href":"https:\/\/senoticias.com.br\/se\/wp-json\/wp\/v2\/posts\/103914\/revisions"}],"wp:featuredmedia":[{"embeddable":true,"href":"https:\/\/senoticias.com.br\/se\/wp-json\/wp\/v2\/media\/100929"}],"wp:attachment":[{"href":"https:\/\/senoticias.com.br\/se\/wp-json\/wp\/v2\/media?parent=103914"}],"wp:term":[{"taxonomy":"category","embeddable":true,"href":"https:\/\/senoticias.com.br\/se\/wp-json\/wp\/v2\/categories?post=103914"},{"taxonomy":"post_tag","embeddable":true,"href":"https:\/\/senoticias.com.br\/se\/wp-json\/wp\/v2\/tags?post=103914"}],"curies":[{"name":"wp","href":"https:\/\/api.w.org\/{rel}","templated":true}]}}