{"id":103903,"date":"2017-06-09T16:11:01","date_gmt":"2017-06-09T19:11:01","guid":{"rendered":"http:\/\/senoticias.com.br\/se\/?p=103903"},"modified":"2017-06-09T16:11:01","modified_gmt":"2017-06-09T19:11:01","slug":"policia-civil-elucida-latrocinio-que-vitimou-o-policial-paulo-sergio","status":"publish","type":"post","link":"https:\/\/senoticias.com.br\/se\/policia-civil-elucida-latrocinio-que-vitimou-o-policial-paulo-sergio\/","title":{"rendered":"Pol\u00edcia Civil elucida latroc\u00ednio que vitimou o policial Paulo S\u00e9rgio"},"content":{"rendered":"<p style=\"text-align: justify;\">\n<div id=\"attachment_103904\" style=\"width: 609px\" class=\"wp-caption aligncenter\"><img loading=\"lazy\" decoding=\"async\" aria-describedby=\"caption-attachment-103904\" class=\"size-full wp-image-103904\" src=\"http:\/\/senoticias.com.br\/se\/wp-content\/uploads\/2017\/06\/civil-SENOTICIAS-e1497035425194.jpg\" alt=\"As informa\u00e7\u00f5es da opera\u00e7\u00e3o que resultou na pris\u00e3o dos envolvidos ser\u00e3o divulgadas pr\u00f3xima segunda, 12. Foto: G1\" width=\"599\" height=\"449\" \/><p id=\"caption-attachment-103904\" class=\"wp-caption-text\">As informa\u00e7\u00f5es da opera\u00e7\u00e3o que resultou na pris\u00e3o dos envolvidos ser\u00e3o divulgadas pr\u00f3xima segunda, 12. Foto: G1<\/p><\/div>\n<p style=\"text-align: justify;\">A Pol\u00edcia Civil de Sergipe apresenta na manh\u00e3 da pr\u00f3xima segunda-feira, 12, \u00e0s 08h, na sala de imprensa da SSP, detalhes da investiga\u00e7\u00e3o conduzida pelo Complexo de Opera\u00e7\u00f5es Policiais Especiais (COPE), sobre o latroc\u00ednio que vitimou o policial civil Paulo S\u00e9rgio Souza de Jesus, 58 anos, ocorrido no \u00faltimo dia 04, em sua resid\u00eancia, na Barra dos Coqueiros.<\/p>\n<p style=\"text-align: justify;\">As informa\u00e7\u00f5es da opera\u00e7\u00e3o que resultou na pris\u00e3o dos envolvidos ser\u00e3o divulgadas em coletiva \u00e0 imprensa pela delegada-geral da Pol\u00edcia Civil, Katarina Feitosa e delegada Mayra Moinhos, do COPE, respons\u00e1vel pelas investiga\u00e7\u00f5es.<\/p>\n<p style=\"text-align: justify;\">\n<p style=\"text-align: justify;\"><img loading=\"lazy\" decoding=\"async\" class=\"aligncenter size-full wp-image-103836\" src=\"http:\/\/senoticias.com.br\/se\/wp-content\/uploads\/2017\/06\/Logo-fone-1-2-1-2-4-2.jpg\" alt=\"Logo-fone-1-2-1-2-4-2\" width=\"599\" height=\"78\" srcset=\"https:\/\/senoticias.com.br\/se\/wp-content\/uploads\/2017\/06\/Logo-fone-1-2-1-2-4-2.jpg 599w, https:\/\/senoticias.com.br\/se\/wp-content\/uploads\/2017\/06\/Logo-fone-1-2-1-2-4-2-300x39.jpg 300w\" sizes=\"(max-width: 599px) 100vw, 599px\" \/><\/p>\n<p><strong>Acompanhe tamb\u00e9m o SE Not\u00edcias no<\/strong><span class=\"apple-converted-space\"><b>\u00a0<\/b><\/span><a href=\"https:\/\/twitter.com\/Senoticias\" target=\"_blank\"><b>Twitter<\/b><\/a><strong>,<\/strong><span class=\"apple-converted-space\"><b>\u00a0<\/b><\/span><a href=\"https:\/\/www.facebook.com\/senoticias1\" target=\"_blank\"><b>Facebook<\/b><span class=\"apple-converted-space\"><b>\u00a0<\/b><\/span><\/a><strong>e no<\/strong><span class=\"apple-converted-space\"><b>\u00a0<\/b><\/span><a href=\"https:\/\/www.instagram.com\/senoticias\/\" target=\"_blank\"><b>Instagram<\/b><\/a><\/p>\n<p>Por SSP\/SE<\/p>\n","protected":false},"excerpt":{"rendered":"<p>A Pol\u00edcia Civil de Sergipe apresenta na manh\u00e3 da pr\u00f3xima segunda-feira, 12, \u00e0s 08h, na sala de imprensa da SSP, detalhes da investiga\u00e7\u00e3o conduzida pelo Complexo de Opera\u00e7\u00f5es Policiais Especiais (COPE), sobre o latroc\u00ednio que vitimou o policial civil Paulo S\u00e9rgio Souza de Jesus, 58 anos, ocorrido no \u00faltimo dia 04, em sua resid\u00eancia, na [&hellip;]<\/p>\n","protected":false},"author":2,"featured_media":0,"comment_status":"closed","ping_status":"closed","sticky":false,"template":"","format":"standard","meta":{"footnotes":""},"categories":[7],"tags":[4079,3179,1303],"class_list":{"0":"post-103903","1":"post","2":"type-post","3":"status-publish","4":"format-standard","6":"category-policia","7":"tag-coletiva","8":"tag-crime","9":"tag-policia"},"_links":{"self":[{"href":"https:\/\/senoticias.com.br\/se\/wp-json\/wp\/v2\/posts\/103903"}],"collection":[{"href":"https:\/\/senoticias.com.br\/se\/wp-json\/wp\/v2\/posts"}],"about":[{"href":"https:\/\/senoticias.com.br\/se\/wp-json\/wp\/v2\/types\/post"}],"author":[{"embeddable":true,"href":"https:\/\/senoticias.com.br\/se\/wp-json\/wp\/v2\/users\/2"}],"replies":[{"embeddable":true,"href":"https:\/\/senoticias.com.br\/se\/wp-json\/wp\/v2\/comments?post=103903"}],"version-history":[{"count":0,"href":"https:\/\/senoticias.com.br\/se\/wp-json\/wp\/v2\/posts\/103903\/revisions"}],"wp:attachment":[{"href":"https:\/\/senoticias.com.br\/se\/wp-json\/wp\/v2\/media?parent=103903"}],"wp:term":[{"taxonomy":"category","embeddable":true,"href":"https:\/\/senoticias.com.br\/se\/wp-json\/wp\/v2\/categories?post=103903"},{"taxonomy":"post_tag","embeddable":true,"href":"https:\/\/senoticias.com.br\/se\/wp-json\/wp\/v2\/tags?post=103903"}],"curies":[{"name":"wp","href":"https:\/\/api.w.org\/{rel}","templated":true}]}}