{"id":103892,"date":"2017-06-09T12:05:03","date_gmt":"2017-06-09T15:05:03","guid":{"rendered":"http:\/\/senoticias.com.br\/se\/?p=103892"},"modified":"2017-06-11T15:53:57","modified_gmt":"2017-06-11T18:53:57","slug":"procuradoria-regional-eleitoral-emite-nota-sobre-contas-de-edvaldo-nogueira","status":"publish","type":"post","link":"https:\/\/senoticias.com.br\/se\/procuradoria-regional-eleitoral-emite-nota-sobre-contas-de-edvaldo-nogueira\/","title":{"rendered":"Procuradoria Regional Eleitoral emite nota sobre contas de Edvaldo Nogueira"},"content":{"rendered":"<p style=\"text-align: justify;\"><span style=\"font-size: medium;\">Sobre a divulga\u00e7\u00e3o na imprensa dos documentos de instaura\u00e7\u00e3o de Procedimento de Investiga\u00e7\u00e3o Criminal em rela\u00e7\u00e3o \u00e0 campanha de Edvaldo Nogueira \u00e0 Prefeitura de Aracaju, a Procuradoria Regional Eleitoral em Sergipe (PRE\/SE) esclarece:<\/span><\/p>\n<div id=\"attachment_90389\" style=\"width: 609px\" class=\"wp-caption aligncenter\"><img loading=\"lazy\" decoding=\"async\" aria-describedby=\"caption-attachment-90389\" class=\"size-full wp-image-90389\" src=\"http:\/\/senoticias.com.br\/se\/wp-content\/uploads\/2016\/04\/SENOTICIAS-MPFSE-e1459952136753.jpg\" alt=\"a Procuradora Regional Eleitoral Eunice Dantas estar\u00e1 dispon\u00edvel para entrevistas na pr\u00f3xima segunda-feira,12 de junho, \u00e0s 10h, na sede do MPF. informa MPF\/SE . (Foto: arquivo\/ Marcos Couto)\" width=\"599\" height=\"450\" \/><p id=\"caption-attachment-90389\" class=\"wp-caption-text\">A Procuradora Regional Eleitoral Eunice Dantas estar\u00e1 dispon\u00edvel para entrevistas na pr\u00f3xima segunda-feira,12 de junho, \u00e0s 10h, na sede do MPF. informa MPF. (Foto: arquivo\/ Marcos Couto)<\/p><\/div>\n<p style=\"text-align: justify;\"><span style=\"font-size: medium;\"><br \/>\n<\/span><span style=\"font-size: medium;\"><br \/>\nNo dia 25 de abril a Procuradoria Regional Eleitoral em Sergipe (PRE\/SE) instaurou um Procedimento de Investiga\u00e7\u00e3o Criminal para apurar os fatos noticiados pela imprensa que davam conta de poss\u00edvel exist\u00eancia de Caixa 2 na campanha \u00e0 prefeitura de Aracaju de Edvaldo Nogueira nas elei\u00e7\u00f5es de 2016.<br \/>\n<\/span><span style=\"font-size: medium;\"><br \/>\n<\/span><span style=\"font-size: medium;\">Na \u00e9poca da instaura\u00e7\u00e3o, a PRE\/SE divulgou amplamente tanto a instaura\u00e7\u00e3o, quanto o pedido de informa\u00e7\u00f5es \u00e0 Justi\u00e7a Estadual sobre processo que investiga a atua\u00e7\u00e3o da empresa Torre Empreendimentos na coleta de lixo do Munic\u00edpio de Aracaju, no qual teriam sido apurados os fatos relacionados \u00e0s elei\u00e7\u00f5es de 2016.<\/span><br \/>\n<span style=\"font-size: medium;\">Al\u00e9m disso, j\u00e1 foi esclarecido \u00e0 \u00e9poca, e \u00e9 reiterado agora, que, no tocante ao ajuizamento de a\u00e7\u00f5es c\u00edveis eleitorais, que poderiam resultar em perda do mandato, decreta\u00e7\u00e3o de inelegibilidade e pagamento de multa, n\u00e3o havia mais prazo para o ingresso deste tipo de a\u00e7\u00e3o. A legisla\u00e7\u00e3o eleitoral determina que as a\u00e7\u00f5es c\u00edveis de perda de mandato s\u00f3 podem ser ajuizadas at\u00e9 15 dias depois da diploma\u00e7\u00e3o dos candidatos eleitos.<br \/>\n<\/span><br \/>\n<span style=\"font-size: medium;\">A PRE\/SE esclarece ainda que a investiga\u00e7\u00e3o criminal em quest\u00e3o \u00e9 restrita \u00e0 apura\u00e7\u00e3o de eventual pr\u00e1tica de caixa 2, conduta essa que caracteriza o crime de falsidade para fins eleitorais (Art. 350 do C\u00f3digo Eleitoral). O uso de caixa 2 ficar\u00e1 caracterizado se for comprovado que houve uso de recursos financeiros na campanha que n\u00e3o foram declarados \u00e0 Justi\u00e7a Eleitoral na presta\u00e7\u00e3o de contas de Edvaldo Nogueira.<br \/>\n<\/span><br \/>\n<span style=\"font-size: medium;\">A PRE\/SE refor\u00e7a que esta investiga\u00e7\u00e3o criminal n\u00e3o \u00e9 sigilosa e que os documentos de instaura\u00e7\u00e3o do procedimento investigat\u00f3rio e de requisi\u00e7\u00e3o de informa\u00e7\u00f5es \u00e0 Justi\u00e7a Estadual n\u00e3o est\u00e3o sob sigilo.<br \/>\n<\/span><span style=\"font-size: medium;\"><br \/>\n<\/span><span style=\"font-size: medium;\">No entanto, quando as informa\u00e7\u00f5es da Justi\u00e7a Estadual forem encaminhadas \u00e0 PRE\/SE, poder\u00e3o conter documentos que s\u00e3o, por padr\u00e3o, sigilosos, como intercepta\u00e7\u00f5es telef\u00f4nicas e dados banc\u00e1rios e fiscais dos investigados.<\/span><\/p>\n<p style=\"text-align: justify;\"><img loading=\"lazy\" decoding=\"async\" class=\"aligncenter size-full wp-image-103836\" src=\"http:\/\/senoticias.com.br\/se\/wp-content\/uploads\/2017\/06\/Logo-fone-1-2-1-2-4-2.jpg\" alt=\"Logo-fone-1-2-1-2-4-2\" width=\"599\" height=\"78\" srcset=\"https:\/\/senoticias.com.br\/se\/wp-content\/uploads\/2017\/06\/Logo-fone-1-2-1-2-4-2.jpg 599w, https:\/\/senoticias.com.br\/se\/wp-content\/uploads\/2017\/06\/Logo-fone-1-2-1-2-4-2-300x39.jpg 300w\" sizes=\"(max-width: 599px) 100vw, 599px\" \/><\/p>\n<p style=\"text-align: justify;\"><strong>Acompanhe tamb\u00e9m o SE Not\u00edcias no<\/strong><span class=\"apple-converted-space\"><b>\u00a0<\/b><\/span><a href=\"https:\/\/twitter.com\/Senoticias\" target=\"_blank\"><b>Twitter<\/b><\/a><strong>,<\/strong><span class=\"apple-converted-space\"><b>\u00a0<\/b><\/span><a href=\"https:\/\/www.facebook.com\/senoticias1\" target=\"_blank\"><b>Facebook<\/b><span class=\"apple-converted-space\"><b>\u00a0<\/b><\/span><\/a><strong>e no<\/strong><span class=\"apple-converted-space\"><b>\u00a0<\/b><\/span><a href=\"https:\/\/www.instagram.com\/senoticias\/\" target=\"_blank\"><b>Instagram<\/b><\/a><\/p>\n<p style=\"text-align: justify;\"><em>Assessoria de Comunica\u00e7\u00e3o<\/em><br \/>\n<em>Minist\u00e9rio P\u00fablico Federal em Sergipe<\/em><\/p>\n","protected":false},"excerpt":{"rendered":"<p>Sobre a divulga\u00e7\u00e3o na imprensa dos documentos de instaura\u00e7\u00e3o de Procedimento de Investiga\u00e7\u00e3o Criminal em rela\u00e7\u00e3o \u00e0 campanha de Edvaldo Nogueira \u00e0 Prefeitura de Aracaju, a Procuradoria Regional Eleitoral em Sergipe (PRE\/SE) esclarece: No dia 25 de abril a Procuradoria Regional Eleitoral em Sergipe (PRE\/SE) instaurou um Procedimento de Investiga\u00e7\u00e3o Criminal para apurar os fatos [&hellip;]<\/p>\n","protected":false},"author":2,"featured_media":90389,"comment_status":"closed","ping_status":"closed","sticky":false,"template":"","format":"standard","meta":{"footnotes":""},"categories":[15,6],"tags":[4073,698,4071,4072],"class_list":{"0":"post-103892","1":"post","2":"type-post","3":"status-publish","4":"format-standard","5":"has-post-thumbnail","7":"category-destaques","8":"category-politica","9":"tag-contas-de-edvaldo","10":"tag-edvaldo-nogueira","11":"tag-procuradoria","12":"tag-procuradoria-regional-eleitoral"},"_links":{"self":[{"href":"https:\/\/senoticias.com.br\/se\/wp-json\/wp\/v2\/posts\/103892"}],"collection":[{"href":"https:\/\/senoticias.com.br\/se\/wp-json\/wp\/v2\/posts"}],"about":[{"href":"https:\/\/senoticias.com.br\/se\/wp-json\/wp\/v2\/types\/post"}],"author":[{"embeddable":true,"href":"https:\/\/senoticias.com.br\/se\/wp-json\/wp\/v2\/users\/2"}],"replies":[{"embeddable":true,"href":"https:\/\/senoticias.com.br\/se\/wp-json\/wp\/v2\/comments?post=103892"}],"version-history":[{"count":0,"href":"https:\/\/senoticias.com.br\/se\/wp-json\/wp\/v2\/posts\/103892\/revisions"}],"wp:featuredmedia":[{"embeddable":true,"href":"https:\/\/senoticias.com.br\/se\/wp-json\/wp\/v2\/media\/90389"}],"wp:attachment":[{"href":"https:\/\/senoticias.com.br\/se\/wp-json\/wp\/v2\/media?parent=103892"}],"wp:term":[{"taxonomy":"category","embeddable":true,"href":"https:\/\/senoticias.com.br\/se\/wp-json\/wp\/v2\/categories?post=103892"},{"taxonomy":"post_tag","embeddable":true,"href":"https:\/\/senoticias.com.br\/se\/wp-json\/wp\/v2\/tags?post=103892"}],"curies":[{"name":"wp","href":"https:\/\/api.w.org\/{rel}","templated":true}]}}