{"id":103887,"date":"2017-06-09T09:52:11","date_gmt":"2017-06-09T12:52:11","guid":{"rendered":"http:\/\/senoticias.com.br\/se\/?p=103887"},"modified":"2017-06-09T21:40:59","modified_gmt":"2017-06-10T00:40:59","slug":"vereadores-acompanham-anuncio-de-obras-de-pavimentacao-do-jardim-universitario-e-tijuquinha-em-sao-cristovao","status":"publish","type":"post","link":"https:\/\/senoticias.com.br\/se\/vereadores-acompanham-anuncio-de-obras-de-pavimentacao-do-jardim-universitario-e-tijuquinha-em-sao-cristovao\/","title":{"rendered":"Vereadores acompanham an\u00fancio de obras de pavimenta\u00e7\u00e3o do Jardim Universit\u00e1rio e Tijuquinha em S\u00e3o Crist\u00f3v\u00e3o"},"content":{"rendered":"<p style=\"text-align: justify;\">Na manh\u00e3 da \u00faltima quinta-feira, 8 de junho, o prefeito de S\u00e3o Crist\u00f3v\u00e3o, Marcos Santana, assinou as ordens de servi\u00e7o para o in\u00edcio das obras de drenagem e pavimenta\u00e7\u00e3o nos loteamentos Jardim Universit\u00e1rio e Tijuquinha. Segundo sua assessoria de comunica\u00e7\u00e3o, o investimento \u00e9 de 2 milh\u00f5es e meio de reais e a previs\u00e3o \u00e9 de que os trabalhos comecem nessa segunda, 12. Esse \u00e9 um recurso do Minist\u00e9rio das Cidades, e de financiamento da Caixa Econ\u00f4mica Federal, com contrapartida do munic\u00edpio.<\/p>\n<div id=\"attachment_103890\" style=\"width: 609px\" class=\"wp-caption aligncenter\"><img loading=\"lazy\" decoding=\"async\" aria-describedby=\"caption-attachment-103890\" class=\"size-full wp-image-103890\" src=\"http:\/\/senoticias.com.br\/se\/wp-content\/uploads\/2017\/06\/BE1ED88F-7932-489D-A690-CA7C631563F4-e1497013087267.jpeg\" alt=\"Presidente da C\u00e2mara vanderlan Correia (Foto: M\u00e1rcio Garcez)\" width=\"599\" height=\"399\" \/><p id=\"caption-attachment-103890\" class=\"wp-caption-text\">Presidente da C\u00e2mara vanderlan Correia (Foto: M\u00e1rcio Garcez)<\/p><\/div>\n<p style=\"text-align: justify;\">Ao todo, 14 ruas ser\u00e3o beneficiadas. No Loteamento Jardim Universit\u00e1rio ser\u00e3o pavimentadas a rua I, rua Dona Carlita (antiga rua A), trecho da rua B, trecho da rua C, rua Saneamento e rua F. Representando um total de 10.232,30 m\u00b2 de \u00e1rea pavimentada.<\/p>\n<p style=\"text-align: justify;\">No Loteamento Tijuquinha, ser\u00e3o contempladas as ruas Rio Branco, Raimunda Nascimento, S\u00e3o Jos\u00e9, S\u00e3o Louren\u00e7o, Dr. Lauro Maia, Itaporanga, Get\u00falio Vargas e parte da rua S\u00e3o Francisco (atr\u00e1s da Escola Maria de Lourdes Gomes). Representando 9.690,99 m\u00b2 de \u00e1rea pavimentada.<\/p>\n<div id=\"attachment_103891\" style=\"width: 609px\" class=\"wp-caption aligncenter\"><img loading=\"lazy\" decoding=\"async\" aria-describedby=\"caption-attachment-103891\" class=\"size-full wp-image-103891\" src=\"http:\/\/senoticias.com.br\/se\/wp-content\/uploads\/2017\/06\/26BC52FB-992D-4C1B-81CE-4CDE65660675-e1497013152270.jpeg\" alt=\"Marcos Santana, assinou na manh\u00e3 desta quinta-feira, 8, ordens de servi\u00e7os de pavimenta\u00e7\u00e3o e drenagem nos loteamentos Jardim Universit\u00e1rio e Tijuquinha, no Grande Rosa Elze\" width=\"599\" height=\"399\" \/><p id=\"caption-attachment-103891\" class=\"wp-caption-text\">Marcos Santana, assinou na manh\u00e3 desta quinta-feira, 8, ordens de servi\u00e7os de pavimenta\u00e7\u00e3o e drenagem nos loteamentos Jardim Universit\u00e1rio e Tijuquinha, no Grande Rosa Elze. (Foto: M\u00e1rcio Garcez)<\/p><\/div>\n<p style=\"text-align: justify;\">Na solenidade, o vereador Vanderlan Correia, parabenizou pelo investimento em melhoria da qualidade de vida da popula\u00e7\u00e3o do Jardim Universit\u00e1rio. \u201cEssas obras de pavimenta\u00e7\u00e3o foram iniciadas h\u00e1 12 anos, na gest\u00e3o do ex-prefeito Jos\u00e9 Correia Santos Neto, meu irm\u00e3o. Agora, o prefeito Marcos Santana est\u00e1 dando continuidade. Quem ganha \u00e9 a popula\u00e7\u00e3o e eu, enquanto representante delas, parabenizo pelo trabalho e pelo esfor\u00e7o\u201d, disse.<\/p>\n<p style=\"text-align: justify;\">O tamb\u00e9m vereador Adailton Lopes, mais conhecido por Dito, esteve na assinatura das ordens de servi\u00e7o no Tijuquinha e tamb\u00e9m disse que essa \u00e9 uma demanda da popula\u00e7\u00e3o h\u00e1 anos. \u201cEssa assinatura \u00e9 um marco para S\u00e3o Crist\u00f3v\u00e3o. H\u00e1 anos nosso povo espera por um prefeito que realmente atenda \u00e0s necessidades do munic\u00edpio e a pavimenta\u00e7\u00e3o era uma das mais urgentes\u201d, afirmou.<\/p>\n<p style=\"text-align: justify;\">O prefeito Marcos Santana destaca a import\u00e2ncia dessas obras para a popula\u00e7\u00e3o e se comprometeu em buscar a expans\u00e3o do transporte p\u00fablico. \u201cNossa gest\u00e3o est\u00e1 investindo em pavimenta\u00e7\u00e3o. Pavimenta\u00e7\u00e3o significa que as ruas n\u00e3o ter\u00e3o mais lama, as crian\u00e7as n\u00e3o v\u00e3o mais brincar numa rua cheia de lama e, consequentemente, ser\u00e3o mais saud\u00e1veis. Al\u00e9m disso, \u00e9 inaceit\u00e1vel que as pessoas ainda tenham que se deslocar a p\u00e9 para utilizar o transporte coletivo, porque o \u00f4nibus n\u00e3o consegue chegar onde moram\u201d disse. E acrescentou: \u201cda mesma forma, estamos trabalhando para termos posto de sa\u00fade funcionando dignamente, ruas cal\u00e7adas, pra\u00e7as para as nossas crian\u00e7as, medicamentos permanentes, educa\u00e7\u00e3o de qualidade, pol\u00edticas espec\u00edficas para os nossos jovens e idosos. O povo de S\u00e3o Crist\u00f3v\u00e3o tem que ser bem tratado, ser feliz, tem que ter os seus direitos respeitados\u201d, defendeu o prefeito.<\/p>\n<p style=\"text-align: justify;\">Al\u00e9m do vice-prefeito do munic\u00edpio, Adilson J\u00fanior, do secretariado de S\u00e3o Crist\u00f3v\u00e3o e de lideran\u00e7as locais, os atos de assinatura, que ocorreram nas localidades, contaram com as presen\u00e7as dos vereadores Vanderlan Correia, Dito, Diego Prado, Djalma Santana, Irm\u00e3o Gibson, Regi do Rosa Maria, Morgam Prado, Vanderlan Nego, Tony da Academia, Rafael da Colina, Edson Pereira, Lilo Aben\u00e7oado, Leandro da Renova\u00e7\u00e3o e Paulo J\u00fanior. O ex-deputado federal S\u00e9rgio Reis tamb\u00e9m participou da solenidade no Jardim Universit\u00e1rio, representando o deputado federal F\u00e1bio Reis (PMDB).<\/p>\n<p style=\"text-align: justify;\"><img loading=\"lazy\" decoding=\"async\" class=\"aligncenter size-full wp-image-103836\" src=\"http:\/\/senoticias.com.br\/se\/wp-content\/uploads\/2017\/06\/Logo-fone-1-2-1-2-4-2.jpg\" alt=\"Logo-fone-1-2-1-2-4-2\" width=\"599\" height=\"78\" srcset=\"https:\/\/senoticias.com.br\/se\/wp-content\/uploads\/2017\/06\/Logo-fone-1-2-1-2-4-2.jpg 599w, https:\/\/senoticias.com.br\/se\/wp-content\/uploads\/2017\/06\/Logo-fone-1-2-1-2-4-2-300x39.jpg 300w\" sizes=\"(max-width: 599px) 100vw, 599px\" \/><\/p>\n<p style=\"text-align: justify;\"><strong>Acompanhe tamb\u00e9m o SE Not\u00edcias no<\/strong><span class=\"apple-converted-space\"><b>\u00a0<\/b><\/span><a href=\"https:\/\/twitter.com\/Senoticias\" target=\"_blank\"><b>Twitter<\/b><\/a><strong>,<\/strong><span class=\"apple-converted-space\"><b>\u00a0<\/b><\/span><a href=\"https:\/\/www.facebook.com\/senoticias1\" target=\"_blank\"><b>Facebook<\/b><span class=\"apple-converted-space\"><b>\u00a0<\/b><\/span><\/a><strong>e no<\/strong><span class=\"apple-converted-space\"><b>\u00a0<\/b><\/span><a href=\"https:\/\/www.instagram.com\/senoticias\/\" target=\"_blank\"><b>Instagram<\/b><\/a><\/p>\n<p style=\"text-align: justify;\"><strong><em>Reda\u00e7\u00e3o SE Not\u00edcias<\/em><\/strong><\/p>\n","protected":false},"excerpt":{"rendered":"<p>Na manh\u00e3 da \u00faltima quinta-feira, 8 de junho, o prefeito de S\u00e3o Crist\u00f3v\u00e3o, Marcos Santana, assinou as ordens de servi\u00e7o para o in\u00edcio das obras de drenagem e pavimenta\u00e7\u00e3o nos loteamentos Jardim Universit\u00e1rio e Tijuquinha. Segundo sua assessoria de comunica\u00e7\u00e3o, o investimento \u00e9 de 2 milh\u00f5es e meio de reais e a previs\u00e3o \u00e9 de [&hellip;]<\/p>\n","protected":false},"author":2,"featured_media":103890,"comment_status":"closed","ping_status":"closed","sticky":false,"template":"","format":"standard","meta":{"footnotes":""},"categories":[38,6],"tags":[4068,4069,335,4070,217],"class_list":{"0":"post-103887","1":"post","2":"type-post","3":"status-publish","4":"format-standard","5":"has-post-thumbnail","7":"category-municipios","8":"category-politica","9":"tag-anuncio-de-obras","10":"tag-jardim-universitario","11":"tag-sao-cristovao","12":"tag-tijuquinha","13":"tag-vereadores"},"_links":{"self":[{"href":"https:\/\/senoticias.com.br\/se\/wp-json\/wp\/v2\/posts\/103887"}],"collection":[{"href":"https:\/\/senoticias.com.br\/se\/wp-json\/wp\/v2\/posts"}],"about":[{"href":"https:\/\/senoticias.com.br\/se\/wp-json\/wp\/v2\/types\/post"}],"author":[{"embeddable":true,"href":"https:\/\/senoticias.com.br\/se\/wp-json\/wp\/v2\/users\/2"}],"replies":[{"embeddable":true,"href":"https:\/\/senoticias.com.br\/se\/wp-json\/wp\/v2\/comments?post=103887"}],"version-history":[{"count":0,"href":"https:\/\/senoticias.com.br\/se\/wp-json\/wp\/v2\/posts\/103887\/revisions"}],"wp:featuredmedia":[{"embeddable":true,"href":"https:\/\/senoticias.com.br\/se\/wp-json\/wp\/v2\/media\/103890"}],"wp:attachment":[{"href":"https:\/\/senoticias.com.br\/se\/wp-json\/wp\/v2\/media?parent=103887"}],"wp:term":[{"taxonomy":"category","embeddable":true,"href":"https:\/\/senoticias.com.br\/se\/wp-json\/wp\/v2\/categories?post=103887"},{"taxonomy":"post_tag","embeddable":true,"href":"https:\/\/senoticias.com.br\/se\/wp-json\/wp\/v2\/tags?post=103887"}],"curies":[{"name":"wp","href":"https:\/\/api.w.org\/{rel}","templated":true}]}}