{"id":103863,"date":"2017-06-08T16:08:00","date_gmt":"2017-06-08T19:08:00","guid":{"rendered":"http:\/\/senoticias.com.br\/se\/?p=103863"},"modified":"2017-06-08T16:08:00","modified_gmt":"2017-06-08T19:08:00","slug":"smtt-anuncia-mudancas-no-transito-da-atalaia-nessa-sexta-e-sabado","status":"publish","type":"post","link":"https:\/\/senoticias.com.br\/se\/smtt-anuncia-mudancas-no-transito-da-atalaia-nessa-sexta-e-sabado\/","title":{"rendered":"SMTT anuncia mudan\u00e7as no tr\u00e2nsito da Atalaia nessa sexta e s\u00e1bado"},"content":{"rendered":"<p style=\"text-align: justify;\">A Superintend\u00eancia Municipal de Transporte e Tr\u00e2nsito de Aracaju (SMTT) montou um plano de a\u00e7\u00e3o para auxiliar a realiza\u00e7\u00e3o do Campeonato Mundial Escolar de Triathlon, que ocorrer\u00e1 nos dias 9 e 10 de junho (sexta e s\u00e1bado) na Orla de Atalaia. Isso quer dizer que haver\u00e1 mudan\u00e7as no tr\u00e2nsito do bairro durante os hor\u00e1rios da competi\u00e7\u00e3o \u2013 de 6h \u00e0s 11h da manh\u00e3.<\/p>\n<p style=\"text-align: justify;\">A Avenida Santos Dumont ser\u00e1 fechada parcialmente para a circula\u00e7\u00e3o de ve\u00edculos. O trecho interditado ser\u00e1 desde o Farol da Coroa do Meio at\u00e9 o Ocean\u00e1rio (Projeto Tamar). Os condutores que seguirem pela regi\u00e3o n\u00e3o poder\u00e3o acessar as ruas paralelas \u00e0 Santos Dummont. S\u00e3o elas: Waldemar Silva Carvalho, Renato Fonseca de Oliveira, Professor Jugurta Feitosa Franco, Construtor Genical Maciel, Dr. Bezerra de Menezes e C\u00f4nego Jos\u00e9 F\u00e9lix de Oliveira.<\/p>\n<div id=\"attachment_103864\" style=\"width: 609px\" class=\"wp-caption aligncenter\"><img loading=\"lazy\" decoding=\"async\" aria-describedby=\"caption-attachment-103864\" class=\"size-full wp-image-103864\" src=\"http:\/\/senoticias.com.br\/se\/wp-content\/uploads\/2017\/06\/competi\u00e7\u00e3o-SENOTICIAS-e1496948833325.jpeg\" alt=\"p\u00f3s as provas, a avenida ser\u00e1 liberada e o transito normalizado. Imagem: SMTT \" width=\"599\" height=\"599\" \/><p id=\"caption-attachment-103864\" class=\"wp-caption-text\">p\u00f3s as provas, a avenida ser\u00e1 liberada e o transito normalizado. Imagem: SMTT<\/p><\/div>\n<p style=\"text-align: justify;\">Segundo o diretor de Tr\u00e2nsito da SMTT, Thiago Alc\u00e2ntara, o objetivo do \u00f3rg\u00e3o \u00e9 colaborar para que o evento aconte\u00e7a sem nenhum transtorno para os atletas, nem para os motoristas. \u201cElaborarmos um plano de a\u00e7\u00e3o para o tr\u00e2nsito no dia da prova. Queremos oferecer a melhor estrutura para os atletas, e fluidez ao tr\u00e2nsito, favorecendo tamb\u00e9m aqueles que queiram assistir de perto o mundial&#8221;, disse o diretor.<\/p>\n<p style=\"text-align: justify;\">Agentes de tr\u00e2nsito estar\u00e3o em toda a extens\u00e3o do percurso da prova orientando os condutores e pedestres. Ap\u00f3s as provas, a avenida ser\u00e1 liberada e o transito normalizado.<\/p>\n<p style=\"text-align: justify;\">\n<p style=\"text-align: justify;\"><img loading=\"lazy\" decoding=\"async\" class=\"aligncenter size-full wp-image-103836\" src=\"http:\/\/senoticias.com.br\/se\/wp-content\/uploads\/2017\/06\/Logo-fone-1-2-1-2-4-2.jpg\" alt=\"Logo-fone-1-2-1-2-4-2\" width=\"599\" height=\"78\" srcset=\"https:\/\/senoticias.com.br\/se\/wp-content\/uploads\/2017\/06\/Logo-fone-1-2-1-2-4-2.jpg 599w, https:\/\/senoticias.com.br\/se\/wp-content\/uploads\/2017\/06\/Logo-fone-1-2-1-2-4-2-300x39.jpg 300w\" sizes=\"(max-width: 599px) 100vw, 599px\" \/><\/p>\n<p><strong>Acompanhe tamb\u00e9m o SE Not\u00edcias no<\/strong><span class=\"apple-converted-space\"><b>\u00a0<\/b><\/span><a href=\"https:\/\/twitter.com\/Senoticias\" target=\"_blank\"><b>Twitter<\/b><\/a><strong>,<\/strong><span class=\"apple-converted-space\"><b>\u00a0<\/b><\/span><a href=\"https:\/\/www.facebook.com\/senoticias1\" target=\"_blank\"><b>Facebook<\/b><span class=\"apple-converted-space\"><b>\u00a0<\/b><\/span><\/a><strong>e no<\/strong><span class=\"apple-converted-space\"><b>\u00a0<\/b><\/span><a href=\"https:\/\/www.instagram.com\/senoticias\/\" target=\"_blank\"><b>Instagram<\/b><\/a><\/p>\n<p>Por\u00a0ASN<\/p>\n","protected":false},"excerpt":{"rendered":"<p>A Superintend\u00eancia Municipal de Transporte e Tr\u00e2nsito de Aracaju (SMTT) montou um plano de a\u00e7\u00e3o para auxiliar a realiza\u00e7\u00e3o do Campeonato Mundial Escolar de Triathlon, que ocorrer\u00e1 nos dias 9 e 10 de junho (sexta e s\u00e1bado) na Orla de Atalaia. Isso quer dizer que haver\u00e1 mudan\u00e7as no tr\u00e2nsito do bairro durante os hor\u00e1rios da [&hellip;]<\/p>\n","protected":false},"author":2,"featured_media":0,"comment_status":"closed","ping_status":"closed","sticky":false,"template":"","format":"standard","meta":{"footnotes":""},"categories":[38],"tags":[4054,3018,2979,3320],"class_list":{"0":"post-103863","1":"post","2":"type-post","3":"status-publish","4":"format-standard","6":"category-municipios","7":"tag-atalaia","8":"tag-mudancas","9":"tag-smtt","10":"tag-transito"},"_links":{"self":[{"href":"https:\/\/senoticias.com.br\/se\/wp-json\/wp\/v2\/posts\/103863"}],"collection":[{"href":"https:\/\/senoticias.com.br\/se\/wp-json\/wp\/v2\/posts"}],"about":[{"href":"https:\/\/senoticias.com.br\/se\/wp-json\/wp\/v2\/types\/post"}],"author":[{"embeddable":true,"href":"https:\/\/senoticias.com.br\/se\/wp-json\/wp\/v2\/users\/2"}],"replies":[{"embeddable":true,"href":"https:\/\/senoticias.com.br\/se\/wp-json\/wp\/v2\/comments?post=103863"}],"version-history":[{"count":0,"href":"https:\/\/senoticias.com.br\/se\/wp-json\/wp\/v2\/posts\/103863\/revisions"}],"wp:attachment":[{"href":"https:\/\/senoticias.com.br\/se\/wp-json\/wp\/v2\/media?parent=103863"}],"wp:term":[{"taxonomy":"category","embeddable":true,"href":"https:\/\/senoticias.com.br\/se\/wp-json\/wp\/v2\/categories?post=103863"},{"taxonomy":"post_tag","embeddable":true,"href":"https:\/\/senoticias.com.br\/se\/wp-json\/wp\/v2\/tags?post=103863"}],"curies":[{"name":"wp","href":"https:\/\/api.w.org\/{rel}","templated":true}]}}