{"id":103824,"date":"2017-06-07T06:22:33","date_gmt":"2017-06-07T09:22:33","guid":{"rendered":"http:\/\/senoticias.com.br\/se\/?p=103824"},"modified":"2017-06-08T21:29:23","modified_gmt":"2017-06-09T00:29:23","slug":"mp-de-contas-orienta-municipios-sobre-a-correta-destinacao-dos-residuos-solidos","status":"publish","type":"post","link":"https:\/\/senoticias.com.br\/se\/mp-de-contas-orienta-municipios-sobre-a-correta-destinacao-dos-residuos-solidos\/","title":{"rendered":"MP de Contas orienta munic\u00edpios sobre a correta destina\u00e7\u00e3o dos res\u00edduos s\u00f3lidos"},"content":{"rendered":"<p style=\"text-align: justify;\">O semin\u00e1rio \u201cCidade sem Lixo\u201d, idealizado pelo Minist\u00e9rio P\u00fablico de Contas (MPC\/SE), juntamente com os minist\u00e9rios p\u00fablicos Federal (MPF) e Estadual (MPE), seguiu sua programa\u00e7\u00e3o com oficinas tem\u00e1ticas ministradas no Tribunal de Contas do Estado de Sergipe (TCE\/SE) nesta ter\u00e7a-feira, 6. O objetivo do evento \u00e9 conscientizar os gestores municipais a respeito da Pol\u00edtica Nacional de Res\u00edduos S\u00f3lidos.<\/p>\n<div id=\"attachment_103825\" style=\"width: 510px\" class=\"wp-caption aligncenter\"><img loading=\"lazy\" decoding=\"async\" aria-describedby=\"caption-attachment-103825\" class=\"size-full wp-image-103825\" src=\"http:\/\/senoticias.com.br\/se\/wp-content\/uploads\/2017\/06\/TCE-senoticias.jpeg\" alt=\"MP de Contas orienta munic\u00edpios sobre a correta destina\u00e7\u00e3o dos res\u00edduos s\u00f3lidos\" width=\"500\" height=\"333\" srcset=\"https:\/\/senoticias.com.br\/se\/wp-content\/uploads\/2017\/06\/TCE-senoticias.jpeg 500w, https:\/\/senoticias.com.br\/se\/wp-content\/uploads\/2017\/06\/TCE-senoticias-300x200.jpeg 300w, https:\/\/senoticias.com.br\/se\/wp-content\/uploads\/2017\/06\/TCE-senoticias-90x60.jpeg 90w, https:\/\/senoticias.com.br\/se\/wp-content\/uploads\/2017\/06\/TCE-senoticias-180x120.jpeg 180w, https:\/\/senoticias.com.br\/se\/wp-content\/uploads\/2017\/06\/TCE-senoticias-95x64.jpeg 95w\" sizes=\"(max-width: 500px) 100vw, 500px\" \/><p id=\"caption-attachment-103825\" class=\"wp-caption-text\">MP de Contas orienta munic\u00edpios sobre a correta destina\u00e7\u00e3o dos res\u00edduos s\u00f3lidos. (Foto: Cleverton Ribeiro\/TCE)<\/p><\/div>\n<p style=\"text-align: justify;\">No turno da manh\u00e3, professores e estudantes do Instituto Federal de Sergipe (IFS) foram os respons\u00e1veis pela metodologia de oficinas e palestras ofertadas aos gestores. As apresenta\u00e7\u00f5es trataram de coleta seletiva, cons\u00f3rcios e legisla\u00e7\u00e3o e foram ministradas por Kelma Vit\u00f3ria, professora do IFS; Vera Cardoso, consultora ambiental; e Adriano dos Santos, representante do Movimento Nacional dos Catadores de Materiais Recicl\u00e1veis (MNCR).<\/p>\n<p style=\"text-align: justify;\">J\u00e1 pela tarde, o procurador Eduardo C\u00f4rtes, do MP de Contas, e o analista de controle externo Fernando Marcelino ministraram oficina tem\u00e1tica sobre Contratos e Presta\u00e7\u00e3o de Contas. O p\u00fablico-alvo esteve nos gestores e servidores dos munic\u00edpios sergipanos.<\/p>\n<p style=\"text-align: justify;\">\u201c\u00c9 importante ressaltar a quest\u00e3o da inclus\u00e3o social e produtiva dos catadores de materiais recicl\u00e1veis, atrav\u00e9s das organiza\u00e7\u00f5es de catadores e da contribui\u00e7\u00e3o com a coleta seletiva. Estamos mostrando aos gestores que os catadores podem e devem contribuir na gest\u00e3o dos res\u00edduos s\u00f3lidos por meio da organiza\u00e7\u00e3o das cooperativas e a contrata\u00e7\u00e3o pelas prefeituras para o servi\u00e7o prestado na coleta\u201d, esclareceu Adriano dos Santos.<\/p>\n<p style=\"text-align: justify;\">As oficinas tiveram in\u00edcio logo ap\u00f3s as palestras e o p\u00fablico presente foi dividido em oito grupos, cada um com seus facilitadores \u2013 alunos de Tecnologia do Saneamento Ambiental do IFS. Foram apresentados casos que exemplificaram aspectos legais, tipos de materiais recicl\u00e1veis, educa\u00e7\u00e3o ambiental, coleta seletiva e log\u00edstica reversa e, ao fim, os gestores puderam identificar exemplos de sucesso, ou mesmo fracasso, em a\u00e7\u00f5es dentro dos seus munic\u00edpios, destacando as que poderiam contribuir com a realidade de outras cidades.<\/p>\n<p style=\"text-align: justify;\">Ana Cl\u00e1udia trabalha na equipe de planejamento da Prefeitura Municipal de Tobias Barreto e, de acordo com ela, a\u00e7\u00f5es como estas s\u00e3o necess\u00e1rias para que as ideias passem da teoria para a pr\u00e1tica e para que as prefeituras possam envolver os cidad\u00e3os nas a\u00e7\u00f5es pelo meio ambiente.<\/p>\n<p style=\"text-align: justify;\">\u201cSabemos que n\u00e3o h\u00e1 nos munic\u00edpios muito preparo da popula\u00e7\u00e3o e das gest\u00f5es, se n\u00e3o houver press\u00e3o do Minist\u00e9rio P\u00fablico e de outros \u00f3rg\u00e3os, as iniciativas ambientais n\u00e3o saem do papel. O TCE e o MP s\u00e3o necess\u00e1rios para estabelecer uma conduta para que as coisas funcionem; eles t\u00eam esse papel social, n\u00e3o podem ser alheios \u00e0 sociedade. A coleta seletiva, por exemplo, tem que virar pr\u00e1tica no dia a dia da popula\u00e7\u00e3o. N\u00e3o se pode s\u00f3 impor sem dar uma solu\u00e7\u00e3o, \u00e9 importante essa quest\u00e3o de orientar os gestores por meio de palestras, cursos e oficinas\u201d, disse.<\/p>\n<p style=\"text-align: justify;\"><img loading=\"lazy\" decoding=\"async\" class=\"aligncenter size-full wp-image-103721\" src=\"http:\/\/senoticias.com.br\/se\/wp-content\/uploads\/2017\/06\/Logo-fone-1-2-1-2-4-2-1.jpg\" alt=\"Logo-fone-1-2-1-2-4-2-1\" width=\"599\" height=\"78\" srcset=\"https:\/\/senoticias.com.br\/se\/wp-content\/uploads\/2017\/06\/Logo-fone-1-2-1-2-4-2-1.jpg 599w, https:\/\/senoticias.com.br\/se\/wp-content\/uploads\/2017\/06\/Logo-fone-1-2-1-2-4-2-1-300x39.jpg 300w\" sizes=\"(max-width: 599px) 100vw, 599px\" \/><\/p>\n<p style=\"text-align: justify;\"><strong>Acompanhe tamb\u00e9m o SE Not\u00edcias no<\/strong><span class=\"apple-converted-space\"><b>\u00a0<\/b><\/span><a href=\"https:\/\/twitter.com\/Senoticias\" target=\"_blank\"><b>Twitter<\/b><\/a><strong>,<\/strong><span class=\"apple-converted-space\"><b>\u00a0<\/b><\/span><a href=\"https:\/\/www.facebook.com\/senoticias1\" target=\"_blank\"><b>Facebook<\/b><span class=\"apple-converted-space\"><b>\u00a0<\/b><\/span><\/a><strong>e no<\/strong><span class=\"apple-converted-space\"><b>\u00a0<\/b><\/span><a href=\"https:\/\/www.instagram.com\/senoticias\/\" target=\"_blank\"><b>Instagram<\/b><\/a><\/p>\n<p style=\"text-align: justify;\"><em>Ascom\/TCE<\/em><\/p>\n","protected":false},"excerpt":{"rendered":"<p>O semin\u00e1rio \u201cCidade sem Lixo\u201d, idealizado pelo Minist\u00e9rio P\u00fablico de Contas (MPC\/SE), juntamente com os minist\u00e9rios p\u00fablicos Federal (MPF) e Estadual (MPE), seguiu sua programa\u00e7\u00e3o com oficinas tem\u00e1ticas ministradas no Tribunal de Contas do Estado de Sergipe (TCE\/SE) nesta ter\u00e7a-feira, 6. O objetivo do evento \u00e9 conscientizar os gestores municipais a respeito da Pol\u00edtica Nacional [&hellip;]<\/p>\n","protected":false},"author":2,"featured_media":103825,"comment_status":"closed","ping_status":"closed","sticky":false,"template":"","format":"standard","meta":{"footnotes":""},"categories":[15,38],"tags":[4027,56,4028],"class_list":{"0":"post-103824","1":"post","2":"type-post","3":"status-publish","4":"format-standard","5":"has-post-thumbnail","7":"category-destaques","8":"category-municipios","9":"tag-mp-de-contas","10":"tag-municipios-2","11":"tag-residuos-solidos"},"_links":{"self":[{"href":"https:\/\/senoticias.com.br\/se\/wp-json\/wp\/v2\/posts\/103824"}],"collection":[{"href":"https:\/\/senoticias.com.br\/se\/wp-json\/wp\/v2\/posts"}],"about":[{"href":"https:\/\/senoticias.com.br\/se\/wp-json\/wp\/v2\/types\/post"}],"author":[{"embeddable":true,"href":"https:\/\/senoticias.com.br\/se\/wp-json\/wp\/v2\/users\/2"}],"replies":[{"embeddable":true,"href":"https:\/\/senoticias.com.br\/se\/wp-json\/wp\/v2\/comments?post=103824"}],"version-history":[{"count":0,"href":"https:\/\/senoticias.com.br\/se\/wp-json\/wp\/v2\/posts\/103824\/revisions"}],"wp:featuredmedia":[{"embeddable":true,"href":"https:\/\/senoticias.com.br\/se\/wp-json\/wp\/v2\/media\/103825"}],"wp:attachment":[{"href":"https:\/\/senoticias.com.br\/se\/wp-json\/wp\/v2\/media?parent=103824"}],"wp:term":[{"taxonomy":"category","embeddable":true,"href":"https:\/\/senoticias.com.br\/se\/wp-json\/wp\/v2\/categories?post=103824"},{"taxonomy":"post_tag","embeddable":true,"href":"https:\/\/senoticias.com.br\/se\/wp-json\/wp\/v2\/tags?post=103824"}],"curies":[{"name":"wp","href":"https:\/\/api.w.org\/{rel}","templated":true}]}}