{"id":103821,"date":"2017-06-06T20:22:20","date_gmt":"2017-06-06T23:22:20","guid":{"rendered":"http:\/\/senoticias.com.br\/se\/?p=103821"},"modified":"2017-06-07T08:57:32","modified_gmt":"2017-06-07T11:57:32","slug":"suspeito-de-matar-policial-civil-morre-em-confronto-com-o-cope","status":"publish","type":"post","link":"https:\/\/senoticias.com.br\/se\/suspeito-de-matar-policial-civil-morre-em-confronto-com-o-cope\/","title":{"rendered":"Suspeito de matar Policial Civil morre em confronto com o Cope"},"content":{"rendered":"<p style=\"text-align: justify;\">A Pol\u00edcia Civil, por meio do Complexo de Opera\u00e7\u00f5es Policiais Especiais (COPE), realizou na tarde desta ter\u00e7a-feira, 06, uma opera\u00e7\u00e3o visando efetuar a pris\u00e3o dos autores do <a href=\"http:\/\/senoticias.com.br\/se\/policial-civil-encontrado-morto-dentro-de-casa-na-barra-dos-coqueiros\/\"><strong>assassinato do policial civil Paulo S\u00e9rgio Souza de Jesus, 58 anos<\/strong><\/a>, ocorrido no \u00faltimo domingo, 04, em sua resid\u00eancia, na Barra dos Coqueiros.<\/p>\n<div id=\"attachment_103828\" style=\"width: 609px\" class=\"wp-caption aligncenter\"><img loading=\"lazy\" decoding=\"async\" aria-describedby=\"caption-attachment-103828\" class=\"size-full wp-image-103828\" src=\"http:\/\/senoticias.com.br\/se\/wp-content\/uploads\/2017\/06\/WhatsApp-Image-2017-06-06-at-16.24.25-e1496836595450.jpeg\" alt=\"William Santos Gomes, 18, mais conhecido como William Zilka\" width=\"599\" height=\"1066\" \/><p id=\"caption-attachment-103828\" class=\"wp-caption-text\">William Santos Gomes, 18, mais conhecido como William Zilka. (Foto: redes Sociais)<\/p><\/div>\n<p style=\"text-align: justify;\">Durante a opera\u00e7\u00e3o, um dos envolvidos, identificado como William Santos Gomes, 19 anos, acabou resistindo \u00e0 ordem de pris\u00e3o e durante o confronto com os policiais, acabou vindo a \u00f3bito, durante abordagem em um povoado localizado no munic\u00edpio de Pedrinhas. Neste momento, as equipes do COPE diligenciam para o cumprimento de um mandado de pris\u00e3o. As investiga\u00e7\u00f5es continuam para apurar a participa\u00e7\u00e3o de outros envolvidos.<\/p>\n<p style=\"text-align: justify;\"><img loading=\"lazy\" decoding=\"async\" class=\"aligncenter size-full wp-image-103721\" src=\"http:\/\/senoticias.com.br\/se\/wp-content\/uploads\/2017\/06\/Logo-fone-1-2-1-2-4-2-1.jpg\" alt=\"Logo-fone-1-2-1-2-4-2-1\" width=\"599\" height=\"78\" srcset=\"https:\/\/senoticias.com.br\/se\/wp-content\/uploads\/2017\/06\/Logo-fone-1-2-1-2-4-2-1.jpg 599w, https:\/\/senoticias.com.br\/se\/wp-content\/uploads\/2017\/06\/Logo-fone-1-2-1-2-4-2-1-300x39.jpg 300w\" sizes=\"(max-width: 599px) 100vw, 599px\" \/><\/p>\n<p style=\"text-align: justify;\"><strong>Acompanhe tamb\u00e9m o SE Not\u00edcias no<\/strong><span class=\"apple-converted-space\"><b>\u00a0<\/b><\/span><a href=\"https:\/\/twitter.com\/Senoticias\" target=\"_blank\"><b>Twitter<\/b><\/a><strong>,<\/strong><span class=\"apple-converted-space\"><b>\u00a0<\/b><\/span><a href=\"https:\/\/www.facebook.com\/senoticias1\" target=\"_blank\"><b>Facebook<\/b><span class=\"apple-converted-space\"><b>\u00a0<\/b><\/span><\/a><strong>e no<\/strong><span class=\"apple-converted-space\"><b>\u00a0<\/b><\/span><a href=\"https:\/\/www.instagram.com\/senoticias\/\" target=\"_blank\"><b>Instagram<\/b><\/a><\/p>\n<p style=\"text-align: justify;\"><em>Informa\u00e7\u00f5es da SSP\/SE<\/em><\/p>\n","protected":false},"excerpt":{"rendered":"<p>A Pol\u00edcia Civil, por meio do Complexo de Opera\u00e7\u00f5es Policiais Especiais (COPE), realizou na tarde desta ter\u00e7a-feira, 06, uma opera\u00e7\u00e3o visando efetuar a pris\u00e3o dos autores do assassinato do policial civil Paulo S\u00e9rgio Souza de Jesus, 58 anos, ocorrido no \u00faltimo domingo, 04, em sua resid\u00eancia, na Barra dos Coqueiros. Durante a opera\u00e7\u00e3o, um dos [&hellip;]<\/p>\n","protected":false},"author":2,"featured_media":103828,"comment_status":"closed","ping_status":"closed","sticky":false,"template":"","format":"standard","meta":{"footnotes":""},"categories":[7,1],"tags":[],"class_list":{"0":"post-103821","1":"post","2":"type-post","3":"status-publish","4":"format-standard","5":"has-post-thumbnail","7":"category-policia","8":"category-sem-categoria"},"_links":{"self":[{"href":"https:\/\/senoticias.com.br\/se\/wp-json\/wp\/v2\/posts\/103821"}],"collection":[{"href":"https:\/\/senoticias.com.br\/se\/wp-json\/wp\/v2\/posts"}],"about":[{"href":"https:\/\/senoticias.com.br\/se\/wp-json\/wp\/v2\/types\/post"}],"author":[{"embeddable":true,"href":"https:\/\/senoticias.com.br\/se\/wp-json\/wp\/v2\/users\/2"}],"replies":[{"embeddable":true,"href":"https:\/\/senoticias.com.br\/se\/wp-json\/wp\/v2\/comments?post=103821"}],"version-history":[{"count":0,"href":"https:\/\/senoticias.com.br\/se\/wp-json\/wp\/v2\/posts\/103821\/revisions"}],"wp:featuredmedia":[{"embeddable":true,"href":"https:\/\/senoticias.com.br\/se\/wp-json\/wp\/v2\/media\/103828"}],"wp:attachment":[{"href":"https:\/\/senoticias.com.br\/se\/wp-json\/wp\/v2\/media?parent=103821"}],"wp:term":[{"taxonomy":"category","embeddable":true,"href":"https:\/\/senoticias.com.br\/se\/wp-json\/wp\/v2\/categories?post=103821"},{"taxonomy":"post_tag","embeddable":true,"href":"https:\/\/senoticias.com.br\/se\/wp-json\/wp\/v2\/tags?post=103821"}],"curies":[{"name":"wp","href":"https:\/\/api.w.org\/{rel}","templated":true}]}}