{"id":103773,"date":"2017-06-05T17:05:02","date_gmt":"2017-06-05T20:05:02","guid":{"rendered":"http:\/\/senoticias.com.br\/se\/?p=103773"},"modified":"2017-06-05T17:05:02","modified_gmt":"2017-06-05T20:05:02","slug":"a-grande-aracaju-esta-entre-as-50-cidades-mais-violentas-do-mundo-segundo-ong","status":"publish","type":"post","link":"https:\/\/senoticias.com.br\/se\/a-grande-aracaju-esta-entre-as-50-cidades-mais-violentas-do-mundo-segundo-ong\/","title":{"rendered":"A Grande Aracaju est\u00e1 entre as 50 cidades mais violentas do mundo, segundo ONG"},"content":{"rendered":"<p><img loading=\"lazy\" decoding=\"async\" class=\"size-full wp-image-103774 alignleft\" src=\"http:\/\/senoticias.com.br\/se\/wp-content\/uploads\/2017\/06\/images-1.jpg\" alt=\"violencia SENOTICIAS\" width=\"294\" height=\"172\" \/>A ONG mexicana Seguridad, Justicia y Paz divulgou um ranking com as 50 cidades mais violentas do mundo em 2015. Na lista, que s\u00f3 contabiliza cidades com mais de 100 mil habitantes, 21 s\u00e3o brasileiras e Aracaju ocupa a 38\u00b0 posi\u00e7\u00e3o.<\/p>\n<p style=\"text-align: justify;\">Com 925.744 habitantes, somando a popula\u00e7\u00e3o dos munic\u00edpios de Nossa Senhora do Socorro, S\u00e3o Crist\u00f3v\u00e3o e Barra dos Coqueiros, que fazem a Grande Aracaju, a ONG contabilizou 349 homic\u00eddios naquele ano, representando uma taxa de homic\u00eddio de 37,70.<\/p>\n<p style=\"text-align: justify;\">As outras cidades brasileiras que aparecem no ranking s\u00e3o: Macap\u00e1 (48\u00b0), Curitiba (44\u00b0), Porto Alegre (43\u00b0), Campina Grande (40\u00b0), Campos dos Goytacazes (39\u00b0), Recife (37\u00b0), Vit\u00f3ria da Conquista (36\u00b0), Vit\u00f3ria (31\u00b0), Teresina (30\u00b0), Goi\u00e2nia (29\u00b0), Feira de Santana (27\u00b0), Bel\u00e9m (26\u00b0), Manaus (23\u00b0), Cuiab\u00e1 (22\u00b0), S\u00e3o Lu\u00eds (21\u00b0), Macei\u00f3 (18\u00b0), Jo\u00e3o Pessoa (16\u00b0), Salvador (14\u00b0), Natal (13\u00b0), Fortaleza (12\u00b0).<\/p>\n<p style=\"text-align: justify;\">Caracas, na Venezuela, San Pedro Sula, em Honduras, San Salvador, em El Salvador, Acapulco, no M\u00e9xico, e Matur\u00edn, tamb\u00e9m na Venezuela, s\u00e3o as cinco cidades mais violentas do mundo, segundo o ranking.<\/p>\n<p style=\"text-align: justify;\">\n<p style=\"text-align: justify;\"><img loading=\"lazy\" decoding=\"async\" class=\"aligncenter size-full wp-image-103721\" src=\"http:\/\/senoticias.com.br\/se\/wp-content\/uploads\/2017\/06\/Logo-fone-1-2-1-2-4-2-1.jpg\" alt=\"Logo-fone-1-2-1-2-4-2-1\" width=\"599\" height=\"78\" srcset=\"https:\/\/senoticias.com.br\/se\/wp-content\/uploads\/2017\/06\/Logo-fone-1-2-1-2-4-2-1.jpg 599w, https:\/\/senoticias.com.br\/se\/wp-content\/uploads\/2017\/06\/Logo-fone-1-2-1-2-4-2-1-300x39.jpg 300w\" sizes=\"(max-width: 599px) 100vw, 599px\" \/><\/p>\n<p style=\"text-align: justify;\">\n<p style=\"text-align: justify;\"><strong>Acompanhe tamb\u00e9m o SE Not\u00edcias no<\/strong><span class=\"apple-converted-space\"><b>\u00a0<\/b><\/span><a href=\"https:\/\/twitter.com\/Senoticias\" target=\"_blank\"><b>Twitter<\/b><\/a><strong>,<\/strong><span class=\"apple-converted-space\"><b>\u00a0<\/b><\/span><a href=\"https:\/\/www.facebook.com\/senoticias1\" target=\"_blank\"><b>Facebook<\/b><span class=\"apple-converted-space\"><b>\u00a0<\/b><\/span><\/a><strong>e no<\/strong><span class=\"apple-converted-space\"><b>\u00a0<\/b><\/span><a href=\"https:\/\/www.instagram.com\/senoticias\/\" target=\"_blank\"><b>Instagram<\/b><\/a><\/p>\n<p style=\"text-align: justify;\">Da reda\u00e7\u00e3o do SE Not\u00edcias<\/p>\n","protected":false},"excerpt":{"rendered":"<p>A ONG mexicana Seguridad, Justicia y Paz divulgou um ranking com as 50 cidades mais violentas do mundo em 2015. Na lista, que s\u00f3 contabiliza cidades com mais de 100 mil habitantes, 21 s\u00e3o brasileiras e Aracaju ocupa a 38\u00b0 posi\u00e7\u00e3o. Com 925.744 habitantes, somando a popula\u00e7\u00e3o dos munic\u00edpios de Nossa Senhora do Socorro, S\u00e3o [&hellip;]<\/p>\n","protected":false},"author":2,"featured_media":0,"comment_status":"closed","ping_status":"closed","sticky":false,"template":"","format":"standard","meta":{"footnotes":""},"categories":[38],"tags":[339,3995,857],"class_list":{"0":"post-103773","1":"post","2":"type-post","3":"status-publish","4":"format-standard","6":"category-municipios","7":"tag-aracaju","8":"tag-ong","9":"tag-violencia"},"_links":{"self":[{"href":"https:\/\/senoticias.com.br\/se\/wp-json\/wp\/v2\/posts\/103773"}],"collection":[{"href":"https:\/\/senoticias.com.br\/se\/wp-json\/wp\/v2\/posts"}],"about":[{"href":"https:\/\/senoticias.com.br\/se\/wp-json\/wp\/v2\/types\/post"}],"author":[{"embeddable":true,"href":"https:\/\/senoticias.com.br\/se\/wp-json\/wp\/v2\/users\/2"}],"replies":[{"embeddable":true,"href":"https:\/\/senoticias.com.br\/se\/wp-json\/wp\/v2\/comments?post=103773"}],"version-history":[{"count":0,"href":"https:\/\/senoticias.com.br\/se\/wp-json\/wp\/v2\/posts\/103773\/revisions"}],"wp:attachment":[{"href":"https:\/\/senoticias.com.br\/se\/wp-json\/wp\/v2\/media?parent=103773"}],"wp:term":[{"taxonomy":"category","embeddable":true,"href":"https:\/\/senoticias.com.br\/se\/wp-json\/wp\/v2\/categories?post=103773"},{"taxonomy":"post_tag","embeddable":true,"href":"https:\/\/senoticias.com.br\/se\/wp-json\/wp\/v2\/tags?post=103773"}],"curies":[{"name":"wp","href":"https:\/\/api.w.org\/{rel}","templated":true}]}}