{"id":103771,"date":"2017-06-05T16:23:20","date_gmt":"2017-06-05T19:23:20","guid":{"rendered":"http:\/\/senoticias.com.br\/se\/?p=103771"},"modified":"2017-06-05T16:23:20","modified_gmt":"2017-06-05T19:23:20","slug":"vacina-contra-a-gripe-esta-disponivel-a-partir-de-hoje-para-toda-a-populacao","status":"publish","type":"post","link":"https:\/\/senoticias.com.br\/se\/vacina-contra-a-gripe-esta-disponivel-a-partir-de-hoje-para-toda-a-populacao\/","title":{"rendered":"Vacina contra a gripe est\u00e1 dispon\u00edvel a partir de hoje para toda a popula\u00e7\u00e3o"},"content":{"rendered":"<p style=\"text-align: justify;\">A partir de hoje (5), a vacina contra a gripe est\u00e1 dispon\u00edvel para toda a popula\u00e7\u00e3o. Com 76,7% do p\u00fablico-alvo vacinado, o Minist\u00e9rio da Sa\u00fade orientou estados e munic\u00edpios a ofertar a vacina para todas as faixas et\u00e1rias, enquanto durarem os estoques. A medida s\u00f3 \u00e9 v\u00e1lida neste ano e foi adotada porque ainda h\u00e1 um estoque dispon\u00edvel de 10 milh\u00f5es de doses. Cada estado ou munic\u00edpio tem autonomia para decidir sobre a libera\u00e7\u00e3o da vacina.<\/p>\n<div id=\"attachment_103772\" style=\"width: 590px\" class=\"wp-caption aligncenter\"><img loading=\"lazy\" decoding=\"async\" aria-describedby=\"caption-attachment-103772\" class=\"size-full wp-image-103772\" src=\"http:\/\/senoticias.com.br\/se\/wp-content\/uploads\/2017\/06\/1076426-df_edita82t4959.jpg\" alt=\"A medida s\u00f3 \u00e9 v\u00e1lida neste ano e foi adotada porque ainda h\u00e1 um estoque dispon\u00edvel de 10 milh\u00f5es de doses. A campanha vai at\u00e9 sexta-feira (9) Marcello Casal Jr\/Ag\u00eancia Brasil\" width=\"580\" height=\"388\" srcset=\"https:\/\/senoticias.com.br\/se\/wp-content\/uploads\/2017\/06\/1076426-df_edita82t4959.jpg 580w, https:\/\/senoticias.com.br\/se\/wp-content\/uploads\/2017\/06\/1076426-df_edita82t4959-300x201.jpg 300w, https:\/\/senoticias.com.br\/se\/wp-content\/uploads\/2017\/06\/1076426-df_edita82t4959-90x60.jpg 90w, https:\/\/senoticias.com.br\/se\/wp-content\/uploads\/2017\/06\/1076426-df_edita82t4959-180x120.jpg 180w, https:\/\/senoticias.com.br\/se\/wp-content\/uploads\/2017\/06\/1076426-df_edita82t4959-95x64.jpg 95w\" sizes=\"(max-width: 580px) 100vw, 580px\" \/><p id=\"caption-attachment-103772\" class=\"wp-caption-text\">A medida s\u00f3 \u00e9 v\u00e1lida neste ano e foi adotada porque ainda h\u00e1 um estoque dispon\u00edvel de 10 milh\u00f5es de doses. A campanha vai at\u00e9 sexta-feira (9) Marcello Casal Jr\/Ag\u00eancia Brasil<\/p><\/div>\n<p style=\"text-align: justify;\">\nA campanha vai at\u00e9 sexta-feira (9). A meta \u00e9 de vacinar 90% do p\u00fablico-alvo, mas, at\u00e9 o momento, nenhum grupo priorit\u00e1rio atingiu o \u00edndice, que inclui crian\u00e7as de 6 meses a menores de 5 anos; pessoas com 60 anos ou mais; trabalhadores de sa\u00fade; povos ind\u00edgenas; gestantes e pu\u00e9rperas (mulheres at\u00e9 45 dias ap\u00f3s o parto); popula\u00e7\u00e3o privada de liberdade; funcion\u00e1rios do sistema prisional; pessoas com doen\u00e7as cr\u00f4nicas n\u00e3o transmiss\u00edveis ou outras condi\u00e7\u00f5es cl\u00ednicas especiais; e professores.<\/p>\n<p style=\"text-align: justify;\">O minist\u00e9rio alerta sobre a import\u00e2ncia do p\u00fablico-alvo ainda se imunizar para evitar a gripe e seus poss\u00edveis agravamentos e ressaltou que a amplia\u00e7\u00e3o do p\u00fablico nesta \u00faltima semana da campanha ocorrer\u00e1 porque ainda h\u00e1 doses dispon\u00edveis. O Amap\u00e1 \u00e9 o \u00fanico estado que atingiu a meta at\u00e9 este momento, com 95,6% do p\u00fablico-alvo vacinado.<\/p>\n<p style=\"text-align: justify;\">A vacina disponibilizada pelo Minist\u00e9rio da Sa\u00fade desde o dia 17 de abril protege contra os tr\u00eas subtipos do v\u00edrus da gripe determinados pela Organiza\u00e7\u00e3o Mundial da Sa\u00fade para este ano (A\/H1N1; A\/H3N2 e influenza B). Segundo a pasta, estudos demonstram que a vacina\u00e7\u00e3o pode reduzir entre 32% e 45% o n\u00famero de hospitaliza\u00e7\u00f5es por pneumonias e de 39% a 75% a mortalidade por complica\u00e7\u00f5es da influenza.<\/p>\n<p style=\"text-align: justify;\">De acordo com o minist\u00e9rio, \u00e9 fundamental que as pessoas se vacinem neste momento para estarem protegidas durante o inverno, quando os diversos v\u00edrus da influenza come\u00e7am a circular com maior intensidade. O organismo leva, em m\u00e9dia, de duas a tr\u00eas semanas para criar os anticorpos que geram prote\u00e7\u00e3o.<\/p>\n<p style=\"text-align: justify;\">\n<p style=\"text-align: justify;\"><img loading=\"lazy\" decoding=\"async\" class=\"aligncenter size-full wp-image-103721\" src=\"http:\/\/senoticias.com.br\/se\/wp-content\/uploads\/2017\/06\/Logo-fone-1-2-1-2-4-2-1.jpg\" alt=\"Logo-fone-1-2-1-2-4-2-1\" width=\"599\" height=\"78\" srcset=\"https:\/\/senoticias.com.br\/se\/wp-content\/uploads\/2017\/06\/Logo-fone-1-2-1-2-4-2-1.jpg 599w, https:\/\/senoticias.com.br\/se\/wp-content\/uploads\/2017\/06\/Logo-fone-1-2-1-2-4-2-1-300x39.jpg 300w\" sizes=\"(max-width: 599px) 100vw, 599px\" \/><\/p>\n<p style=\"text-align: justify;\">\n<p><strong>Acompanhe tamb\u00e9m o SE Not\u00edcias no<\/strong><span class=\"apple-converted-space\"><b>\u00a0<\/b><\/span><a href=\"https:\/\/twitter.com\/Senoticias\" target=\"_blank\"><b>Twitter<\/b><\/a><strong>,<\/strong><span class=\"apple-converted-space\"><b>\u00a0<\/b><\/span><a href=\"https:\/\/www.facebook.com\/senoticias1\" target=\"_blank\"><b>Facebook<\/b><span class=\"apple-converted-space\"><b>\u00a0<\/b><\/span><\/a><strong>e no<\/strong><span class=\"apple-converted-space\"><b>\u00a0<\/b><\/span><a href=\"https:\/\/www.instagram.com\/senoticias\/\" target=\"_blank\"><b>Instagram<\/b><\/a><\/p>\n<p>Por Ag\u00eancia Brasil<\/p>\n","protected":false},"excerpt":{"rendered":"<p>A partir de hoje (5), a vacina contra a gripe est\u00e1 dispon\u00edvel para toda a popula\u00e7\u00e3o. Com 76,7% do p\u00fablico-alvo vacinado, o Minist\u00e9rio da Sa\u00fade orientou estados e munic\u00edpios a ofertar a vacina para todas as faixas et\u00e1rias, enquanto durarem os estoques. A medida s\u00f3 \u00e9 v\u00e1lida neste ano e foi adotada porque ainda h\u00e1 [&hellip;]<\/p>\n","protected":false},"author":2,"featured_media":0,"comment_status":"closed","ping_status":"closed","sticky":false,"template":"","format":"standard","meta":{"footnotes":""},"categories":[2961],"tags":[553,1304,3994],"class_list":{"0":"post-103771","1":"post","2":"type-post","3":"status-publish","4":"format-standard","6":"category-nacional","7":"tag-gripe","8":"tag-saude","9":"tag-vacinas"},"_links":{"self":[{"href":"https:\/\/senoticias.com.br\/se\/wp-json\/wp\/v2\/posts\/103771"}],"collection":[{"href":"https:\/\/senoticias.com.br\/se\/wp-json\/wp\/v2\/posts"}],"about":[{"href":"https:\/\/senoticias.com.br\/se\/wp-json\/wp\/v2\/types\/post"}],"author":[{"embeddable":true,"href":"https:\/\/senoticias.com.br\/se\/wp-json\/wp\/v2\/users\/2"}],"replies":[{"embeddable":true,"href":"https:\/\/senoticias.com.br\/se\/wp-json\/wp\/v2\/comments?post=103771"}],"version-history":[{"count":0,"href":"https:\/\/senoticias.com.br\/se\/wp-json\/wp\/v2\/posts\/103771\/revisions"}],"wp:attachment":[{"href":"https:\/\/senoticias.com.br\/se\/wp-json\/wp\/v2\/media?parent=103771"}],"wp:term":[{"taxonomy":"category","embeddable":true,"href":"https:\/\/senoticias.com.br\/se\/wp-json\/wp\/v2\/categories?post=103771"},{"taxonomy":"post_tag","embeddable":true,"href":"https:\/\/senoticias.com.br\/se\/wp-json\/wp\/v2\/tags?post=103771"}],"curies":[{"name":"wp","href":"https:\/\/api.w.org\/{rel}","templated":true}]}}