{"id":103764,"date":"2017-06-05T15:37:33","date_gmt":"2017-06-05T18:37:33","guid":{"rendered":"http:\/\/senoticias.com.br\/se\/?p=103764"},"modified":"2017-06-05T18:31:40","modified_gmt":"2017-06-05T21:31:40","slug":"prefeitura-de-aracaju-anuncia-vagas-de-emprego-para-secretario-bibliotecario-tecnico-em-ti-acougueiro-e-guardiao-de-piscina","status":"publish","type":"post","link":"https:\/\/senoticias.com.br\/se\/prefeitura-de-aracaju-anuncia-vagas-de-emprego-para-secretario-bibliotecario-tecnico-em-ti-acougueiro-e-guardiao-de-piscina\/","title":{"rendered":"Prefeitura de Aracaju anuncia vagas de emprego para secret\u00e1rio, bibliotec\u00e1rio, t\u00e9cnico em TI, a\u00e7ougueiro e guardi\u00e3o de piscina"},"content":{"rendered":"<p style=\"text-align: justify;\">A Ag\u00eancia do Trabalhador, setor da Funda\u00e7\u00e3o Municipal de Forma\u00e7\u00e3o para o Trabalho (Fundat) respons\u00e1vel pelo encaminhamento ao mercado de trabalho, est\u00e1 com vagas de emprego abertas para as fun\u00e7\u00f5es de secret\u00e1rio acad\u00eamico, bibliotec\u00e1rio, t\u00e9cnico em Tecnologia da Informa\u00e7\u00e3o (TI), a\u00e7ougueiro e guardi\u00e3o de piscina.<\/p>\n<div id=\"attachment_103765\" style=\"width: 609px\" class=\"wp-caption aligncenter\"><img loading=\"lazy\" decoding=\"async\" aria-describedby=\"caption-attachment-103765\" class=\"size-full wp-image-103765\" src=\"http:\/\/senoticias.com.br\/se\/wp-content\/uploads\/2017\/06\/agencia_do_trabalhador-e1496687780531.jpg\" alt=\"Imagem: Ascom\/Fundat\" width=\"599\" height=\"400\" \/><p id=\"caption-attachment-103765\" class=\"wp-caption-text\">Imagem: Ascom\/Fundat<\/p><\/div>\n<p style=\"text-align: justify;\">Os interessados em participar do processo de sele\u00e7\u00e3o para os cargos de secret\u00e1rio setorial e bibliotec\u00e1rio precisam ter n\u00edvel superior completo e experi\u00eancia na \u00e1rea, mas \u00e0queles que desejam concorrer \u00e0s vagas de a\u00e7ougueiro e guardi\u00e3o de piscina \u00e9 necess\u00e1ria somente experi\u00eancia.<\/p>\n<p style=\"text-align: justify;\">Os cidad\u00e3os que tiverem interesse em uma destas oportunidades devem comparecer \u00e0 Ag\u00eancia do Trabalhador, munidos de curr\u00edculo, RG, CPF, comprovante de resid\u00eancia e Carteira de Trabalho e Previd\u00eancia Social (CTPS). O setor funciona de segunda \u00e0 sexta-feira, das 7h30 \u00e0s 17h, na sede da Fundat, localizada na Rua Pacatuba, n\u00b0 104, Centro. Para mais informa\u00e7\u00f5es, o interessado deve entrar em contato por meio do telefone (79) 3179-1331.<\/p>\n<p style=\"text-align: justify;\"><img loading=\"lazy\" decoding=\"async\" class=\"aligncenter size-full wp-image-103721\" src=\"http:\/\/senoticias.com.br\/se\/wp-content\/uploads\/2017\/06\/Logo-fone-1-2-1-2-4-2-1.jpg\" alt=\"Logo-fone-1-2-1-2-4-2-1\" width=\"599\" height=\"78\" srcset=\"https:\/\/senoticias.com.br\/se\/wp-content\/uploads\/2017\/06\/Logo-fone-1-2-1-2-4-2-1.jpg 599w, https:\/\/senoticias.com.br\/se\/wp-content\/uploads\/2017\/06\/Logo-fone-1-2-1-2-4-2-1-300x39.jpg 300w\" sizes=\"(max-width: 599px) 100vw, 599px\" \/><\/p>\n<p><strong>Acompanhe tamb\u00e9m o SE Not\u00edcias no<\/strong><span class=\"apple-converted-space\"><b>\u00a0<\/b><\/span><a href=\"https:\/\/twitter.com\/Senoticias\" target=\"_blank\"><b>Twitter<\/b><\/a><strong>,<\/strong><span class=\"apple-converted-space\"><b>\u00a0<\/b><\/span><a href=\"https:\/\/www.facebook.com\/senoticias1\" target=\"_blank\"><b>Facebook<\/b><span class=\"apple-converted-space\"><b>\u00a0<\/b><\/span><\/a><strong>e no<\/strong><span class=\"apple-converted-space\"><b>\u00a0<\/b><\/span><a href=\"https:\/\/www.instagram.com\/senoticias\/\" target=\"_blank\"><b>Instagram<\/b><\/a><\/p>\n<p><em>Por\u00a0Ag\u00eancia Aracaju de Not\u00edcias<\/em><\/p>\n","protected":false},"excerpt":{"rendered":"<p>A Ag\u00eancia do Trabalhador, setor da Funda\u00e7\u00e3o Municipal de Forma\u00e7\u00e3o para o Trabalho (Fundat) respons\u00e1vel pelo encaminhamento ao mercado de trabalho, est\u00e1 com vagas de emprego abertas para as fun\u00e7\u00f5es de secret\u00e1rio acad\u00eamico, bibliotec\u00e1rio, t\u00e9cnico em Tecnologia da Informa\u00e7\u00e3o (TI), a\u00e7ougueiro e guardi\u00e3o de piscina. Os interessados em participar do processo de sele\u00e7\u00e3o para os [&hellip;]<\/p>\n","protected":false},"author":2,"featured_media":0,"comment_status":"closed","ping_status":"closed","sticky":false,"template":"","format":"standard","meta":{"footnotes":""},"categories":[15,10],"tags":[339,3027,641,3028],"class_list":{"0":"post-103764","1":"post","2":"type-post","3":"status-publish","4":"format-standard","6":"category-destaques","7":"category-empregos","8":"tag-aracaju","9":"tag-emprego","10":"tag-fundat","11":"tag-vagas"},"_links":{"self":[{"href":"https:\/\/senoticias.com.br\/se\/wp-json\/wp\/v2\/posts\/103764"}],"collection":[{"href":"https:\/\/senoticias.com.br\/se\/wp-json\/wp\/v2\/posts"}],"about":[{"href":"https:\/\/senoticias.com.br\/se\/wp-json\/wp\/v2\/types\/post"}],"author":[{"embeddable":true,"href":"https:\/\/senoticias.com.br\/se\/wp-json\/wp\/v2\/users\/2"}],"replies":[{"embeddable":true,"href":"https:\/\/senoticias.com.br\/se\/wp-json\/wp\/v2\/comments?post=103764"}],"version-history":[{"count":0,"href":"https:\/\/senoticias.com.br\/se\/wp-json\/wp\/v2\/posts\/103764\/revisions"}],"wp:attachment":[{"href":"https:\/\/senoticias.com.br\/se\/wp-json\/wp\/v2\/media?parent=103764"}],"wp:term":[{"taxonomy":"category","embeddable":true,"href":"https:\/\/senoticias.com.br\/se\/wp-json\/wp\/v2\/categories?post=103764"},{"taxonomy":"post_tag","embeddable":true,"href":"https:\/\/senoticias.com.br\/se\/wp-json\/wp\/v2\/tags?post=103764"}],"curies":[{"name":"wp","href":"https:\/\/api.w.org\/{rel}","templated":true}]}}