{"id":103762,"date":"2017-06-05T15:27:48","date_gmt":"2017-06-05T18:27:48","guid":{"rendered":"http:\/\/senoticias.com.br\/se\/?p=103762"},"modified":"2017-06-05T15:27:48","modified_gmt":"2017-06-05T18:27:48","slug":"smtt-aracaju-instala-radares-na-beira-mar-tancredo-neves-e-adel-nunes","status":"publish","type":"post","link":"https:\/\/senoticias.com.br\/se\/smtt-aracaju-instala-radares-na-beira-mar-tancredo-neves-e-adel-nunes\/","title":{"rendered":"SMTT Aracaju instala radares na Beira Mar, Tancredo Neves e Adel Nunes"},"content":{"rendered":"<p style=\"text-align: justify;\">At\u00e9 o fim de junho, a Superintend\u00eancia Municipal de Transporte e Tr\u00e2nsito de Aracaju (SMTT) vai remanejar equipamentos de fiscaliza\u00e7\u00e3o eletr\u00f4nica para quatro pontos da capital. A medida tem como objetivo prevenir acidentes e atender os anseios de moradores das regi\u00f5es em quest\u00e3o.<\/p>\n<p style=\"text-align: justify;\">Dos quatro novos pontos, dois est\u00e3o na avenida Beira Mar: o trecho pr\u00f3ximo \u00e0 curva do Iate Clube e o outro, em frente \u00e0 sede da Embrapa.<\/p>\n<div id=\"attachment_103763\" style=\"width: 609px\" class=\"wp-caption aligncenter\"><img loading=\"lazy\" decoding=\"async\" aria-describedby=\"caption-attachment-103763\" class=\"size-full wp-image-103763\" src=\"http:\/\/senoticias.com.br\/se\/wp-content\/uploads\/2017\/06\/radar-SENOTICIAS-e1496686583902.jpeg\" alt=\"Foto: SMTT\" width=\"599\" height=\"449\" \/><p id=\"caption-attachment-103763\" class=\"wp-caption-text\">Foto: SMTT<\/p><\/div>\n<p style=\"text-align: justify;\">Os outros dois est\u00e3o na avenida Tancredo Neves (trecho que d\u00e1 acesso ao conjunto Beira Rio, no In\u00e1cio Barbosa) e na avenida Adel Nunes (que liga o bairro In\u00e1cio Barbosa ao conjunto Augusto Franco). Na Adel Nunes, desde maio h\u00e1 um radar m\u00f3vel operando, mas apenas em car\u00e1ter educativo &#8211; sem autua\u00e7\u00f5es.<\/p>\n<p style=\"text-align: justify;\">Em todos estes locais, a velocidade m\u00e1xima permitida \u00e9 de 60 quil\u00f4metros por hora. Os equipamentos entrar\u00e3o em funcionamento at\u00e9 o fim de junho, quando todos estar\u00e3o instalados e aferidos pelo Inmetro. A data de in\u00edcio da opera\u00e7\u00e3o de cada radar ser\u00e1 divulgada previamente pela SMTT de Aracaju.<\/p>\n<p style=\"text-align: justify;\"><strong>Remanejamento<\/strong><\/p>\n<p style=\"text-align: justify;\">Os equipamentos de fiscaliza\u00e7\u00e3o eletr\u00f4nica que ser\u00e3o instalados nas avenidas j\u00e1 citadas ser\u00e3o retirados dos seguintes pontos: rua S\u00e3o Crist\u00f3v\u00e3o com avenida Augusto Franco; avenida Maranh\u00e3o com avenida Euclides Figueiredo; rua Urbano Neto com avenida M\u00e1rio Jorge (dois sentidos); avenida Jo\u00e3o Ribeiro com avenida Coelho Campos (dois sentidos); avenida Ant\u00f4nio Alves com avenida Her\u00e1clito Rolemberg; e avenida Tancredo Neves com avenida Beira Mar.<\/p>\n<p style=\"text-align: justify;\">\n<p style=\"text-align: justify;\"><img loading=\"lazy\" decoding=\"async\" class=\"aligncenter size-full wp-image-103721\" src=\"http:\/\/senoticias.com.br\/se\/wp-content\/uploads\/2017\/06\/Logo-fone-1-2-1-2-4-2-1.jpg\" alt=\"Logo-fone-1-2-1-2-4-2-1\" width=\"599\" height=\"78\" srcset=\"https:\/\/senoticias.com.br\/se\/wp-content\/uploads\/2017\/06\/Logo-fone-1-2-1-2-4-2-1.jpg 599w, https:\/\/senoticias.com.br\/se\/wp-content\/uploads\/2017\/06\/Logo-fone-1-2-1-2-4-2-1-300x39.jpg 300w\" sizes=\"(max-width: 599px) 100vw, 599px\" \/><\/p>\n<p style=\"text-align: justify;\">\n<p><strong>Acompanhe tamb\u00e9m o SE Not\u00edcias no<\/strong><span class=\"apple-converted-space\"><b>\u00a0<\/b><\/span><a href=\"https:\/\/twitter.com\/Senoticias\" target=\"_blank\"><b>Twitter<\/b><\/a><strong>,<\/strong><span class=\"apple-converted-space\"><b>\u00a0<\/b><\/span><a href=\"https:\/\/www.facebook.com\/senoticias1\" target=\"_blank\"><b>Facebook<\/b><span class=\"apple-converted-space\"><b>\u00a0<\/b><\/span><\/a><strong>e no<\/strong><span class=\"apple-converted-space\"><b>\u00a0<\/b><\/span><a href=\"https:\/\/www.instagram.com\/senoticias\/\" target=\"_blank\"><b>Instagram<\/b><\/a><\/p>\n<p>Por ASN<\/p>\n","protected":false},"excerpt":{"rendered":"<p>At\u00e9 o fim de junho, a Superintend\u00eancia Municipal de Transporte e Tr\u00e2nsito de Aracaju (SMTT) vai remanejar equipamentos de fiscaliza\u00e7\u00e3o eletr\u00f4nica para quatro pontos da capital. A medida tem como objetivo prevenir acidentes e atender os anseios de moradores das regi\u00f5es em quest\u00e3o. Dos quatro novos pontos, dois est\u00e3o na avenida Beira Mar: o trecho [&hellip;]<\/p>\n","protected":false},"author":2,"featured_media":0,"comment_status":"closed","ping_status":"closed","sticky":false,"template":"","format":"standard","meta":{"footnotes":""},"categories":[38],"tags":[339,2979,3320],"class_list":{"0":"post-103762","1":"post","2":"type-post","3":"status-publish","4":"format-standard","6":"category-municipios","7":"tag-aracaju","8":"tag-smtt","9":"tag-transito"},"_links":{"self":[{"href":"https:\/\/senoticias.com.br\/se\/wp-json\/wp\/v2\/posts\/103762"}],"collection":[{"href":"https:\/\/senoticias.com.br\/se\/wp-json\/wp\/v2\/posts"}],"about":[{"href":"https:\/\/senoticias.com.br\/se\/wp-json\/wp\/v2\/types\/post"}],"author":[{"embeddable":true,"href":"https:\/\/senoticias.com.br\/se\/wp-json\/wp\/v2\/users\/2"}],"replies":[{"embeddable":true,"href":"https:\/\/senoticias.com.br\/se\/wp-json\/wp\/v2\/comments?post=103762"}],"version-history":[{"count":0,"href":"https:\/\/senoticias.com.br\/se\/wp-json\/wp\/v2\/posts\/103762\/revisions"}],"wp:attachment":[{"href":"https:\/\/senoticias.com.br\/se\/wp-json\/wp\/v2\/media?parent=103762"}],"wp:term":[{"taxonomy":"category","embeddable":true,"href":"https:\/\/senoticias.com.br\/se\/wp-json\/wp\/v2\/categories?post=103762"},{"taxonomy":"post_tag","embeddable":true,"href":"https:\/\/senoticias.com.br\/se\/wp-json\/wp\/v2\/tags?post=103762"}],"curies":[{"name":"wp","href":"https:\/\/api.w.org\/{rel}","templated":true}]}}