{"id":103713,"date":"2017-06-02T21:40:48","date_gmt":"2017-06-03T00:40:48","guid":{"rendered":"http:\/\/senoticias.com.br\/se\/?p=103713"},"modified":"2017-06-04T14:07:05","modified_gmt":"2017-06-04T17:07:05","slug":"acao-conjunta-entre-dhpp-e-forca-nacional-resulta-na-prisao-de-14-pessoas","status":"publish","type":"post","link":"https:\/\/senoticias.com.br\/se\/acao-conjunta-entre-dhpp-e-forca-nacional-resulta-na-prisao-de-14-pessoas\/","title":{"rendered":"A\u00e7\u00e3o conjunta entre DHPP e For\u00e7a Nacional resulta na pris\u00e3o de 14 pessoas; veja os nomes"},"content":{"rendered":"<div style=\"text-align: justify;\">\n<p>A Pol\u00edcia Civil de Sergipe, por meio do Departamento de Homic\u00eddios e Prote\u00e7\u00e3o \u00e0 Pessoa (DHPP), em parceria com a For\u00e7a Nacional, realizou na manh\u00e3 desta sexta-feira, 02, a pris\u00e3o de tr\u00eas indiv\u00edduos acusados pelo homic\u00eddio que vitimou Neilson Evangelista dos Santos, 34 anos, ocorrido no dia 21 de novembro de 2016, em uma localidade conhecida como \u201cMalvinas\u201d, zona de expans\u00e3o de Aracaju.<\/p>\n<div id=\"attachment_103714\" style=\"width: 609px\" class=\"wp-caption aligncenter\"><img loading=\"lazy\" decoding=\"async\" aria-describedby=\"caption-attachment-103714\" class=\"size-full wp-image-103714\" src=\"http:\/\/senoticias.com.br\/se\/wp-content\/uploads\/2017\/06\/DHPP-SENOTICIAS-e1496451055228.jpg\" alt=\"Opera\u00e7\u00e3o visou cumprir mandados de pris\u00e3o por crimes de homic\u00eddios na zona de expans\u00e3o\" width=\"599\" height=\"377\" \/><p id=\"caption-attachment-103714\" class=\"wp-caption-text\">Opera\u00e7\u00e3o visou cumprir mandados de pris\u00e3o por crimes de homic\u00eddios na zona de expans\u00e3o. (Foto: arquivo\/SSP\/SE)<\/p><\/div>\n<\/div>\n<div style=\"text-align: justify;\">\n<p>A a\u00e7\u00e3o faz parte de uma opera\u00e7\u00e3o desencadeada pelo DHPP ao longo da semana, visando o cumprimento de mandados de pris\u00e3o relacionados a crimes de homic\u00eddios ocorridos na zona de expans\u00e3o de Aracaju. Ao total, 14 pessoas foram presas.<\/p>\n<\/div>\n<div style=\"text-align: justify;\">De acordo com a diretora do DHPP, delegada Thereza Simony, as investiga\u00e7\u00f5es iniciaram no intuito de descobrir a motiva\u00e7\u00e3o dos homic\u00eddios que estavam ocorrendo na regi\u00e3o do Mosqueiro e na \u00e1rea das Malvinas (proximidades do bairro Aeroporto). A partir dos primeiros levantamentos, ficou constatada a exist\u00eancia de dois grupos rivais existentes nas duas \u00e1reas que disputavam o controle do tr\u00e1fico de drogas e territorial. \u201cAp\u00f3s detectarmos esse cen\u00e1rio, formamos uma for\u00e7a-tarefa no sentido de investigar a atua\u00e7\u00e3o dos dois grupos e a rela\u00e7\u00e3o deles frente aos homic\u00eddios que ocorriam nas duas localidades\u201d, explicou Thereza Simony.<\/div>\n<p>&nbsp;<\/p>\n<div style=\"text-align: justify;\">\n<p>Logo, as equipes da 1\u00aa Divis\u00e3o do DHPP, coordenados pelo delegado K\u00e1ssio Viana, assumiram a investiga\u00e7\u00e3o que apurava o homic\u00eddio praticado contra Jos\u00e9 Maur\u00edcio, ocorrido em setembro de 2016. No decorrer, ficou constatado que a v\u00edtima, pertencente ao grupo que controlava a \u00e1rea do Mosqueiro, foi morta por tr\u00eas indiv\u00edduos da fac\u00e7\u00e3o rival. De posse dessas informa\u00e7\u00f5es, foi representada a pris\u00e3o trio, que teve mandado cumprido na \u00faltima quarta-feira, 31, na regi\u00e3o das Malvinas.<\/p>\n<\/div>\n<div style=\"text-align: justify;\">No mesmo dia, a equipe da diretoria do DHPP, coordenada pela delegada Thereza Simony, efetuou a pris\u00e3o de seis indiv\u00edduos, acusados pelo assassinato de Elicio Nascimento Santos, 22 anos, ocorrido no dia 11 de abril deste ano. De acordo com a diretora do DHPP, \u201co jovem pertencia ao grupo rival dos autores (da regi\u00e3o do Mosqueiro) e a motiva\u00e7\u00e3o estaria atrelada \u00e0 disputa territorial\u201d, ressaltou.<\/div>\n<p>&nbsp;<\/p>\n<div><strong>Opera\u00e7\u00e3o da FN nesta sexta<\/strong><\/div>\n<p>&nbsp;<\/p>\n<div style=\"text-align: justify;\">Em continuidade aos trabalhos de investiga\u00e7\u00e3o de homic\u00eddios ocorridos na regi\u00e3o, policiais da For\u00e7a Nacional, em parceria com agentes do DHPP, realizaram na manh\u00e3 desta sexta-feira, 02, a pris\u00e3o de dois indiv\u00edduos em cumprimento a mandados de pris\u00e3o pelo homic\u00eddio que vitimou Neilson Evangelista dos Santos, 34 anos, ocorrido em novembro de 2016. S\u00e3o eles: Fl\u00e1vio Alves dos Santos, mais conhecido como \u201cVaquinha\u201d; Vin\u00edcius C\u00e9sar Ferreira Bastos, vulgo \u201cPlayboy\u201d.<\/div>\n<p>&nbsp;<\/p>\n<div style=\"text-align: justify;\">\n<p>\u201cNo momento da pris\u00e3o, Fl\u00e1vio tentou fugir, mas acabou sendo contido. Com ele foram apreendidos drogas, cadernos com anota\u00e7\u00f5es do tr\u00e1fico, al\u00e9m de materiais utilizados para a comercializa\u00e7\u00e3o da droga. J\u00e1 Vin\u00edcius foi preso e com ele apreendido o carro utilizado no dia do crime\u201d, ressaltou o delegado da For\u00e7a Nacional, Robert Alencar.<\/p>\n<\/div>\n<div style=\"text-align: justify;\">\n<p>Ainda durante a opera\u00e7\u00e3o, tamb\u00e9m foi preso Thales Miguel dos Santos, conhecido como \u201cTat\u00e1\u201d, em cumprimento ao mandado de pris\u00e3o pelos crimes de tentativa de homic\u00eddio e roubo.<\/p>\n<\/div>\n<div style=\"text-align: justify;\">\n<p><strong>Em S\u00e3o Crist\u00f3v\u00e3o<\/strong><\/p>\n<p>&nbsp;<\/p>\n<\/div>\n<div style=\"text-align: justify;\">Em continuidade \u00e0s a\u00e7\u00f5es do DHPP, equipes da 5\u00aa Divis\u00e3o, coordenados pelo delegado \u00cdtalo Almeida, realizaram a pris\u00e3o de Willamis dos Santos Xavier e Vagner Barreto Oliveira. A dupla \u00e9 acusada pelo homic\u00eddio que vitimou o adolescente Bruno Manoel Santos Silva, 16 anos, ocorrido no Povoado Rita Cassete, em S\u00e3o Crist\u00f3v\u00e3o, no dia 28 de abril deste ano.<\/div>\n<div style=\"text-align: justify;\"><\/div>\n<div style=\"text-align: justify;\"><img loading=\"lazy\" decoding=\"async\" class=\"aligncenter size-full wp-image-103429\" src=\"http:\/\/senoticias.com.br\/se\/wp-content\/uploads\/2017\/05\/Logo-fone-1-2-1-2-4-2-1.jpg\" alt=\"Logo-fone-1-2-1-2-4-2\" width=\"599\" height=\"78\" srcset=\"https:\/\/senoticias.com.br\/se\/wp-content\/uploads\/2017\/05\/Logo-fone-1-2-1-2-4-2-1.jpg 599w, https:\/\/senoticias.com.br\/se\/wp-content\/uploads\/2017\/05\/Logo-fone-1-2-1-2-4-2-1-300x39.jpg 300w\" sizes=\"(max-width: 599px) 100vw, 599px\" \/><\/div>\n<div style=\"text-align: justify;\"><\/div>\n<div style=\"text-align: justify;\"><strong>Acompanhe tamb\u00e9m o SE Not\u00edcias no<\/strong><span class=\"apple-converted-space\"><b>\u00a0<\/b><\/span><a href=\"https:\/\/twitter.com\/Senoticias\" target=\"_blank\"><b>Twitter<\/b><\/a><strong>,<\/strong><span class=\"apple-converted-space\"><b>\u00a0<\/b><\/span><a href=\"https:\/\/www.facebook.com\/senoticias1\" target=\"_blank\"><b>Facebook<\/b><span class=\"apple-converted-space\"><b>\u00a0<\/b><\/span><\/a><strong>e no<\/strong><span class=\"apple-converted-space\"><b>\u00a0<\/b><\/span><a href=\"https:\/\/www.instagram.com\/senoticias\/\" target=\"_blank\"><b>Instagram<\/b><\/a><\/div>\n<div style=\"text-align: justify;\"><\/div>\n<div style=\"text-align: justify;\"><em>Informa\u00e7\u00f5es da SSP\/SE<\/em><\/div>\n","protected":false},"excerpt":{"rendered":"<p>A Pol\u00edcia Civil de Sergipe, por meio do Departamento de Homic\u00eddios e Prote\u00e7\u00e3o \u00e0 Pessoa (DHPP), em parceria com a For\u00e7a Nacional, realizou na manh\u00e3 desta sexta-feira, 02, a pris\u00e3o de tr\u00eas indiv\u00edduos acusados pelo homic\u00eddio que vitimou Neilson Evangelista dos Santos, 34 anos, ocorrido no dia 21 de novembro de 2016, em uma localidade [&hellip;]<\/p>\n","protected":false},"author":2,"featured_media":103714,"comment_status":"closed","ping_status":"closed","sticky":false,"template":"","format":"standard","meta":{"footnotes":""},"categories":[15,7],"tags":[2621,78,3966],"class_list":{"0":"post-103713","1":"post","2":"type-post","3":"status-publish","4":"format-standard","5":"has-post-thumbnail","7":"category-destaques","8":"category-policia","9":"tag-dhpp","10":"tag-policia-civil","11":"tag-suspeitos-de-homicidios"},"_links":{"self":[{"href":"https:\/\/senoticias.com.br\/se\/wp-json\/wp\/v2\/posts\/103713"}],"collection":[{"href":"https:\/\/senoticias.com.br\/se\/wp-json\/wp\/v2\/posts"}],"about":[{"href":"https:\/\/senoticias.com.br\/se\/wp-json\/wp\/v2\/types\/post"}],"author":[{"embeddable":true,"href":"https:\/\/senoticias.com.br\/se\/wp-json\/wp\/v2\/users\/2"}],"replies":[{"embeddable":true,"href":"https:\/\/senoticias.com.br\/se\/wp-json\/wp\/v2\/comments?post=103713"}],"version-history":[{"count":0,"href":"https:\/\/senoticias.com.br\/se\/wp-json\/wp\/v2\/posts\/103713\/revisions"}],"wp:featuredmedia":[{"embeddable":true,"href":"https:\/\/senoticias.com.br\/se\/wp-json\/wp\/v2\/media\/103714"}],"wp:attachment":[{"href":"https:\/\/senoticias.com.br\/se\/wp-json\/wp\/v2\/media?parent=103713"}],"wp:term":[{"taxonomy":"category","embeddable":true,"href":"https:\/\/senoticias.com.br\/se\/wp-json\/wp\/v2\/categories?post=103713"},{"taxonomy":"post_tag","embeddable":true,"href":"https:\/\/senoticias.com.br\/se\/wp-json\/wp\/v2\/tags?post=103713"}],"curies":[{"name":"wp","href":"https:\/\/api.w.org\/{rel}","templated":true}]}}