{"id":103703,"date":"2017-06-02T16:14:51","date_gmt":"2017-06-02T19:14:51","guid":{"rendered":"http:\/\/senoticias.com.br\/se\/?p=103703"},"modified":"2017-06-02T20:19:59","modified_gmt":"2017-06-02T23:19:59","slug":"projeto-de-lei-pretende-reorganizar-a-coleta-e-o-descarte-do-lixo-em-sao-cristovao","status":"publish","type":"post","link":"https:\/\/senoticias.com.br\/se\/projeto-de-lei-pretende-reorganizar-a-coleta-e-o-descarte-do-lixo-em-sao-cristovao\/","title":{"rendered":"Projeto de lei pretende reorganizar a coleta e o descarte do lixo em S\u00e3o Crist\u00f3v\u00e3o"},"content":{"rendered":"<p style=\"text-align: justify;\">Na sess\u00e3o desta quinta-feira, 1\u00b0 de junho, o vereador Paulo Junior (PSL) apresentou aos outros parlamentares um projeto de lei que regulamenta o descarte de lixo no munic\u00edpio de S\u00e3o Crist\u00f3v\u00e3o, vizinho \u00e0 capital Aracaju. O projeto n\u00b0 017\/2017 prev\u00ea a conscientiza\u00e7\u00e3o da comunidade sobre o descarte irregular de lixo e res\u00edduos nas vias p\u00fablicas do munic\u00edpio, de modo a diminuir a quantidade de pontos irregulares de descarte do lixo, al\u00e9m da instala\u00e7\u00e3o de caixas coletoras em alguns pontos.<\/p>\n<p style=\"text-align: justify;\">Durante a sua fala, Paulo Junior pediu que o prefeito Marcos Santana desenvolva junto com sua equipe campanhas de conscientiza\u00e7\u00e3o sobre a forma correta de descarte do lixo, entulhos e outros res\u00edduos. \u201cHoje, S\u00e3o Crist\u00f3v\u00e3o tem in\u00fameras lixeiras clandestinas. Com esse projeto, n\u00f3s queremos que a Prefeitura e a empresa contratada para realizar a coleta criem pontos de descarte correto do lixo, instalem caixas coletoras em pontos estrat\u00e9gicos e conscientizem a popula\u00e7\u00e3o. Queremos que a popula\u00e7\u00e3o tenha consci\u00eancia das consequ\u00eancias do descarte irregular do lixo. Recentemente vimos que durante as chuvas o lixo acumulado nas ruas acaba entupindo bueiros e causando enchentes\u201d, disse.<\/p>\n<div id=\"attachment_102481\" style=\"width: 609px\" class=\"wp-caption aligncenter\"><img loading=\"lazy\" decoding=\"async\" aria-describedby=\"caption-attachment-102481\" class=\"size-full wp-image-102481\" src=\"http:\/\/senoticias.com.br\/se\/wp-content\/uploads\/2017\/04\/IMG_3134-e1492642639149.jpg\" alt=\"De autoria do Vereador Paulo J\u00fanior, o projeto visa conscientizar a popula\u00e7\u00e3o sobre a import\u00e2ncia de reorgazinar a coleta de lixo. (Foto: arquivo SE Not\u00edcias) \" width=\"599\" height=\"399\" \/><p id=\"caption-attachment-102481\" class=\"wp-caption-text\">De autoria do Vereador Paulo J\u00fanior, o projeto visa conscientizar a popula\u00e7\u00e3o sobre a import\u00e2ncia de reorganizar a coleta de lixo. (Foto: arquivo SE Not\u00edcias)<\/p><\/div>\n<p style=\"text-align: justify;\">O presidente da C\u00e2mara de Vereadores do munic\u00edpio, Vanderlan Correia (PMDB), encaminhou o PL para a Comiss\u00e3o de Legisla\u00e7\u00e3o e Justi\u00e7a. Ap\u00f3s o parecer t\u00e9cnico, a proposta segue para aprecia\u00e7\u00e3o das comiss\u00f5es permanentes. Cumpridas essas etapas, e se ela n\u00e3o tiver sido arquivada em fases anteriores (no colegiado de Legisla\u00e7\u00e3o ou por iniciativa do pr\u00f3prio autor), ser\u00e1 discutida e votada em plen\u00e1rio.<\/p>\n<p><img loading=\"lazy\" decoding=\"async\" class=\"aligncenter size-full wp-image-103429\" src=\"http:\/\/senoticias.com.br\/se\/wp-content\/uploads\/2017\/05\/Logo-fone-1-2-1-2-4-2-1.jpg\" alt=\"Logo-fone-1-2-1-2-4-2\" width=\"599\" height=\"78\" srcset=\"https:\/\/senoticias.com.br\/se\/wp-content\/uploads\/2017\/05\/Logo-fone-1-2-1-2-4-2-1.jpg 599w, https:\/\/senoticias.com.br\/se\/wp-content\/uploads\/2017\/05\/Logo-fone-1-2-1-2-4-2-1-300x39.jpg 300w\" sizes=\"(max-width: 599px) 100vw, 599px\" \/><\/p>\n<p><strong>Acompanhe tamb\u00e9m o SE Not\u00edcias no<\/strong><span class=\"apple-converted-space\"><b>\u00a0<\/b><\/span><a href=\"https:\/\/twitter.com\/Senoticias\" target=\"_blank\"><b>Twitter<\/b><\/a><strong>,<\/strong><span class=\"apple-converted-space\"><b>\u00a0<\/b><\/span><a href=\"https:\/\/www.facebook.com\/senoticias1\" target=\"_blank\"><b>Facebook<\/b><span class=\"apple-converted-space\"><b>\u00a0<\/b><\/span><\/a><strong>e no<\/strong><span class=\"apple-converted-space\"><b>\u00a0<\/b><\/span><a href=\"https:\/\/www.instagram.com\/senoticias\/\" target=\"_blank\"><b>Instagram<\/b><\/a><\/p>\n<p><em>Reda\u00e7\u00e3o SE Not\u00edcias<\/em><\/p>\n<p>&nbsp;<\/p>\n<p>&nbsp;<\/p>\n<p>&nbsp;<\/p>\n","protected":false},"excerpt":{"rendered":"<p>Na sess\u00e3o desta quinta-feira, 1\u00b0 de junho, o vereador Paulo Junior (PSL) apresentou aos outros parlamentares um projeto de lei que regulamenta o descarte de lixo no munic\u00edpio de S\u00e3o Crist\u00f3v\u00e3o, vizinho \u00e0 capital Aracaju. O projeto n\u00b0 017\/2017 prev\u00ea a conscientiza\u00e7\u00e3o da comunidade sobre o descarte irregular de lixo e res\u00edduos nas vias p\u00fablicas [&hellip;]<\/p>\n","protected":false},"author":2,"featured_media":102481,"comment_status":"closed","ping_status":"closed","sticky":false,"template":"","format":"standard","meta":{"footnotes":""},"categories":[15,38],"tags":[3648,3961,3960,3959,3609,335],"class_list":{"0":"post-103703","1":"post","2":"type-post","3":"status-publish","4":"format-standard","5":"has-post-thumbnail","7":"category-destaques","8":"category-municipios","9":"tag-camara-de-vereadores","10":"tag-campanha-de-consientizacao","11":"tag-descarte-do-lixo","12":"tag-paulo-junior","13":"tag-projeto-de-lei","14":"tag-sao-cristovao"},"_links":{"self":[{"href":"https:\/\/senoticias.com.br\/se\/wp-json\/wp\/v2\/posts\/103703"}],"collection":[{"href":"https:\/\/senoticias.com.br\/se\/wp-json\/wp\/v2\/posts"}],"about":[{"href":"https:\/\/senoticias.com.br\/se\/wp-json\/wp\/v2\/types\/post"}],"author":[{"embeddable":true,"href":"https:\/\/senoticias.com.br\/se\/wp-json\/wp\/v2\/users\/2"}],"replies":[{"embeddable":true,"href":"https:\/\/senoticias.com.br\/se\/wp-json\/wp\/v2\/comments?post=103703"}],"version-history":[{"count":0,"href":"https:\/\/senoticias.com.br\/se\/wp-json\/wp\/v2\/posts\/103703\/revisions"}],"wp:featuredmedia":[{"embeddable":true,"href":"https:\/\/senoticias.com.br\/se\/wp-json\/wp\/v2\/media\/102481"}],"wp:attachment":[{"href":"https:\/\/senoticias.com.br\/se\/wp-json\/wp\/v2\/media?parent=103703"}],"wp:term":[{"taxonomy":"category","embeddable":true,"href":"https:\/\/senoticias.com.br\/se\/wp-json\/wp\/v2\/categories?post=103703"},{"taxonomy":"post_tag","embeddable":true,"href":"https:\/\/senoticias.com.br\/se\/wp-json\/wp\/v2\/tags?post=103703"}],"curies":[{"name":"wp","href":"https:\/\/api.w.org\/{rel}","templated":true}]}}