{"id":103677,"date":"2017-06-01T20:10:37","date_gmt":"2017-06-01T23:10:37","guid":{"rendered":"http:\/\/senoticias.com.br\/se\/?p=103677"},"modified":"2017-06-02T22:01:41","modified_gmt":"2017-06-03T01:01:41","slug":"governador-busca-agilizar-obras-da-ceasa-de-itabaiana","status":"publish","type":"post","link":"https:\/\/senoticias.com.br\/se\/governador-busca-agilizar-obras-da-ceasa-de-itabaiana\/","title":{"rendered":"Governador busca agilizar obras da Ceasa de Itabaiana"},"content":{"rendered":"<p>&nbsp;<\/p>\n<p style=\"text-align: justify;\">O governador do estado de Sergipe, Jackson Barreto, recebeu nesta quinta-feira, 1\u00b0, o prefeito de Itabaiana, Valmir de Francisquinho, juntamente com o secret\u00e1rio de Estado da Infraestrutura (Seinfra), Valmor Barbosa, e o diretor-presidente da construtora Celi, Luciano Barreto, para discutir detalhes sobre a constru\u00e7\u00e3o da nova Central de Abastecimento (Ceasa) no munic\u00edpio, obra que est\u00e1 or\u00e7ada em R$ 30 milh\u00f5es, recursos oriundos do Proinveste.<\/p>\n<div id=\"attachment_103680\" style=\"width: 609px\" class=\"wp-caption aligncenter\"><img loading=\"lazy\" decoding=\"async\" aria-describedby=\"caption-attachment-103680\" class=\"size-full wp-image-103680\" src=\"http:\/\/senoticias.com.br\/se\/wp-content\/uploads\/2017\/06\/JACKSON-COM-VALMIR-DE-FRANCISQUINHO-SENOTICIAS-e1496358496193.jpg\" alt=\"A audi\u00eancia foi requisitada pelo pr\u00f3prio governador a fim de esclarecer todas as d\u00favidas e tentar agilizar o processo de inicializa\u00e7\u00e3o das obras \/ Fotos: Marcelle Cristinne\/ASN\" width=\"599\" height=\"400\" \/><p id=\"caption-attachment-103680\" class=\"wp-caption-text\">A audi\u00eancia foi requisitada pelo pr\u00f3prio governador a fim de esclarecer todas as d\u00favidas e tentar agilizar o processo de inicializa\u00e7\u00e3o das obras. (Foto: Marcelle Cristinne\/ASN)<\/p><\/div>\n<p style=\"text-align: justify;\">A audi\u00eancia foi requisitada pelo pr\u00f3prio governador a fim de esclarecer todas as d\u00favidas e tentar agilizar o processo de inicializa\u00e7\u00e3o das obras. A Celi, vencedora da licita\u00e7\u00e3o, e a Seinfra devem enviar as \u00faltimas documenta\u00e7\u00f5es \u00e0 prefeitura para que haja a emiss\u00e3o da licen\u00e7a que permitir\u00e1 a constru\u00e7\u00e3o. Ap\u00f3s essa fase, a data de lan\u00e7amento finalmente poder\u00e1 ser marcada.<\/p>\n<p style=\"text-align: justify;\">\u201cA constru\u00e7\u00e3o dessa moderna central de abastecimento \u00e9 uma grande vit\u00f3ria para os itabaianenses, pois ela dialoga com toda regi\u00e3o do Agreste e Alto Sert\u00e3o. Todos sabemos que o munic\u00edpio \u00e9 um grande produtor de alimentos e \u00e9 naquela regi\u00e3o que os grandes projetos de irriga\u00e7\u00e3o est\u00e3o assentados. Assim, a Ceasa criar\u00e1 a perspectiva de uma amplia\u00e7\u00e3o ainda maior daquele centro comercial, que j\u00e1 \u00e9 um dos maiores do nosso estado. Esse espa\u00e7o era o que estava faltando para cuidar do abastecimento regional e da exporta\u00e7\u00e3o do que se produz ali, sobretudo atrav\u00e9s da gigantesca frota de caminh\u00f5es existente em Itabaiana, que \u00e9 um dos s\u00edmbolos mais representativos daquela cidade\u201d, declarou Jackson.<\/p>\n<p style=\"text-align: justify;\">Ainda de acordo com o governador, essa iniciativa se soma a outros investimentos que o Estado tem feito no munic\u00edpio. \u201cA Ceasa acaba se somando a v\u00e1rios outros investimentos que o governo do Estado est\u00e1 e vai fazer em Itabaiana. Um exemplo disso \u00e9 a rodovia que faz liga\u00e7\u00e3o com Itaporanga, encurtando dist\u00e2ncias, facilitando a mobilidade e criando maior perspectiva para a comercializa\u00e7\u00e3o da produ\u00e7\u00e3o local. S\u00e3o mais de R$ 200 milh\u00f5es somente nesse munic\u00edpio, que merece nossa aten\u00e7\u00e3o especial pela import\u00e2ncia econ\u00f4mica que ele tem para todos os sergipanos\u201d, refor\u00e7ou.<\/p>\n<p><strong>Outros investimentos<\/strong><\/p>\n<p style=\"text-align: justify;\">Itabaiana tamb\u00e9m recebe investimentos em coleta e tratamento de esgoto. 98% da interven\u00e7\u00e3o j\u00e1 est\u00e1 conclu\u00edda, restando apenas a chegada e instala\u00e7\u00e3o de equipamento ultravioleta. No total, s\u00e3o R$ 68 milh\u00f5es em saneamento para o munic\u00edpio, sendo R$ 23.012.019,82 relativos \u00e0 primeira fase e R$ 45 milh\u00f5es da segunda que, al\u00e9m de complementar os servi\u00e7os executados at\u00e9 o momento, ir\u00e1 promover a drenagem da sede de Itabaiana, permitindo que os moradores deixem de sofrer com enchentes.<\/p>\n<p style=\"text-align: justify;\">O munic\u00edpio tamb\u00e9m ir\u00e1 receber um gin\u00e1sio poliesportivo, que vai proporcionar acesso a um espa\u00e7o amplo e moderno para a pr\u00e1tica de atividades f\u00edsicas. O investimento de R$ 14.244.205,44, provenientes do programa Sergipe Cidades, \u00e9 um incentivo ao desenvolvimento dos esportes no interior. A previs\u00e3o \u00e9 que a popula\u00e7\u00e3o possa desfrutar da obra j\u00e1 no segundo semestre deste ano.<\/p>\n<p style=\"text-align: justify;\"><img loading=\"lazy\" decoding=\"async\" class=\"aligncenter size-full wp-image-103429\" src=\"http:\/\/senoticias.com.br\/se\/wp-content\/uploads\/2017\/05\/Logo-fone-1-2-1-2-4-2-1.jpg\" alt=\"Logo-fone-1-2-1-2-4-2\" width=\"599\" height=\"78\" srcset=\"https:\/\/senoticias.com.br\/se\/wp-content\/uploads\/2017\/05\/Logo-fone-1-2-1-2-4-2-1.jpg 599w, https:\/\/senoticias.com.br\/se\/wp-content\/uploads\/2017\/05\/Logo-fone-1-2-1-2-4-2-1-300x39.jpg 300w\" sizes=\"(max-width: 599px) 100vw, 599px\" \/><\/p>\n<p style=\"text-align: justify;\"><strong>Acompanhe tamb\u00e9m o SE Not\u00edcias no<\/strong><span class=\"apple-converted-space\"><b>\u00a0<\/b><\/span><a href=\"https:\/\/twitter.com\/Senoticias\" target=\"_blank\"><b>Twitter<\/b><\/a><strong>,<\/strong><span class=\"apple-converted-space\"><b>\u00a0<\/b><\/span><a href=\"https:\/\/www.facebook.com\/senoticias1\" target=\"_blank\"><b>Facebook<\/b><span class=\"apple-converted-space\"><b>\u00a0<\/b><\/span><\/a><strong>e no<\/strong><span class=\"apple-converted-space\"><b>\u00a0<\/b><\/span><a href=\"https:\/\/www.instagram.com\/senoticias\/\" target=\"_blank\"><b>Instagram<\/b><\/a><\/p>\n<p style=\"text-align: justify;\"><em>Ag\u00eancia Sergipe de Not\u00edcias<\/em><\/p>\n","protected":false},"excerpt":{"rendered":"<p>&nbsp; O governador do estado de Sergipe, Jackson Barreto, recebeu nesta quinta-feira, 1\u00b0, o prefeito de Itabaiana, Valmir de Francisquinho, juntamente com o secret\u00e1rio de Estado da Infraestrutura (Seinfra), Valmor Barbosa, e o diretor-presidente da construtora Celi, Luciano Barreto, para discutir detalhes sobre a constru\u00e7\u00e3o da nova Central de Abastecimento (Ceasa) no munic\u00edpio, obra que [&hellip;]<\/p>\n","protected":false},"author":2,"featured_media":103680,"comment_status":"closed","ping_status":"closed","sticky":false,"template":"","format":"standard","meta":{"footnotes":""},"categories":[15,6],"tags":[3945,2748],"class_list":{"0":"post-103677","1":"post","2":"type-post","3":"status-publish","4":"format-standard","5":"has-post-thumbnail","7":"category-destaques","8":"category-politica","9":"tag-ceasa-de-itabaiana","10":"tag-governador"},"_links":{"self":[{"href":"https:\/\/senoticias.com.br\/se\/wp-json\/wp\/v2\/posts\/103677"}],"collection":[{"href":"https:\/\/senoticias.com.br\/se\/wp-json\/wp\/v2\/posts"}],"about":[{"href":"https:\/\/senoticias.com.br\/se\/wp-json\/wp\/v2\/types\/post"}],"author":[{"embeddable":true,"href":"https:\/\/senoticias.com.br\/se\/wp-json\/wp\/v2\/users\/2"}],"replies":[{"embeddable":true,"href":"https:\/\/senoticias.com.br\/se\/wp-json\/wp\/v2\/comments?post=103677"}],"version-history":[{"count":0,"href":"https:\/\/senoticias.com.br\/se\/wp-json\/wp\/v2\/posts\/103677\/revisions"}],"wp:featuredmedia":[{"embeddable":true,"href":"https:\/\/senoticias.com.br\/se\/wp-json\/wp\/v2\/media\/103680"}],"wp:attachment":[{"href":"https:\/\/senoticias.com.br\/se\/wp-json\/wp\/v2\/media?parent=103677"}],"wp:term":[{"taxonomy":"category","embeddable":true,"href":"https:\/\/senoticias.com.br\/se\/wp-json\/wp\/v2\/categories?post=103677"},{"taxonomy":"post_tag","embeddable":true,"href":"https:\/\/senoticias.com.br\/se\/wp-json\/wp\/v2\/tags?post=103677"}],"curies":[{"name":"wp","href":"https:\/\/api.w.org\/{rel}","templated":true}]}}