{"id":103676,"date":"2017-06-01T17:17:40","date_gmt":"2017-06-01T20:17:40","guid":{"rendered":"http:\/\/senoticias.com.br\/se\/?p=103676"},"modified":"2017-06-02T05:08:35","modified_gmt":"2017-06-02T08:08:35","slug":"sergipe-registra-queda-em-casos-de-dengue-febre-chikungunya-e-zika-virus-diz-secretaria-de-saude","status":"publish","type":"post","link":"https:\/\/senoticias.com.br\/se\/sergipe-registra-queda-em-casos-de-dengue-febre-chikungunya-e-zika-virus-diz-secretaria-de-saude\/","title":{"rendered":"Sergipe registra queda em casos de Dengue, Febre Chikungunya e Zika V\u00edrus"},"content":{"rendered":"<p style=\"text-align: justify;\">O \u00edndice de casos de Dengue, Febre Chikungunya e Zika V\u00edrus tem diminu\u00eddo em Sergipe. \u00c9 o que aponta o Informe Epidemiol\u00f3gico desta semana elaborado pela Secretaria de Estado da Sa\u00fade atrav\u00e9s do N\u00facleo Estrat\u00e9gico da Sa\u00fade (Nest\/SES).<\/p>\n<div id=\"attachment_103678\" style=\"width: 530px\" class=\"wp-caption aligncenter\"><img loading=\"lazy\" decoding=\"async\" aria-describedby=\"caption-attachment-103678\" class=\"size-full wp-image-103678\" src=\"http:\/\/senoticias.com.br\/se\/wp-content\/uploads\/2017\/06\/dengue_8511.jpg\" alt=\"Atrav\u00e9s dos informes semanais, a SES acompanha as notifica\u00e7\u00f5es e as consequ\u00eancias das doen\u00e7as causadas pelo Aedes Aegypti. Foto: SPB\" width=\"520\" height=\"352\" srcset=\"https:\/\/senoticias.com.br\/se\/wp-content\/uploads\/2017\/06\/dengue_8511.jpg 520w, https:\/\/senoticias.com.br\/se\/wp-content\/uploads\/2017\/06\/dengue_8511-300x203.jpg 300w, https:\/\/senoticias.com.br\/se\/wp-content\/uploads\/2017\/06\/dengue_8511-90x60.jpg 90w, https:\/\/senoticias.com.br\/se\/wp-content\/uploads\/2017\/06\/dengue_8511-95x64.jpg 95w\" sizes=\"(max-width: 520px) 100vw, 520px\" \/><p id=\"caption-attachment-103678\" class=\"wp-caption-text\">Atrav\u00e9s dos informes semanais, a SES acompanha as notifica\u00e7\u00f5es e as consequ\u00eancias das doen\u00e7as causadas pelo Aedes Aegypti. Foto: SPB<\/p><\/div>\n<p style=\"text-align: justify;\">Nos casos de zika v\u00edrus, somente neste ano foram registrados 10 casos prov\u00e1veis com seis confirma\u00e7\u00f5es. Nos cinco primeiros meses do ano passado, Sergipe teve 197 notifica\u00e7\u00f5es da doen\u00e7a, 27 pessoas tiveram o diagn\u00f3stico final de zika v\u00edrus. A redu\u00e7\u00e3o no \u00edndice \u00e9 de aproximadamente 80% nos casos confirmados em rela\u00e7\u00e3o ao mesmo per\u00edodo deste ano.\u00a0O registro da doen\u00e7a tende a diminuir.<\/p>\n<p style=\"text-align: justify;\">Na \u00faltima semana o estado n\u00e3o teve registro de novos casos da doen\u00e7a. As regi\u00f5es de Est\u00e2ncia, Itabaiana, Nossa Senhora da Gl\u00f3ria e Propri\u00e1 n\u00e3o identificaram casos de z\u00edka neste ano. J\u00e1 a\u00a0febre chinkungunya teve 47 casos a menos.<\/p>\n<p style=\"text-align: justify;\">Neste ano foram 198 prov\u00e1veis casos de febre chinkungunya em Sergipe, 108 confirmados. Aracaju foi o munic\u00edpio com o maior n\u00famero de pessoas com chinkungunya, 44 somente nos cinco primeiros meses deste ano. Em segundo lugar ficou o munic\u00edpio de Propri\u00e1, na regi\u00e3o do Baixo S\u00e3o Francisco, com 25 casos confirmados.<\/p>\n<p style=\"text-align: justify;\">Sergipe tamb\u00e9m reduziu em sete vezes o n\u00famero de pessoas com dengue se comparado ao ano passado. Nos cinco primeiros meses de 2016 foram mais de 2600 casos prov\u00e1veis, com 1346 pessoas confirmadas com a doen\u00e7a. J\u00e1 neste ano, foram confirmados 172 pessoas com dengue no estado. Atrav\u00e9s dos informes semanais, a SES acompanha as notifica\u00e7\u00f5es e as consequ\u00eancias das doen\u00e7as causadas pelo Aedes Aegypti.<\/p>\n<p style=\"text-align: justify;\"><img loading=\"lazy\" decoding=\"async\" class=\"aligncenter size-full wp-image-103429\" src=\"http:\/\/senoticias.com.br\/se\/wp-content\/uploads\/2017\/05\/Logo-fone-1-2-1-2-4-2-1.jpg\" alt=\"Logo-fone-1-2-1-2-4-2\" width=\"599\" height=\"78\" srcset=\"https:\/\/senoticias.com.br\/se\/wp-content\/uploads\/2017\/05\/Logo-fone-1-2-1-2-4-2-1.jpg 599w, https:\/\/senoticias.com.br\/se\/wp-content\/uploads\/2017\/05\/Logo-fone-1-2-1-2-4-2-1-300x39.jpg 300w\" sizes=\"(max-width: 599px) 100vw, 599px\" \/><\/p>\n<p><strong>Acompanhe tamb\u00e9m o SE Not\u00edcias no<\/strong><span class=\"apple-converted-space\"><b>\u00a0<\/b><\/span><a href=\"https:\/\/twitter.com\/Senoticias\" target=\"_blank\"><b>Twitter<\/b><\/a><strong>,<\/strong><span class=\"apple-converted-space\"><b>\u00a0<\/b><\/span><a href=\"https:\/\/www.facebook.com\/senoticias1\" target=\"_blank\"><b>Facebook<\/b><span class=\"apple-converted-space\"><b>\u00a0<\/b><\/span><\/a><strong>e no<\/strong><span class=\"apple-converted-space\"><b>\u00a0<\/b><\/span><a href=\"https:\/\/www.instagram.com\/senoticias\/\" target=\"_blank\"><b>Instagram<\/b><\/a><\/p>\n<p>Por Secretaria de Estado da Sa\u00fade<\/p>\n","protected":false},"excerpt":{"rendered":"<p>O \u00edndice de casos de Dengue, Febre Chikungunya e Zika V\u00edrus tem diminu\u00eddo em Sergipe. \u00c9 o que aponta o Informe Epidemiol\u00f3gico desta semana elaborado pela Secretaria de Estado da Sa\u00fade atrav\u00e9s do N\u00facleo Estrat\u00e9gico da Sa\u00fade (Nest\/SES). Nos casos de zika v\u00edrus, somente neste ano foram registrados 10 casos prov\u00e1veis com seis confirma\u00e7\u00f5es. Nos [&hellip;]<\/p>\n","protected":false},"author":2,"featured_media":0,"comment_status":"closed","ping_status":"closed","sticky":false,"template":"","format":"standard","meta":{"footnotes":""},"categories":[6],"tags":[3944,3943,3904,1304],"class_list":{"0":"post-103676","1":"post","2":"type-post","3":"status-publish","4":"format-standard","6":"category-politica","7":"tag-casos","8":"tag-dengue","9":"tag-reducao","10":"tag-saude"},"_links":{"self":[{"href":"https:\/\/senoticias.com.br\/se\/wp-json\/wp\/v2\/posts\/103676"}],"collection":[{"href":"https:\/\/senoticias.com.br\/se\/wp-json\/wp\/v2\/posts"}],"about":[{"href":"https:\/\/senoticias.com.br\/se\/wp-json\/wp\/v2\/types\/post"}],"author":[{"embeddable":true,"href":"https:\/\/senoticias.com.br\/se\/wp-json\/wp\/v2\/users\/2"}],"replies":[{"embeddable":true,"href":"https:\/\/senoticias.com.br\/se\/wp-json\/wp\/v2\/comments?post=103676"}],"version-history":[{"count":0,"href":"https:\/\/senoticias.com.br\/se\/wp-json\/wp\/v2\/posts\/103676\/revisions"}],"wp:attachment":[{"href":"https:\/\/senoticias.com.br\/se\/wp-json\/wp\/v2\/media?parent=103676"}],"wp:term":[{"taxonomy":"category","embeddable":true,"href":"https:\/\/senoticias.com.br\/se\/wp-json\/wp\/v2\/categories?post=103676"},{"taxonomy":"post_tag","embeddable":true,"href":"https:\/\/senoticias.com.br\/se\/wp-json\/wp\/v2\/tags?post=103676"}],"curies":[{"name":"wp","href":"https:\/\/api.w.org\/{rel}","templated":true}]}}