{"id":103666,"date":"2017-06-01T15:17:18","date_gmt":"2017-06-01T18:17:18","guid":{"rendered":"http:\/\/senoticias.com.br\/se\/?p=103666"},"modified":"2017-06-01T16:37:00","modified_gmt":"2017-06-01T19:37:00","slug":"prefeito-empossa-secretarios-de-meio-e-de-industria-comercio-e-turismo","status":"publish","type":"post","link":"https:\/\/senoticias.com.br\/se\/prefeito-empossa-secretarios-de-meio-e-de-industria-comercio-e-turismo\/","title":{"rendered":"Prefeito de Lagarto empossa secret\u00e1rios de Meio Ambiente e de Ind\u00fastria, Com\u00e9rcio e Turismo"},"content":{"rendered":"<p style=\"text-align: justify;\">O engenheiro agr\u00f4nomo Flamarion D\u00e9da, que j\u00e1 ocupava o cargo de secret\u00e1rio de Desenvolvimento Rural, assume agora tamb\u00e9m a rec\u00e9m-criada Secretaria do Meio Ambiente; que ter\u00e1, entre outras atribui\u00e7\u00f5es, fornecer e auxiliar licen\u00e7as ambientais. Como adjunto desta nova secretaria, tomou posse Renato do Treze.<\/p>\n<p style=\"text-align: justify;\">Por sua vez o empres\u00e1rio Clayton Moore, que estava como vereador, licenciou-se da sua fun\u00e7\u00e3o, para assumir a Secretaria de Ind\u00fastria, Com\u00e9rcio e Turismo. Em seu lugar na C\u00e2mara assume o advogado Itamar Santana.<\/p>\n<div id=\"attachment_103667\" style=\"width: 410px\" class=\"wp-caption aligncenter\"><img loading=\"lazy\" decoding=\"async\" aria-describedby=\"caption-attachment-103667\" class=\"size-full wp-image-103667\" src=\"http:\/\/senoticias.com.br\/se\/wp-content\/uploads\/2017\/06\/estancia-SENOTICIAS.jpg\" alt=\"empossa secret\u00e1rios de Meio e de Ind\u00fastria, Com\u00e9rcio e Turismo. Foto: Ascom \" width=\"400\" height=\"300\" srcset=\"https:\/\/senoticias.com.br\/se\/wp-content\/uploads\/2017\/06\/estancia-SENOTICIAS.jpg 400w, https:\/\/senoticias.com.br\/se\/wp-content\/uploads\/2017\/06\/estancia-SENOTICIAS-300x225.jpg 300w, https:\/\/senoticias.com.br\/se\/wp-content\/uploads\/2017\/06\/estancia-SENOTICIAS-45x35.jpg 45w\" sizes=\"(max-width: 400px) 100vw, 400px\" \/><p id=\"caption-attachment-103667\" class=\"wp-caption-text\">Valmir Monteiro empossa novos \u00a0secret\u00e1rios. (Foto: Ascom)<\/p><\/div>\n<p style=\"text-align: justify;\">Ap\u00f3s a leitura do termo de posse e juramento dos secret\u00e1rios empossados, Clayton e Flamarion falaram das suas expectativas frente ao novo desafio e agradeceram a confian\u00e7a do prefeito Valmir Monteiro em poderem gerir secretarias de grande import\u00e2ncia para a popula\u00e7\u00e3o lagartense.<\/p>\n<p style=\"text-align: justify;\">O gestor municipal agradeceu o reconhecimento e falou aos presentes das perspectivas da administra\u00e7\u00e3o para os pr\u00f3ximos dias, com o resgate do Festival Mandioca, a inaugura\u00e7\u00e3o do Hospital do C\u00e2ncer de Barretos e a instala\u00e7\u00e3o de uma nova cl\u00ednica-hospitalar em nossa cidade.<\/p>\n<p style=\"text-align: justify;\">Ap\u00f3s da solenidade de posse, Valmir Monteiro se reuniu com futuros t\u00e9cnicos e engenheiros que ir\u00e3o compor a Secretaria de Meio Ambiente, para afirmar que a partir do dia 12 de junho j\u00e1 estar\u00e1 estruturada para atender a demanda da popula\u00e7\u00e3o lagartense.<\/p>\n<p><img loading=\"lazy\" decoding=\"async\" class=\"size-full wp-image-103429 aligncenter\" src=\"http:\/\/senoticias.com.br\/se\/wp-content\/uploads\/2017\/05\/Logo-fone-1-2-1-2-4-2-1.jpg\" alt=\"Logo-fone-1-2-1-2-4-2\" width=\"599\" height=\"78\" srcset=\"https:\/\/senoticias.com.br\/se\/wp-content\/uploads\/2017\/05\/Logo-fone-1-2-1-2-4-2-1.jpg 599w, https:\/\/senoticias.com.br\/se\/wp-content\/uploads\/2017\/05\/Logo-fone-1-2-1-2-4-2-1-300x39.jpg 300w\" sizes=\"(max-width: 599px) 100vw, 599px\" \/><\/p>\n<p>&nbsp;<\/p>\n<p><strong>Acompanhe tamb\u00e9m o SE Not\u00edcias no<\/strong><span class=\"apple-converted-space\"><b>\u00a0<\/b><\/span><a href=\"https:\/\/twitter.com\/Senoticias\" target=\"_blank\"><b>Twitter<\/b><\/a><strong>,<\/strong><span class=\"apple-converted-space\"><b>\u00a0<\/b><\/span><a href=\"https:\/\/www.facebook.com\/senoticias1\" target=\"_blank\"><b>Facebook<\/b><span class=\"apple-converted-space\"><b>\u00a0<\/b><\/span><\/a><strong>e no<\/strong><span class=\"apple-converted-space\"><b>\u00a0<\/b><\/span><a href=\"https:\/\/www.instagram.com\/senoticias\/\" target=\"_blank\"><b>Instagram<\/b><\/a><\/p>\n<p>Por Prefeitura de\u00a0Lagarto<\/p>\n","protected":false},"excerpt":{"rendered":"<p>O engenheiro agr\u00f4nomo Flamarion D\u00e9da, que j\u00e1 ocupava o cargo de secret\u00e1rio de Desenvolvimento Rural, assume agora tamb\u00e9m a rec\u00e9m-criada Secretaria do Meio Ambiente; que ter\u00e1, entre outras atribui\u00e7\u00f5es, fornecer e auxiliar licen\u00e7as ambientais. Como adjunto desta nova secretaria, tomou posse Renato do Treze. Por sua vez o empres\u00e1rio Clayton Moore, que estava como vereador, [&hellip;]<\/p>\n","protected":false},"author":2,"featured_media":0,"comment_status":"closed","ping_status":"closed","sticky":false,"template":"","format":"standard","meta":{"footnotes":""},"categories":[38],"tags":[972,3938,2168,3939],"class_list":{"0":"post-103666","1":"post","2":"type-post","3":"status-publish","4":"format-standard","6":"category-municipios","7":"tag-estancia","8":"tag-novos","9":"tag-politica","10":"tag-secretariado"},"_links":{"self":[{"href":"https:\/\/senoticias.com.br\/se\/wp-json\/wp\/v2\/posts\/103666"}],"collection":[{"href":"https:\/\/senoticias.com.br\/se\/wp-json\/wp\/v2\/posts"}],"about":[{"href":"https:\/\/senoticias.com.br\/se\/wp-json\/wp\/v2\/types\/post"}],"author":[{"embeddable":true,"href":"https:\/\/senoticias.com.br\/se\/wp-json\/wp\/v2\/users\/2"}],"replies":[{"embeddable":true,"href":"https:\/\/senoticias.com.br\/se\/wp-json\/wp\/v2\/comments?post=103666"}],"version-history":[{"count":0,"href":"https:\/\/senoticias.com.br\/se\/wp-json\/wp\/v2\/posts\/103666\/revisions"}],"wp:attachment":[{"href":"https:\/\/senoticias.com.br\/se\/wp-json\/wp\/v2\/media?parent=103666"}],"wp:term":[{"taxonomy":"category","embeddable":true,"href":"https:\/\/senoticias.com.br\/se\/wp-json\/wp\/v2\/categories?post=103666"},{"taxonomy":"post_tag","embeddable":true,"href":"https:\/\/senoticias.com.br\/se\/wp-json\/wp\/v2\/tags?post=103666"}],"curies":[{"name":"wp","href":"https:\/\/api.w.org\/{rel}","templated":true}]}}