{"id":103645,"date":"2017-05-31T16:06:39","date_gmt":"2017-05-31T19:06:39","guid":{"rendered":"http:\/\/senoticias.com.br\/se\/?p=103645"},"modified":"2017-05-31T16:06:39","modified_gmt":"2017-05-31T19:06:39","slug":"dia-mundial-sem-tabaco-alerta-este-ano-para-danos-causados-pela-producao-do-fumo","status":"publish","type":"post","link":"https:\/\/senoticias.com.br\/se\/dia-mundial-sem-tabaco-alerta-este-ano-para-danos-causados-pela-producao-do-fumo\/","title":{"rendered":"Dia Mundial sem Tabaco alerta este ano para danos causados pela produ\u00e7\u00e3o do fumo"},"content":{"rendered":"<p style=\"text-align: justify;\">Al\u00e9m dos danos \u00e0 sa\u00fade p\u00fablica, a produ\u00e7\u00e3o e o consumo de produtos derivados do tabaco geram importantes impactos socioambientais em todo o planeta \u2013 um deles \u00e9 o uso de lenha para aquecer estufas que secam as folhas de tabaco e que leva ao desmatamento e ao desequil\u00edbrio da biodiversidade em tempo de constantes mudan\u00e7as clim\u00e1ticas. O alerta \u00e9 da Organiza\u00e7\u00e3o Mundial da Sa\u00fade (OMS).<\/p>\n<div id=\"attachment_103646\" style=\"width: 590px\" class=\"wp-caption aligncenter\"><img loading=\"lazy\" decoding=\"async\" aria-describedby=\"caption-attachment-103646\" class=\"size-full wp-image-103646\" src=\"http:\/\/senoticias.com.br\/se\/wp-content\/uploads\/2017\/05\/tabagismo_fumante0509.jpg\" alt=\"A produ\u00e7\u00e3o e o consumo de produtos derivados do tabaco geram importantes impactos socioambientais em todo o planetaMarcelo Camargo\/Arquivo Ag\u00eancia Brasil\" width=\"580\" height=\"388\" srcset=\"https:\/\/senoticias.com.br\/se\/wp-content\/uploads\/2017\/05\/tabagismo_fumante0509.jpg 580w, https:\/\/senoticias.com.br\/se\/wp-content\/uploads\/2017\/05\/tabagismo_fumante0509-300x201.jpg 300w, https:\/\/senoticias.com.br\/se\/wp-content\/uploads\/2017\/05\/tabagismo_fumante0509-90x60.jpg 90w, https:\/\/senoticias.com.br\/se\/wp-content\/uploads\/2017\/05\/tabagismo_fumante0509-180x120.jpg 180w, https:\/\/senoticias.com.br\/se\/wp-content\/uploads\/2017\/05\/tabagismo_fumante0509-95x64.jpg 95w\" sizes=\"(max-width: 580px) 100vw, 580px\" \/><p id=\"caption-attachment-103646\" class=\"wp-caption-text\">A produ\u00e7\u00e3o e o consumo de produtos derivados do tabaco geram importantes impactos socioambientais em todo o planetaMarcelo Camargo\/Arquivo Ag\u00eancia Brasil<\/p><\/div>\n<p style=\"text-align: justify;\">No Dia Mundial sem Tabaco 2017, lembrado hoje (31), a entidade adotou como tema da campanha Tabaco: uma amea\u00e7a ao desenvolvimento. A proposta consiste em um apelo aos pa\u00edses-membros para que implementem medidas consistentes de controle do tabaco, incluindo a proibi\u00e7\u00e3o de todo tipo de marketing e publicidade relacionados ao assunto, a ado\u00e7\u00e3o de embalagens simples para os produtos e o aumento de impostos especiais voltados para o setor.<\/p>\n<p style=\"text-align: justify;\"><strong>Custos \u00e0 sa\u00fade e \u00e0 economia<\/strong><\/p>\n<p style=\"text-align: justify;\">Dados da OMS mostram que o consumo do tabaco mata mais de 7 milh\u00f5es de pessoas todos os anos e custa aos lares e aos governos mais de US $ 1,4 trilh\u00e3o, em raz\u00e3o de despesas com sa\u00fade e da perda de produtividade. \u201cO tabaco amea\u00e7a a todos n\u00f3s\u201d, alertou a diretora-geral da OMS, Margaret Chan. \u201cEle exacerba a pobreza, reduz a produtividade econ\u00f4mica, contribui para pobres escolhas alimentares dom\u00e9sticas e polui o ar interior\u201d, completou.<\/p>\n<p style=\"text-align: justify;\">\u201cEntretanto, por meio da ado\u00e7\u00e3o de medidas robustas de controle, os governos podem salvaguardar o futuro de seus pa\u00edses protegendo usu\u00e1rios e n\u00e3o usu\u00e1rios desses produtos mortais, gerando receitas que financiam a sa\u00fade e outros servi\u00e7os sociais, salvando seus ambientes das devasta\u00e7\u00f5es provocadas pelo tabaco\u201d, disse Margaret.<\/p>\n<p style=\"text-align: justify;\"><strong>Cicatrizes ao meio ambiente<\/strong><\/p>\n<p style=\"text-align: justify;\">Ainda segundo a OMS, os impactos do tabaco e de seus derivados na natureza envolvem dados como:<\/p>\n<p style=\"text-align: justify;\">&#8211; Res\u00edduos de tabaco cont\u00eam mais de 7 mil produtos qu\u00edmicos t\u00f3xicos que envenenam o meio ambiente, incluindo carcinog\u00eanicos humanos.<\/p>\n<p style=\"text-align: justify;\">&#8211; Emiss\u00f5es de fuma\u00e7a proveniente do tabaco contribuem com milhares de toneladas de carcinog\u00eanicos humanos, t\u00f3xicos e gases de efeito estufa para o meio ambiente.<\/p>\n<p style=\"text-align: justify;\">&#8211; Cerca de 10 bilh\u00f5es dos 15 bilh\u00f5es de cigarros vendidos todos os dias no mundo s\u00e3o descartados no meio ambiente.<\/p>\n<p style=\"text-align: justify;\">&#8211; Bitucas de cigarro respondem por 30% a 40% de todos os itens coletados em limpezas costeiras e urbanas.<\/p>\n<p style=\"text-align: justify;\">Amea\u00e7a a mulheres e crian\u00e7as<\/p>\n<p style=\"text-align: justify;\">A entidade alerta ainda que o tabaco representa amea\u00e7a a todo tipo de popula\u00e7\u00e3o e tamb\u00e9m ao desenvolvimento nacional e regional dos pa\u00edses sob diversos aspectos, incluindo:<\/p>\n<p style=\"text-align: justify;\">&#8211; Pobreza: cerca de 860 milh\u00f5es de fumantes adultos vivem em pa\u00edses de baixa e m\u00e9dia renda. Estudos mostram que nos lares mais pobres, gastos com produtos derivados do tabaco representam mais de 10% do or\u00e7amento, o que significa menos renda para alimenta\u00e7\u00e3o, educa\u00e7\u00e3o e sa\u00fade.<\/p>\n<p style=\"text-align: justify;\">&#8211; Inf\u00e2ncia e educa\u00e7\u00e3o: as planta\u00e7\u00f5es de tabaco comprometem o acesso de crian\u00e7as \u00e0 escola, j\u00e1 que entre 10% e 14% das fam\u00edlias que vivem em fazendas onde o produto \u00e9 cultivado perdem aula em raz\u00e3o do trabalho na lavoura.<\/p>\n<p style=\"text-align: justify;\">&#8211; Mulheres: entre 60% e 70% dos trabalhadores de lavouras de tabaco s\u00e3o mulheres, o que as coloca em contato constante com produtos qu\u00edmicos perigosos \u00e0 sa\u00fade.<\/p>\n<p style=\"text-align: justify;\">&#8211; Sa\u00fade: o tabaco responde por cerca de 16% de todas as mortes provocadas por doen\u00e7as cr\u00f4nicas n\u00e3o transmiss\u00edveis.<\/p>\n<p style=\"text-align: justify;\"><strong>Brasil<\/strong><\/p>\n<p style=\"text-align: justify;\">Dados do Instituto Nacional do C\u00e2ncer indicam que, em 2011, foram gastos R$ 23 bilh\u00f5es com o tratamento de algumas das mais de 50 doen\u00e7as relacionadas ao tabaco. J\u00e1 a arrecada\u00e7\u00e3o com impostos sobre cigarros recolhidos no mesmo ano foi da ordem de R$ 6 bilh\u00f5es.<\/p>\n<p style=\"text-align: justify;\">\u201cMas o custo do tabagismo no Brasil, avaliado pela pesquisa, ainda est\u00e1 subestimado: n\u00e3o incluiu o custo gerado pelo absente\u00edsmo, a perda de produtividade, as despesas das fam\u00edlias, entre outros gastos indiretos relacionados ao tabaco\u201d, destacou o \u00f3rg\u00e3o.<\/p>\n<p style=\"text-align: justify;\">Durante as atividades do Dia Mundial sem Tabaco, est\u00e1 prevista a divulga\u00e7\u00e3o de novo estudo com dados atualizados sobre o impacto econ\u00f4mico do tabagismo no Brasil, incluindo custos com a perda de produtividade.<\/p>\n<p style=\"text-align: justify;\">\n<p style=\"text-align: justify;\"><img loading=\"lazy\" decoding=\"async\" class=\"aligncenter size-full wp-image-103429\" src=\"http:\/\/senoticias.com.br\/se\/wp-content\/uploads\/2017\/05\/Logo-fone-1-2-1-2-4-2-1.jpg\" alt=\"Logo-fone-1-2-1-2-4-2\" width=\"599\" height=\"78\" srcset=\"https:\/\/senoticias.com.br\/se\/wp-content\/uploads\/2017\/05\/Logo-fone-1-2-1-2-4-2-1.jpg 599w, https:\/\/senoticias.com.br\/se\/wp-content\/uploads\/2017\/05\/Logo-fone-1-2-1-2-4-2-1-300x39.jpg 300w\" sizes=\"(max-width: 599px) 100vw, 599px\" \/><\/p>\n<p><strong>Acompanhe tamb\u00e9m o SE Not\u00edcias no<\/strong><span class=\"apple-converted-space\"><b>\u00a0<\/b><\/span><a href=\"https:\/\/twitter.com\/Senoticias\" target=\"_blank\"><b>Twitter<\/b><\/a><strong>,<\/strong><span class=\"apple-converted-space\"><b>\u00a0<\/b><\/span><a href=\"https:\/\/www.facebook.com\/senoticias1\" target=\"_blank\"><b>Facebook<\/b><span class=\"apple-converted-space\"><b>\u00a0<\/b><\/span><\/a><strong>e no<\/strong><span class=\"apple-converted-space\"><b>\u00a0<\/b><\/span><a href=\"https:\/\/www.instagram.com\/senoticias\/\" target=\"_blank\"><b>Instagram<\/b><\/a><\/p>\n<p>Por Ag\u00eancia Brasil<\/p>\n","protected":false},"excerpt":{"rendered":"<p>Al\u00e9m dos danos \u00e0 sa\u00fade p\u00fablica, a produ\u00e7\u00e3o e o consumo de produtos derivados do tabaco geram importantes impactos socioambientais em todo o planeta \u2013 um deles \u00e9 o uso de lenha para aquecer estufas que secam as folhas de tabaco e que leva ao desmatamento e ao desequil\u00edbrio da biodiversidade em tempo de constantes [&hellip;]<\/p>\n","protected":false},"author":2,"featured_media":0,"comment_status":"closed","ping_status":"closed","sticky":false,"template":"","format":"standard","meta":{"footnotes":""},"categories":[8],"tags":[3925,2498,1933],"class_list":{"0":"post-103645","1":"post","2":"type-post","3":"status-publish","4":"format-standard","6":"category-esporte-e-cultura","7":"tag-fumo","8":"tag-oms","9":"tag-tabagismo"},"_links":{"self":[{"href":"https:\/\/senoticias.com.br\/se\/wp-json\/wp\/v2\/posts\/103645"}],"collection":[{"href":"https:\/\/senoticias.com.br\/se\/wp-json\/wp\/v2\/posts"}],"about":[{"href":"https:\/\/senoticias.com.br\/se\/wp-json\/wp\/v2\/types\/post"}],"author":[{"embeddable":true,"href":"https:\/\/senoticias.com.br\/se\/wp-json\/wp\/v2\/users\/2"}],"replies":[{"embeddable":true,"href":"https:\/\/senoticias.com.br\/se\/wp-json\/wp\/v2\/comments?post=103645"}],"version-history":[{"count":0,"href":"https:\/\/senoticias.com.br\/se\/wp-json\/wp\/v2\/posts\/103645\/revisions"}],"wp:attachment":[{"href":"https:\/\/senoticias.com.br\/se\/wp-json\/wp\/v2\/media?parent=103645"}],"wp:term":[{"taxonomy":"category","embeddable":true,"href":"https:\/\/senoticias.com.br\/se\/wp-json\/wp\/v2\/categories?post=103645"},{"taxonomy":"post_tag","embeddable":true,"href":"https:\/\/senoticias.com.br\/se\/wp-json\/wp\/v2\/tags?post=103645"}],"curies":[{"name":"wp","href":"https:\/\/api.w.org\/{rel}","templated":true}]}}