{"id":103618,"date":"2017-05-30T20:09:18","date_gmt":"2017-05-30T23:09:18","guid":{"rendered":"http:\/\/senoticias.com.br\/se\/?p=103618"},"modified":"2017-05-30T20:11:36","modified_gmt":"2017-05-30T23:11:36","slug":"prefeito-de-sao-cristovao-assina-ordens-de-servico-para-pavimentacao-de-8-000-m%c2%b2","status":"publish","type":"post","link":"https:\/\/senoticias.com.br\/se\/prefeito-de-sao-cristovao-assina-ordens-de-servico-para-pavimentacao-de-8-000-m%c2%b2\/","title":{"rendered":"Prefeito de S\u00e3o Crist\u00f3v\u00e3o assina ordens de servi\u00e7o para pavimenta\u00e7\u00e3o de diversas ruas"},"content":{"rendered":"<p>&nbsp;<\/p>\n<p style=\"text-align: justify;\">Nesta quarta-feira, 31, o prefeito de S\u00e3o Crist\u00f3v\u00e3o, Marcos Santana, assinar\u00e1 duas ordens de servi\u00e7os para obras significativas no munic\u00edpio. A partir das 15h, toda a comitiva da prefeitura aportar\u00e1 no Conjunto Madalena de G\u00f3is (nas imedia\u00e7\u00f5es da pra\u00e7a da localidade). J\u00e1 no conjunto Luiz Alves (imedia\u00e7\u00f5es da rodovia Jo\u00e3o Bebe-\u00c1gua) a concentra\u00e7\u00e3o ser\u00e1 \u00e0s 16h. Ao todo ser\u00e3o investidos quase um milh\u00e3o de reais, com recursos do Minist\u00e9rio das Cidades, e de financiamento com a Caixa Econ\u00f4mica Federal, com contra partida do munic\u00edpio.<\/p>\n<div id=\"attachment_102305\" style=\"width: 609px\" class=\"wp-caption aligncenter\"><img loading=\"lazy\" decoding=\"async\" aria-describedby=\"caption-attachment-102305\" class=\"size-full wp-image-102305\" src=\"http:\/\/senoticias.com.br\/se\/wp-content\/uploads\/2017\/04\/20170407_080345-e1492000165632.jpg\" alt=\" Os trabalhos de pavimenta\u00e7\u00e3o j\u00e1 come\u00e7am nesta semana, informa o prefeito Marcos Santana. (Foto: arquivo\/SE Not\u00edcias))\" width=\"599\" height=\"599\" \/><p id=\"caption-attachment-102305\" class=\"wp-caption-text\"><br \/>Os trabalhos de pavimenta\u00e7\u00e3o j\u00e1 come\u00e7am nesta semana, informa o prefeito Marcos Santana. (Foto: arquivo\/SE Not\u00edcias)<\/p><\/div>\n<p style=\"text-align: justify;\">\u201cDiariamente estamos trabalhando para reconstruir a nossa cidade, principalmente ap\u00f3s os problemas causados pelas \u00faltimas chuvas, que deixaram destrui\u00e7\u00e3o para alguns locais do munic\u00edpio. Nestas duas localidades faremos obras de drenagem e pavimenta\u00e7\u00e3o, que ser\u00e3o conclu\u00eddas em m\u00e9dio prazo, pois estamos lidando com a quest\u00e3o da acessibilidade das pessoas, ent\u00e3o precisamos agilizar as melhorias necess\u00e1rias para proporcionarmos mais qualidade de vida ao povo sancristovense\u201d, informou o prefeito.<\/p>\n<p style=\"text-align: justify;\">No Madalena de G\u00f3is ser\u00e3o 4.357,00 m\u00b2 de obras, com estimativa para serem conclu\u00eddas em oito meses, beneficiando diretamente \u00e0s seguintes ruas: <strong>A, B, C, D e E<\/strong>. J\u00e1 no Luiz Alves I ter\u00e1 3.600,00 m\u00b2 de \u00e1rea pavimentada, e o tempo estimado de conclus\u00e3o da obra \u00e9 de seis meses, trazendo melhorias para os moradores das seguintes ruas: travessa 1, travessa 2, travessa 3, travessa 4, parte da Rua S\u00e3o Francisco e o acesso que passa por tr\u00e1s da Escola Municipal Raimundo Francisco dos Santos at\u00e9 a Rodovia Jo\u00e3o Bebe \u00c1gua.<\/p>\n<p style=\"text-align: justify;\"><img loading=\"lazy\" decoding=\"async\" class=\"aligncenter size-full wp-image-103429\" src=\"http:\/\/senoticias.com.br\/se\/wp-content\/uploads\/2017\/05\/Logo-fone-1-2-1-2-4-2-1.jpg\" alt=\"Logo-fone-1-2-1-2-4-2\" width=\"599\" height=\"78\" srcset=\"https:\/\/senoticias.com.br\/se\/wp-content\/uploads\/2017\/05\/Logo-fone-1-2-1-2-4-2-1.jpg 599w, https:\/\/senoticias.com.br\/se\/wp-content\/uploads\/2017\/05\/Logo-fone-1-2-1-2-4-2-1-300x39.jpg 300w\" sizes=\"(max-width: 599px) 100vw, 599px\" \/><\/p>\n<p style=\"text-align: justify;\"><strong>Acompanhe tamb\u00e9m o SE Not\u00edcias no<\/strong><span class=\"apple-converted-space\"><b>\u00a0<\/b><\/span><a href=\"https:\/\/twitter.com\/Senoticias\" target=\"_blank\"><b>Twitter<\/b><\/a><strong>,<\/strong><span class=\"apple-converted-space\"><b>\u00a0<\/b><\/span><a href=\"https:\/\/www.facebook.com\/senoticias1\" target=\"_blank\"><b>Facebook<\/b><span class=\"apple-converted-space\"><b>\u00a0<\/b><\/span><\/a><strong>e no<\/strong><span class=\"apple-converted-space\"><b>\u00a0<\/b><\/span><a href=\"https:\/\/www.instagram.com\/senoticias\/\" target=\"_blank\"><b>Instagram<\/b><\/a><\/p>\n","protected":false},"excerpt":{"rendered":"<p>&nbsp; Nesta quarta-feira, 31, o prefeito de S\u00e3o Crist\u00f3v\u00e3o, Marcos Santana, assinar\u00e1 duas ordens de servi\u00e7os para obras significativas no munic\u00edpio. A partir das 15h, toda a comitiva da prefeitura aportar\u00e1 no Conjunto Madalena de G\u00f3is (nas imedia\u00e7\u00f5es da pra\u00e7a da localidade). J\u00e1 no conjunto Luiz Alves (imedia\u00e7\u00f5es da rodovia Jo\u00e3o Bebe-\u00c1gua) a concentra\u00e7\u00e3o ser\u00e1 [&hellip;]<\/p>\n","protected":false},"author":2,"featured_media":0,"comment_status":"closed","ping_status":"closed","sticky":false,"template":"","format":"standard","meta":{"footnotes":""},"categories":[15,38],"tags":[1498,3910,3909,335],"class_list":{"0":"post-103618","1":"post","2":"type-post","3":"status-publish","4":"format-standard","6":"category-destaques","7":"category-municipios","8":"tag-marcos-santana","9":"tag-pavimentacao","10":"tag-pavimentacao-de-ruas","11":"tag-sao-cristovao"},"_links":{"self":[{"href":"https:\/\/senoticias.com.br\/se\/wp-json\/wp\/v2\/posts\/103618"}],"collection":[{"href":"https:\/\/senoticias.com.br\/se\/wp-json\/wp\/v2\/posts"}],"about":[{"href":"https:\/\/senoticias.com.br\/se\/wp-json\/wp\/v2\/types\/post"}],"author":[{"embeddable":true,"href":"https:\/\/senoticias.com.br\/se\/wp-json\/wp\/v2\/users\/2"}],"replies":[{"embeddable":true,"href":"https:\/\/senoticias.com.br\/se\/wp-json\/wp\/v2\/comments?post=103618"}],"version-history":[{"count":0,"href":"https:\/\/senoticias.com.br\/se\/wp-json\/wp\/v2\/posts\/103618\/revisions"}],"wp:attachment":[{"href":"https:\/\/senoticias.com.br\/se\/wp-json\/wp\/v2\/media?parent=103618"}],"wp:term":[{"taxonomy":"category","embeddable":true,"href":"https:\/\/senoticias.com.br\/se\/wp-json\/wp\/v2\/categories?post=103618"},{"taxonomy":"post_tag","embeddable":true,"href":"https:\/\/senoticias.com.br\/se\/wp-json\/wp\/v2\/tags?post=103618"}],"curies":[{"name":"wp","href":"https:\/\/api.w.org\/{rel}","templated":true}]}}