{"id":103589,"date":"2017-05-29T16:43:04","date_gmt":"2017-05-29T19:43:04","guid":{"rendered":"http:\/\/senoticias.com.br\/se\/?p=103589"},"modified":"2017-05-29T16:43:04","modified_gmt":"2017-05-29T19:43:04","slug":"governo-implanta-tomografos-nos-hospitais-de-itabaiana-e-estancia","status":"publish","type":"post","link":"https:\/\/senoticias.com.br\/se\/governo-implanta-tomografos-nos-hospitais-de-itabaiana-e-estancia\/","title":{"rendered":"Governo implanta tom\u00f3grafos nos Hospitais de Itabaiana e Est\u00e2ncia"},"content":{"rendered":"<p style=\"text-align: justify;\">O governo de Sergipe, por meio da secretaria de Estado da Sa\u00fade (SES), contemplar\u00e1 a popula\u00e7\u00e3o usu\u00e1ria do Sistema \u00danico de Sa\u00fade (SUS) com a amplia\u00e7\u00e3o da oferta de tomografia. Atualmente, dois aparelhos est\u00e3o em funcionamento no Hospital de Urg\u00eancias de Sergipe (Huse) e a expectativa \u00e9 que, j\u00e1 no m\u00eas de junho, tr\u00eas novos aparelhos cheguem, totalizando cinco tom\u00f3grafos para a rede estadual de sa\u00fade. Esses cinco aparelhos ser\u00e3o utilizados no atendimento de pacientes oncol\u00f3gicos em Aracaju, no setor de oncologia do Huse, e nos Hospitais Regionais de Itabaiana e Est\u00e2ncia, refor\u00e7ando a assist\u00eancia \u00e0 popula\u00e7\u00e3o na capital e no interior.<\/p>\n<div id=\"attachment_103590\" style=\"width: 609px\" class=\"wp-caption aligncenter\"><img loading=\"lazy\" decoding=\"async\" aria-describedby=\"caption-attachment-103590\" class=\"size-full wp-image-103590\" src=\"http:\/\/senoticias.com.br\/se\/wp-content\/uploads\/2017\/05\/tomografos-SENOTICIAS-e1496086923120.jpg\" alt=\"Atualmente, os atendimentos de pessoas com c\u00e2ncer da rede estadual de sa\u00fade t\u00eam sido concentrados no Huse, que s\u00f3 no ano passado realizou 31.393 consultas oncol\u00f3gicas, 11. 230 sess\u00f5es de radioterapia, 14.049 sess\u00f5es de quimioterapia e 534 cirurgias oncol\u00f3gicas. Foto: SES\" width=\"599\" height=\"399\" \/><p id=\"caption-attachment-103590\" class=\"wp-caption-text\">Atualmente, os atendimentos de pessoas com c\u00e2ncer da rede estadual de sa\u00fade t\u00eam sido concentrados no Huse, que s\u00f3 no ano passado realizou 31.393 consultas oncol\u00f3gicas, 11. 230 sess\u00f5es de radioterapia, 14.049 sess\u00f5es de quimioterapia e 534 cirurgias oncol\u00f3gicas. Foto: SES<\/p><\/div>\n<p style=\"text-align: justify;\">O Huse, que j\u00e1 oferta tomografia para os pacientes oncol\u00f3gicos, conta hoje com duas m\u00e1quinas em opera\u00e7\u00e3o. Elas passar\u00e3o por reparos e apenas uma continuar\u00e1 na unidade, somando-se aos dois novos aparelhos de tomografia que ser\u00e3o encaminhados para l\u00e1. A segunda m\u00e1quina que hoje est\u00e1 no Huse e tamb\u00e9m passar\u00e1 por reparos vai ser encaminhada para o Hospital Regional de Est\u00e2ncia. J\u00e1 o Hospital Regional de Itabaiana vai ofertar a tomografia ap\u00f3s receber uma das novas m\u00e1quinas.<\/p>\n<p style=\"text-align: justify;\">Para o secret\u00e1rio de Estado da Sa\u00fade, Almeida Lima, a chegada dos tom\u00f3grafos marca mais uma etapa do planejamento estrat\u00e9gico do governo para garantir o funcionamento pleno do SUS. \u201cEssa aquisi\u00e7\u00e3o dos aparelhos de tomografia vai assegurar aos pacientes da oncologia do Huse um tratamento mais digno. Trata-se, portanto, do in\u00edcio dos trabalhos que prestar\u00e3o um servi\u00e7o de qualidade aos pacientes com c\u00e2ncer diante da grande demanda j\u00e1 existente\u201d, conclui Almeida Lima.<\/p>\n<p style=\"text-align: justify;\"><strong>Atendimentos no interior<\/strong><\/p>\n<p style=\"text-align: justify;\">Atualmente, os atendimentos de pessoas com c\u00e2ncer da rede estadual de sa\u00fade t\u00eam sido concentrados no Huse, que s\u00f3 no ano passado realizou 31.393 consultas oncol\u00f3gicas, 11. 230 sess\u00f5es de radioterapia, 14.049 sess\u00f5es de quimioterapia e 534 cirurgias oncol\u00f3gicas. A tomografia \u00e9 uma etapa importante desse atendimento, j\u00e1 que \u00e9 o exame que possibilita a visualiza\u00e7\u00e3o de \u00f3rg\u00e3os e tecidos, auxiliando na localiza\u00e7\u00e3o e identifica\u00e7\u00e3o de tumores.<\/p>\n<p style=\"text-align: justify;\">Com a chegada dos tr\u00eas novos tom\u00f3grafos, al\u00e9m da amplia\u00e7\u00e3o da oferta de tomografia com mais disponibilidade de vagas, a gest\u00e3o garante o acesso ao servi\u00e7o de forma descentralizada, o que fortalece a Rede de atendimento do SUS em Sergipe. A chegada dos tr\u00eas novos tom\u00f3grafos e a distribui\u00e7\u00e3o desses equipamentos pelas unidades da Rede Estadual de Sa\u00fade foram anunciadas durante visita do secret\u00e1rio Almeida Lima aos Hospitais Regionais de Nossa Senhora da Gl\u00f3ria e de Est\u00e2ncia, atendendo solicita\u00e7\u00e3o do governador Jackson Barreto.<\/p>\n<p style=\"text-align: justify;\"><img loading=\"lazy\" decoding=\"async\" class=\"aligncenter size-full wp-image-103429\" src=\"http:\/\/senoticias.com.br\/se\/wp-content\/uploads\/2017\/05\/Logo-fone-1-2-1-2-4-2-1.jpg\" alt=\"Logo-fone-1-2-1-2-4-2\" width=\"599\" height=\"78\" srcset=\"https:\/\/senoticias.com.br\/se\/wp-content\/uploads\/2017\/05\/Logo-fone-1-2-1-2-4-2-1.jpg 599w, https:\/\/senoticias.com.br\/se\/wp-content\/uploads\/2017\/05\/Logo-fone-1-2-1-2-4-2-1-300x39.jpg 300w\" sizes=\"(max-width: 599px) 100vw, 599px\" \/><\/p>\n<p style=\"text-align: justify;\"><strong>Acompanhe tamb\u00e9m o SE Not\u00edcias no<\/strong><span class=\"apple-converted-space\"><b>\u00a0<\/b><\/span><a href=\"https:\/\/twitter.com\/Senoticias\" target=\"_blank\"><b>Twitter<\/b><\/a><strong>,<\/strong><span class=\"apple-converted-space\"><b>\u00a0<\/b><\/span><a href=\"https:\/\/www.facebook.com\/senoticias1\" target=\"_blank\"><b>Facebook<\/b><span class=\"apple-converted-space\"><b>\u00a0<\/b><\/span><\/a><strong>e no<\/strong><span class=\"apple-converted-space\"><b>\u00a0<\/b><\/span><a href=\"https:\/\/www.instagram.com\/senoticias\/\" target=\"_blank\"><b>Instagram<\/b><\/a><\/p>\n<p style=\"text-align: justify;\">Por ASN<\/p>\n","protected":false},"excerpt":{"rendered":"<p>O governo de Sergipe, por meio da secretaria de Estado da Sa\u00fade (SES), contemplar\u00e1 a popula\u00e7\u00e3o usu\u00e1ria do Sistema \u00danico de Sa\u00fade (SUS) com a amplia\u00e7\u00e3o da oferta de tomografia. Atualmente, dois aparelhos est\u00e3o em funcionamento no Hospital de Urg\u00eancias de Sergipe (Huse) e a expectativa \u00e9 que, j\u00e1 no m\u00eas de junho, tr\u00eas novos [&hellip;]<\/p>\n","protected":false},"author":2,"featured_media":0,"comment_status":"closed","ping_status":"closed","sticky":false,"template":"","format":"standard","meta":{"footnotes":""},"categories":[38],"tags":[972,236,56,1304,3887],"class_list":{"0":"post-103589","1":"post","2":"type-post","3":"status-publish","4":"format-standard","6":"category-municipios","7":"tag-estancia","8":"tag-itabaiana","9":"tag-municipios-2","10":"tag-saude","11":"tag-tomografo"},"_links":{"self":[{"href":"https:\/\/senoticias.com.br\/se\/wp-json\/wp\/v2\/posts\/103589"}],"collection":[{"href":"https:\/\/senoticias.com.br\/se\/wp-json\/wp\/v2\/posts"}],"about":[{"href":"https:\/\/senoticias.com.br\/se\/wp-json\/wp\/v2\/types\/post"}],"author":[{"embeddable":true,"href":"https:\/\/senoticias.com.br\/se\/wp-json\/wp\/v2\/users\/2"}],"replies":[{"embeddable":true,"href":"https:\/\/senoticias.com.br\/se\/wp-json\/wp\/v2\/comments?post=103589"}],"version-history":[{"count":0,"href":"https:\/\/senoticias.com.br\/se\/wp-json\/wp\/v2\/posts\/103589\/revisions"}],"wp:attachment":[{"href":"https:\/\/senoticias.com.br\/se\/wp-json\/wp\/v2\/media?parent=103589"}],"wp:term":[{"taxonomy":"category","embeddable":true,"href":"https:\/\/senoticias.com.br\/se\/wp-json\/wp\/v2\/categories?post=103589"},{"taxonomy":"post_tag","embeddable":true,"href":"https:\/\/senoticias.com.br\/se\/wp-json\/wp\/v2\/tags?post=103589"}],"curies":[{"name":"wp","href":"https:\/\/api.w.org\/{rel}","templated":true}]}}