{"id":103543,"date":"2017-05-27T07:06:49","date_gmt":"2017-05-27T10:06:49","guid":{"rendered":"http:\/\/senoticias.com.br\/se\/?p=103543"},"modified":"2017-05-31T05:59:53","modified_gmt":"2017-05-31T08:59:53","slug":"governador-confirma-retorno-dos-festejos-juninos-no-centro-de-criatividade","status":"publish","type":"post","link":"https:\/\/senoticias.com.br\/se\/governador-confirma-retorno-dos-festejos-juninos-no-centro-de-criatividade\/","title":{"rendered":"Governador confirma retorno dos festejos juninos no Centro de Criatividade"},"content":{"rendered":"<p style=\"text-align: justify;\">O governador Jackson Barreto visitou nesta sexta-feira, 26, a obra da reforma e amplia\u00e7\u00e3o do Centro de Criatividade, no bairro Cirurgia, espa\u00e7o dedicado a cultura sergipana. Diariamente 60 oper\u00e1rios trabalham para garantir que at\u00e9 meados de junho a primeira etapa da obra seja entregue \u00e0 popula\u00e7\u00e3o. A parte externa do Centro ser\u00e1 palco do \u201cArrai\u00e1 Arranca Unha\u201d, tradicional concurso de quadrilhas que ser\u00e1 retomado entre os dias 15 e 30 de junho. Para que o espa\u00e7o volte a desenvolver suas atividades est\u00e3o sendo investidos R$ 2,7 milh\u00f5es.<\/p>\n<div id=\"attachment_103544\" style=\"width: 609px\" class=\"wp-caption aligncenter\"><img loading=\"lazy\" decoding=\"async\" aria-describedby=\"caption-attachment-103544\" class=\"size-full wp-image-103544\" src=\"http:\/\/senoticias.com.br\/se\/wp-content\/uploads\/2017\/05\/68e5edae649f3295a7f81eb354551701-e1495879470131.jpg\" alt=\" A parte externa do Centro ser\u00e1 palco do \u201cArrai\u00e1 Arranca Unha\u201d, tradicional concurso de quadrilhas que ser\u00e1 retomado entre os dias 15 e 30 de junho. Para que o espa\u00e7o volte a desenvolver suas atividades est\u00e3o sendo investidos R$ 2,7 milh\u00f5es. (Foto: Marcelle Cristinne\/ASN) \" width=\"599\" height=\"401\" \/><p id=\"caption-attachment-103544\" class=\"wp-caption-text\"><br \/>A parte externa do Centro ser\u00e1 palco do \u201cArrai\u00e1 Arranca Unha\u201d, tradicional concurso de quadrilhas que ser\u00e1 retomado entre os dias 15 e 30 de junho. Para que o espa\u00e7o volte a desenvolver suas atividades est\u00e3o sendo investidos R$ 2,7 milh\u00f5es. (Foto: Marcelle Cristinne\/ASN)<\/p><\/div>\n<p style=\"text-align: justify;\">Satisfeito com o andamento da obra, o governador falou da import\u00e2ncia do espa\u00e7o para a cultura sergipana e do seu compromisso com a comunidade do bairro Cirurgia, local que morou com sua fam\u00edlia por 40 anos. \u201cEu estava muito preocupado com a situa\u00e7\u00e3o da estrutura f\u00edsica do Centro de Criatividade e, inclusive, com a suspens\u00e3o de suas atividades culturais que sempre estiveram inseridas no contexto da comunidade, principalmente nos festejos juninos. Gra\u00e7as a Deus encontramos uma sa\u00edda, estamos recuperando o espa\u00e7o e este ano j\u00e1 teremos eventos juninos. Minha alegria \u00e9 muito grande porque n\u00e3o \u00e9 s\u00f3 um governador cuidando de mais uma obra, \u00e9 cuidando de uma obra que tem um significado muito grande na minha vida e na vida da comunidade do bairro Cirurgia\u201d, ressaltou.<\/p>\n<p style=\"text-align: justify;\">O secret\u00e1rio de Estado de Infraestrutura (Seinfra), Valmor Barbosa, garantiu a finaliza\u00e7\u00e3o da primeira etapa da obra, que abrange a parte externa do local, e acredita que, at\u00e9 o final do ano, o Centro de Criatividade ser\u00e1 entregue todo reformado para a popula\u00e7\u00e3o. \u201cEstamos fazendo aqui uma bel\u00edssima obra. S\u00e3o quase 14 mil m\u00b2 de \u00e1rea, sendo 4 mil m\u00b2 quadrados de espa\u00e7o constru\u00eddo. At\u00e9 metade do m\u00eas de junho, estamos entregando a primeira etapa que corresponde a mais de 2\/3 da obra, que seria toda essa parte de palco, concha ac\u00fastica, recupera\u00e7\u00e3o da estrutura met\u00e1lica da \u00e1rea coberta, ou seja, toda parte externa da zona leste e sul. A parte norte e a interna, que corresponde a segunda etapa, deve ficar pronta e ser entregue at\u00e9 o final do ano. Essa primeira parte conclu\u00edda possibilita que os festejos juninos possam acontecer nessa \u00e1rea\u201d, afirma.<\/p>\n<p style=\"text-align: justify;\">O gestor lembrou das dificuldades financeiras enfrentadas no in\u00edcio da obra, mas hoje comemora o andamento dos reparos e amplia\u00e7\u00e3o que est\u00e3o sendo feitos no local. \u201cN\u00f3s tivemos problemas inicialmente, mas felizmente o governador Jackson Barreto conseguiu os recursos com o Banese e dentro do pr\u00f3prio Governo do Estado, e hoje a obra \u00e9 uma realidade\u201d, declara.<\/p>\n<p style=\"text-align: justify;\">O comerciante e morador do bairro Cirurgia h\u00e1 45 anos, Seu Ant\u00f4nio Carlos Santos est\u00e1 muito contente com a reforma e ansioso com a retomada das atividades do local. \u201cA vida aqui era uma coisa antes do Centro de Criatividade e depois de sua constru\u00e7\u00e3o mudou muito para melhor. N\u00f3s estamos numa felicidade que n\u00e3o cabe no peito em saber que esse espa\u00e7o vai voltar a funcionar, que teremos de volta as atividades culturais que aconteciam aqui, em especial o Arrai\u00e1 do Arranca Unha que voltar\u00e1 a acontecer m\u00eas que vem\u201d, comemorou.<\/p>\n<p style=\"text-align: justify;\">Outro morador do bairro que est\u00e1 muito satisfeito com a reforma do Centro e que fez quest\u00e3o de acompanhar a visita ao lado do governador \u00e9 o deputado estadual Robson Viana. Ele falou da import\u00e2ncia cultural do local para a sociedade sergipana e para a comunidade local. \u201cIsso aqui \u00e9 um ber\u00e7o cultural muito grande e, tanto eu quanto a comunidade, est\u00e1vamos muito tristes com essa ociosidade. Aqui j\u00e1 aconteceram v\u00e1rios eventos culturais e de arte c\u00eanica, diversas oficinas, tinha restaurante, cinema e estava tudo parado. Hoje, sabendo que vamos ter uma parte da obra conclu\u00edda para termos nossos festejos juninos, que s\u00e3o muito forte no bairro, fico muito feliz. Tenho certeza que os moradores do bairro Cirurgia e adjac\u00eancias v\u00e3o agradecer ao governador por devolver esse espa\u00e7o cultural \u00e0 popula\u00e7\u00e3o\u201d, celebrou.<\/p>\n<p><strong>Atividades<\/strong><\/p>\n<p style=\"text-align: justify;\">Durante a visita \u00e0 obra, o governador destacou a import\u00e2ncia de retomar todas as atividades culturais e sociais do Centro. Um dos projetos que ele gostaria que fizesse parte da programa\u00e7\u00e3o s\u00e3o aulas para crian\u00e7as e jovens da comunidade. \u201cUltimamente aqui estava sendo subutilizado, tendo apenas atividades juninas. \u00c9 preciso voltar a produzir e ser uma escola de arte. S\u00e3o necess\u00e1rias atividades culturais permanentes para a rapaziada do bairro. Meu sonho \u00e9 que aqui, assim como em localidades da periferia, tenha aulas de bal\u00e9 para a comunidade carente. J\u00e1 falei com o secret\u00e1rio de Inclus\u00e3o Social sobre o assunto, que \u00e9 algo que levanta a autoestima dos jovens e temos visto todos os dias que os grandes talentos n\u00e3o saem da burguesia, e sim do povo\u201d, destaca.<\/p>\n<p style=\"text-align: justify;\">O superintendente executivo da Secult, Irineu Fontes, adiantou que existem v\u00e1rios projetos para o espa\u00e7o em parceria com diversas pastas do Estado. \u201cPara manter um lugar desse s\u00f3 com a uni\u00e3o de v\u00e1rias secretarias e aqui teremos presentes as de Cultura, Esporte, Inclus\u00e3o Social e Educa\u00e7\u00e3o. Estamos criando duas comiss\u00f5es: uma de administra\u00e7\u00e3o do espa\u00e7o e outra de qualifica\u00e7\u00e3o e informa\u00e7\u00e3o. Vamos ter conv\u00eanios com universidades, com o Sebrae, Senac e Sesc para podermos trabalhar com essa comunidade, tanto na \u00e1rea cultural, quanto na social que envolvem a parte esportiva, de educa\u00e7\u00e3o e seguran\u00e7a. N\u00f3s temos uma comunidade que precisa desse trabalho e o Governo de Sergipe cumpre esse papel\u201d, explicou Irineu.<\/p>\n<p style=\"text-align: justify;\">Para o diretor do Centro, Isac Galv\u00e3o, todos est\u00e3o engajados e entusiasmados com o retorno das atividades do espa\u00e7o. \u201cQueremos que o local volte a ser o Centro de Criatividade, s\u00f3 que agora com uma nova estrutura, com outra vis\u00e3o, colocando em pr\u00e1tica seu objetivo. \u00c9 um espa\u00e7o importante para o lazer e turismo porque o Centro tem uma hist\u00f3ria, a comunidade realmente tem uma identidade cultural muito forte e temos que voltar com as atividades culturais, art\u00edsticas e tur\u00edsticas\u201d, ressalta.<\/p>\n<p><strong>Festejos Juninos<\/strong><\/p>\n<p style=\"text-align: justify;\">Mesmo diante das dificuldades financeiras que o Estado enfrenta, Jackson garantiu que os festejos juninos na capital ser\u00e3o mantidos gra\u00e7as ao apoio de patrocinadores. \u201cVamos ter atividades no Centro de Criatividade, no Gonzag\u00e3o e na Orla de Atalaia com o Arrai\u00e1 do Povo, evidente que com menos atra\u00e7\u00f5es e com menos dias de festa, porque a situa\u00e7\u00e3o do pa\u00eds \u00e9 cr\u00edtica e a do Estado muito cr\u00edtica. N\u00e3o d\u00e1 para fazer eventos com recursos do Tesouro do Estado, esses eventos s\u00f3 ir\u00e3o acontecer porque estamos buscando patroc\u00ednio\u201d, refor\u00e7a.<\/p>\n<p style=\"text-align: justify;\">O Arrai\u00e1 do Arranca Unha acontece de <strong>15 a 30 de junho<\/strong> no Centro de Criatividades com o tradicional concurso de quadrilhas juninas e apresenta\u00e7\u00f5es de trios de forr\u00f3. No Gonzag\u00e3o a programa\u00e7\u00e3o come\u00e7a no dia 16, tamb\u00e9m com concurso de quadrilhas e apresenta\u00e7\u00f5es de cultura popular. J\u00e1 o Arrai\u00e1 do Povo, na Orla de Atalaia, deve iniciar sua programa\u00e7\u00e3o no dia 22 e vai at\u00e9 o final do m\u00eas. \u201cJ\u00e1 estamos com todo projeto pronto para o Arrai\u00e1 do Povo, com edital aberto para a escolha dos artistas, que \u00e9 uma forma democr\u00e1tica e transparente, na qual voc\u00ea j\u00e1 sabe o custo que ter\u00e1, o artista sabe o quanto ir\u00e1 receber e como vai ser todo o crit\u00e9rio da apresenta\u00e7\u00e3o dele. Vamos ter em torno de 70 artistas sergipanos e nacionais participando, al\u00e9m das apresenta\u00e7\u00f5es das quadrilhas juninas e grupos de cultura popular. Ser\u00e3o tr\u00eas espa\u00e7os na capital, para que a popula\u00e7\u00e3o do estado e os turistas possam desfrutar dessa festa grandiosa e tradicional de Sergipe\u201d, enfatiza Irineu Fontes.<\/p>\n<p style=\"text-align: justify;\"><strong>Obra<\/strong><\/p>\n<p style=\"text-align: justify;\">A obra do Centro de Criatividade foi dividida em duas etapas: A primeira corresponde a parte externa que inclui a concha ac\u00fastica, as arquibancadas e o acesso do p\u00fablico. J\u00e1 a segunda parte, a interna. As interven\u00e7\u00f5es, executada pela Companhia Estadual de Habita\u00e7\u00e3o e Obras P\u00fablicas (Cehop), contempla o espa\u00e7o cultural, o anfiteatro com palcos e camarins, quadras e \u00e1rea de lazer. J\u00e1 a amplia\u00e7\u00e3o abrange alojamento e duas guaritas com \u00e1rea total constru\u00edda de 2.200m\u00b2.<\/p>\n<p style=\"text-align: justify;\">O novo Centro de Criatividade ter\u00e1 com 120 lugares, atelier de pintura, mezanino e dep\u00f3sito. J\u00e1 o anfiteatro contar\u00e1 com arquibancada com capacidade para mil pessoas, palco com 110 m\u00b2 e tr\u00eas camarins masculinos e tr\u00eas femininos. O espa\u00e7o ter\u00e1 ainda duas quadras: uma polivalente com 390m\u00b2, com arquibancada capaz de suportar 380 pessoas, e a outra de voleibol, com 160m\u00b2 e arquibancada com capacidade para 130 pessoas.<\/p>\n<p style=\"text-align: justify;\">A \u00e1rea de lazer ser\u00e1 ampla com mesas de xadrez e de dama, um parque para crian\u00e7as com brinquedos (gangorra, escorregadeira, trepa-trepa e escada de cilindros), e bancos de concreto em toda a pra\u00e7a. Outra novidade \u00e9 a acessibilidade, est\u00e3o sendo colocados rampas de acesso, corrim\u00f5es e piso t\u00e1til.<\/p>\n<p style=\"text-align: justify;\"><img loading=\"lazy\" decoding=\"async\" class=\"aligncenter size-full wp-image-103429\" src=\"http:\/\/senoticias.com.br\/se\/wp-content\/uploads\/2017\/05\/Logo-fone-1-2-1-2-4-2-1.jpg\" alt=\"Logo-fone-1-2-1-2-4-2\" width=\"599\" height=\"78\" srcset=\"https:\/\/senoticias.com.br\/se\/wp-content\/uploads\/2017\/05\/Logo-fone-1-2-1-2-4-2-1.jpg 599w, https:\/\/senoticias.com.br\/se\/wp-content\/uploads\/2017\/05\/Logo-fone-1-2-1-2-4-2-1-300x39.jpg 300w\" sizes=\"(max-width: 599px) 100vw, 599px\" \/><\/p>\n<p style=\"text-align: justify;\"><strong>Acompanhe tamb\u00e9m o SE Not\u00edcias no<\/strong><span class=\"apple-converted-space\"><b>\u00a0<\/b><\/span><a href=\"https:\/\/twitter.com\/Senoticias\" target=\"_blank\"><b>Twitter<\/b><\/a><strong>,<\/strong><span class=\"apple-converted-space\"><b>\u00a0<\/b><\/span><a href=\"https:\/\/www.facebook.com\/senoticias1\" target=\"_blank\"><b>Facebook<\/b><span class=\"apple-converted-space\"><b>\u00a0<\/b><\/span><\/a><strong>e no<\/strong><span class=\"apple-converted-space\"><b>\u00a0<\/b><\/span><a href=\"https:\/\/www.instagram.com\/senoticias\/\" target=\"_blank\"><b>Instagram<\/b><\/a><\/p>\n<p style=\"text-align: justify;\"><em>Ag\u00eancia Sergipe de Not\u00edcias<\/em><\/p>\n<p style=\"text-align: justify;\">\n","protected":false},"excerpt":{"rendered":"<p>O governador Jackson Barreto visitou nesta sexta-feira, 26, a obra da reforma e amplia\u00e7\u00e3o do Centro de Criatividade, no bairro Cirurgia, espa\u00e7o dedicado a cultura sergipana. Diariamente 60 oper\u00e1rios trabalham para garantir que at\u00e9 meados de junho a primeira etapa da obra seja entregue \u00e0 popula\u00e7\u00e3o. A parte externa do Centro ser\u00e1 palco do \u201cArrai\u00e1 [&hellip;]<\/p>\n","protected":false},"author":2,"featured_media":103544,"comment_status":"closed","ping_status":"closed","sticky":false,"template":"","format":"standard","meta":{"footnotes":""},"categories":[15,21],"tags":[],"class_list":{"0":"post-103543","1":"post","2":"type-post","3":"status-publish","4":"format-standard","5":"has-post-thumbnail","7":"category-destaques","8":"category-entretenimento"},"_links":{"self":[{"href":"https:\/\/senoticias.com.br\/se\/wp-json\/wp\/v2\/posts\/103543"}],"collection":[{"href":"https:\/\/senoticias.com.br\/se\/wp-json\/wp\/v2\/posts"}],"about":[{"href":"https:\/\/senoticias.com.br\/se\/wp-json\/wp\/v2\/types\/post"}],"author":[{"embeddable":true,"href":"https:\/\/senoticias.com.br\/se\/wp-json\/wp\/v2\/users\/2"}],"replies":[{"embeddable":true,"href":"https:\/\/senoticias.com.br\/se\/wp-json\/wp\/v2\/comments?post=103543"}],"version-history":[{"count":0,"href":"https:\/\/senoticias.com.br\/se\/wp-json\/wp\/v2\/posts\/103543\/revisions"}],"wp:featuredmedia":[{"embeddable":true,"href":"https:\/\/senoticias.com.br\/se\/wp-json\/wp\/v2\/media\/103544"}],"wp:attachment":[{"href":"https:\/\/senoticias.com.br\/se\/wp-json\/wp\/v2\/media?parent=103543"}],"wp:term":[{"taxonomy":"category","embeddable":true,"href":"https:\/\/senoticias.com.br\/se\/wp-json\/wp\/v2\/categories?post=103543"},{"taxonomy":"post_tag","embeddable":true,"href":"https:\/\/senoticias.com.br\/se\/wp-json\/wp\/v2\/tags?post=103543"}],"curies":[{"name":"wp","href":"https:\/\/api.w.org\/{rel}","templated":true}]}}