{"id":103541,"date":"2017-05-26T20:57:05","date_gmt":"2017-05-26T23:57:05","guid":{"rendered":"http:\/\/senoticias.com.br\/se\/?p=103541"},"modified":"2017-05-28T10:04:39","modified_gmt":"2017-05-28T13:04:39","slug":"adolescente-morre-apos-assaltar-onibus-em-aracaju","status":"publish","type":"post","link":"https:\/\/senoticias.com.br\/se\/adolescente-morre-apos-assaltar-onibus-em-aracaju\/","title":{"rendered":"Adolescente morre ap\u00f3s assaltar \u00f4nibus em Aracaju"},"content":{"rendered":"<p style=\"text-align: justify;\">Um jovem suspeito de assaltar um \u00f4nibus do transporte coletivo da Grande Aracaju foi morto por um homem ainda n\u00e3o identificado no final da manh\u00e3 desta sexta-feira, 26. De acordo com a assessoria de comunica\u00e7\u00e3o da Pol\u00edcia Militar, dois adolescentes tamb\u00e9m participaram da a\u00e7\u00e3o.<\/p>\n<div id=\"attachment_103542\" style=\"width: 477px\" class=\"wp-caption aligncenter\"><img loading=\"lazy\" decoding=\"async\" aria-describedby=\"caption-attachment-103542\" class=\"size-full wp-image-103542\" src=\"http:\/\/senoticias.com.br\/se\/wp-content\/uploads\/2017\/05\/InkedWhatsApp-Image-2017-05-26-at-12.36.32_LI.jpg\" alt=\" Menor foi morto ap\u00f3s ter participado de um assalto a \u00f4nibus que faz a linha Tijuquinha, na Avenida Marechal Rondon, na rot\u00e1toria do Centro Administrativo\" width=\"467\" height=\"829\" srcset=\"https:\/\/senoticias.com.br\/se\/wp-content\/uploads\/2017\/05\/InkedWhatsApp-Image-2017-05-26-at-12.36.32_LI.jpg 467w, https:\/\/senoticias.com.br\/se\/wp-content\/uploads\/2017\/05\/InkedWhatsApp-Image-2017-05-26-at-12.36.32_LI-169x300.jpg 169w\" sizes=\"(max-width: 467px) 100vw, 467px\" \/><p id=\"caption-attachment-103542\" class=\"wp-caption-text\">Menor foi morto ap\u00f3s ter participado de um assalto a \u00f4nibus que faz a linha Tijuquinha, na Avenida Marechal Rondon, na rotat\u00f3ria do Centro Administrativo. (Foto: redes sociais)<\/p><\/div>\n<p style=\"text-align: justify;\">As informa\u00e7\u00f5es preliminares \u00e9 de que o \u00f4nibus ia da Rodovi\u00e1ria Nova at\u00e9 o conjunto Eduardo Gomes, em S\u00e3o Crist\u00f3v\u00e3o, quando os tr\u00eas acusados anunciaram o assalto. Pr\u00f3ximo \u00e0 rotat\u00f3ria do condom\u00ednio Vila Vit\u00f3ria, eles desceram do \u00f4nibus e foram perseguidos por um homem que efetuou os disparos de arma de fogo.<\/p>\n<p style=\"text-align: justify;\">Os tiros atingiu um deles, que morreu e tamb\u00e9m permanece sem identifica\u00e7\u00e3o. J\u00e1 os dois menores foram apreendidos pela PM.<\/p>\n<p style=\"text-align: justify;\"><img loading=\"lazy\" decoding=\"async\" class=\"aligncenter size-full wp-image-103429\" src=\"http:\/\/senoticias.com.br\/se\/wp-content\/uploads\/2017\/05\/Logo-fone-1-2-1-2-4-2-1.jpg\" alt=\"Logo-fone-1-2-1-2-4-2\" width=\"599\" height=\"78\" srcset=\"https:\/\/senoticias.com.br\/se\/wp-content\/uploads\/2017\/05\/Logo-fone-1-2-1-2-4-2-1.jpg 599w, https:\/\/senoticias.com.br\/se\/wp-content\/uploads\/2017\/05\/Logo-fone-1-2-1-2-4-2-1-300x39.jpg 300w\" sizes=\"(max-width: 599px) 100vw, 599px\" \/><\/p>\n<p style=\"text-align: justify;\"><strong>Acompanhe tamb\u00e9m o SE Not\u00edcias no<\/strong><span class=\"apple-converted-space\"><b>\u00a0<\/b><\/span><a href=\"https:\/\/twitter.com\/Senoticias\" target=\"_blank\"><b>Twitter<\/b><\/a><strong>,<\/strong><span class=\"apple-converted-space\"><b>\u00a0<\/b><\/span><a href=\"https:\/\/www.facebook.com\/senoticias1\" target=\"_blank\"><b>Facebook<\/b><span class=\"apple-converted-space\"><b>\u00a0<\/b><\/span><\/a><strong>e no<\/strong><span class=\"apple-converted-space\"><b>\u00a0<\/b><\/span><a href=\"https:\/\/www.instagram.com\/senoticias\/\" target=\"_blank\"><b>Instagram<\/b><\/a><\/p>\n<p style=\"text-align: justify;\"><em>Informa\u00e7\u00f5es do <a href=\"http:\/\/www.infonet.com.br\/noticias\/cidade\/ler.asp?id=200356\">Portal<\/a> Infonet<\/em><\/p>\n<p style=\"text-align: justify;\">\n","protected":false},"excerpt":{"rendered":"<p>Um jovem suspeito de assaltar um \u00f4nibus do transporte coletivo da Grande Aracaju foi morto por um homem ainda n\u00e3o identificado no final da manh\u00e3 desta sexta-feira, 26. De acordo com a assessoria de comunica\u00e7\u00e3o da Pol\u00edcia Militar, dois adolescentes tamb\u00e9m participaram da a\u00e7\u00e3o. As informa\u00e7\u00f5es preliminares \u00e9 de que o \u00f4nibus ia da Rodovi\u00e1ria [&hellip;]<\/p>\n","protected":false},"author":2,"featured_media":103542,"comment_status":"closed","ping_status":"closed","sticky":false,"template":"","format":"standard","meta":{"footnotes":""},"categories":[15,7],"tags":[3844,339,2848,2875],"class_list":{"0":"post-103541","1":"post","2":"type-post","3":"status-publish","4":"format-standard","5":"has-post-thumbnail","7":"category-destaques","8":"category-policia","9":"tag-adolescente","10":"tag-aracaju","11":"tag-morre","12":"tag-onibus"},"_links":{"self":[{"href":"https:\/\/senoticias.com.br\/se\/wp-json\/wp\/v2\/posts\/103541"}],"collection":[{"href":"https:\/\/senoticias.com.br\/se\/wp-json\/wp\/v2\/posts"}],"about":[{"href":"https:\/\/senoticias.com.br\/se\/wp-json\/wp\/v2\/types\/post"}],"author":[{"embeddable":true,"href":"https:\/\/senoticias.com.br\/se\/wp-json\/wp\/v2\/users\/2"}],"replies":[{"embeddable":true,"href":"https:\/\/senoticias.com.br\/se\/wp-json\/wp\/v2\/comments?post=103541"}],"version-history":[{"count":0,"href":"https:\/\/senoticias.com.br\/se\/wp-json\/wp\/v2\/posts\/103541\/revisions"}],"wp:featuredmedia":[{"embeddable":true,"href":"https:\/\/senoticias.com.br\/se\/wp-json\/wp\/v2\/media\/103542"}],"wp:attachment":[{"href":"https:\/\/senoticias.com.br\/se\/wp-json\/wp\/v2\/media?parent=103541"}],"wp:term":[{"taxonomy":"category","embeddable":true,"href":"https:\/\/senoticias.com.br\/se\/wp-json\/wp\/v2\/categories?post=103541"},{"taxonomy":"post_tag","embeddable":true,"href":"https:\/\/senoticias.com.br\/se\/wp-json\/wp\/v2\/tags?post=103541"}],"curies":[{"name":"wp","href":"https:\/\/api.w.org\/{rel}","templated":true}]}}