{"id":103537,"date":"2017-05-26T16:48:20","date_gmt":"2017-05-26T19:48:20","guid":{"rendered":"http:\/\/senoticias.com.br\/se\/?p=103537"},"modified":"2017-05-26T19:36:49","modified_gmt":"2017-05-26T22:36:49","slug":"anatel-devera-bloquear-celulares-sem-certificacao","status":"publish","type":"post","link":"https:\/\/senoticias.com.br\/se\/anatel-devera-bloquear-celulares-sem-certificacao\/","title":{"rendered":"Anatel dever\u00e1 bloquear celulares sem certifica\u00e7\u00e3o"},"content":{"rendered":"<p style=\"text-align: justify;\">A Ag\u00eancia Nacional de Telecomunica\u00e7\u00f5es (Anatel) poder\u00e1 bloquear os celulares que n\u00e3o tenham certifica\u00e7\u00e3o. A proposta apresentada pela \u00e1rea t\u00e9cnica da Anatel j\u00e1 foi aprovada em reuni\u00e3o administrativa da ag\u00eancia, mas deve passar pelo Conselho Diretor e ainda pode sofrer mudan\u00e7as.<\/p>\n<div id=\"attachment_98960\" style=\"width: 590px\" class=\"wp-caption aligncenter\"><img loading=\"lazy\" decoding=\"async\" aria-describedby=\"caption-attachment-98960\" class=\"size-full wp-image-98960\" src=\"http:\/\/senoticias.com.br\/se\/wp-content\/uploads\/2016\/12\/celular-SE-Noticias.jpg\" alt=\"Operadoras de celular comecem a mandar mensagens com avisos aos usu\u00e1rios que tem aparelhos irregulares a partir do dia 30 de julho.  (Foto: Arquivo\/Ag\u00eancia Brasil\" width=\"580\" height=\"388\" srcset=\"https:\/\/senoticias.com.br\/se\/wp-content\/uploads\/2016\/12\/celular-SE-Noticias.jpg 580w, https:\/\/senoticias.com.br\/se\/wp-content\/uploads\/2016\/12\/celular-SE-Noticias-300x201.jpg 300w, https:\/\/senoticias.com.br\/se\/wp-content\/uploads\/2016\/12\/celular-SE-Noticias-90x60.jpg 90w, https:\/\/senoticias.com.br\/se\/wp-content\/uploads\/2016\/12\/celular-SE-Noticias-180x120.jpg 180w, https:\/\/senoticias.com.br\/se\/wp-content\/uploads\/2016\/12\/celular-SE-Noticias-95x64.jpg 95w\" sizes=\"(max-width: 580px) 100vw, 580px\" \/><p id=\"caption-attachment-98960\" class=\"wp-caption-text\">Operadoras de celular comecem a mandar mensagens com avisos aos usu\u00e1rios que tem aparelhos irregulares a partir do dia 30 de julho. (Foto: Arquivo\/Ag\u00eancia Brasil<\/p><\/div>\n<p style=\"text-align: justify;\">Antes de bloquear os celulares, as operadoras dever\u00e3o avisar os clientes que t\u00eam aparelhos n\u00e3o regularizados e, somente, ap\u00f3s 75 dias poder\u00e3o bloque\u00e1-los. A previs\u00e3o \u00e9 de que as empresas comecem a mandar mensagens com avisos para os usu\u00e1rios a partir do dia 30 de julho, mas pode haver um adiamento no in\u00edcio da implanta\u00e7\u00e3o do sistema.<\/p>\n<p style=\"text-align: justify;\">Segundo a Anatel, ser\u00e3o bloqueados os celulares que n\u00e3o tenham certifica\u00e7\u00e3o da ag\u00eancia e Imei v\u00e1lidos. O Imei \u00e9 uma sequ\u00eancia de n\u00fameros que identifica o celular internacionalmente e s\u00e3o listados no banco de dados da GSMA, organismo internacional que re\u00fane as empresas de telefonia m\u00f3vel. Ele equivale ao n\u00famero do chassi dos carros. Os aparelhos sujeitos ao bloqueio s\u00e3o principalmente os vendidos irregularmente no mercado nacional.<\/p>\n<p style=\"text-align: justify;\">O projeto do bloqueio de celulares e sua forma de implanta\u00e7\u00e3o vem sendo estudados pela Anatel em conjunto com as operadoras de telefonia m\u00f3vel e a Associa\u00e7\u00e3o Brasileira da Ind\u00fastria Eletro e Eletr\u00f4nica (Abinee).<\/p>\n<p style=\"text-align: justify;\"><img loading=\"lazy\" decoding=\"async\" class=\"aligncenter size-full wp-image-103429\" src=\"http:\/\/senoticias.com.br\/se\/wp-content\/uploads\/2017\/05\/Logo-fone-1-2-1-2-4-2-1.jpg\" alt=\"Logo-fone-1-2-1-2-4-2\" width=\"599\" height=\"78\" srcset=\"https:\/\/senoticias.com.br\/se\/wp-content\/uploads\/2017\/05\/Logo-fone-1-2-1-2-4-2-1.jpg 599w, https:\/\/senoticias.com.br\/se\/wp-content\/uploads\/2017\/05\/Logo-fone-1-2-1-2-4-2-1-300x39.jpg 300w\" sizes=\"(max-width: 599px) 100vw, 599px\" \/><\/p>\n<p><strong>Acompanhe tamb\u00e9m o SE Not\u00edcias no<\/strong><span class=\"apple-converted-space\"><b>\u00a0<\/b><\/span><a href=\"https:\/\/twitter.com\/Senoticias\" target=\"_blank\"><b>Twitter<\/b><\/a><strong>,<\/strong><span class=\"apple-converted-space\"><b>\u00a0<\/b><\/span><a href=\"https:\/\/www.facebook.com\/senoticias1\" target=\"_blank\"><b>Facebook<\/b><span class=\"apple-converted-space\"><b>\u00a0<\/b><\/span><\/a><strong>e no<\/strong><span class=\"apple-converted-space\"><b>\u00a0<\/b><\/span><a href=\"https:\/\/www.instagram.com\/senoticias\/\" target=\"_blank\"><b>Instagram<\/b><\/a><\/p>\n<p>Por Ag\u00eancia Brasil<\/p>\n","protected":false},"excerpt":{"rendered":"<p>A Ag\u00eancia Nacional de Telecomunica\u00e7\u00f5es (Anatel) poder\u00e1 bloquear os celulares que n\u00e3o tenham certifica\u00e7\u00e3o. A proposta apresentada pela \u00e1rea t\u00e9cnica da Anatel j\u00e1 foi aprovada em reuni\u00e3o administrativa da ag\u00eancia, mas deve passar pelo Conselho Diretor e ainda pode sofrer mudan\u00e7as. Antes de bloquear os celulares, as operadoras dever\u00e3o avisar os clientes que t\u00eam aparelhos [&hellip;]<\/p>\n","protected":false},"author":2,"featured_media":98960,"comment_status":"closed","ping_status":"closed","sticky":false,"template":"","format":"standard","meta":{"footnotes":""},"categories":[15,2961],"tags":[1550,3843,3840,3839,3842],"class_list":{"0":"post-103537","1":"post","2":"type-post","3":"status-publish","4":"format-standard","5":"has-post-thumbnail","7":"category-destaques","8":"category-nacional","9":"tag-anatel","10":"tag-bloquear","11":"tag-bloqueio","12":"tag-celular","13":"tag-certificacao"},"_links":{"self":[{"href":"https:\/\/senoticias.com.br\/se\/wp-json\/wp\/v2\/posts\/103537"}],"collection":[{"href":"https:\/\/senoticias.com.br\/se\/wp-json\/wp\/v2\/posts"}],"about":[{"href":"https:\/\/senoticias.com.br\/se\/wp-json\/wp\/v2\/types\/post"}],"author":[{"embeddable":true,"href":"https:\/\/senoticias.com.br\/se\/wp-json\/wp\/v2\/users\/2"}],"replies":[{"embeddable":true,"href":"https:\/\/senoticias.com.br\/se\/wp-json\/wp\/v2\/comments?post=103537"}],"version-history":[{"count":0,"href":"https:\/\/senoticias.com.br\/se\/wp-json\/wp\/v2\/posts\/103537\/revisions"}],"wp:featuredmedia":[{"embeddable":true,"href":"https:\/\/senoticias.com.br\/se\/wp-json\/wp\/v2\/media\/98960"}],"wp:attachment":[{"href":"https:\/\/senoticias.com.br\/se\/wp-json\/wp\/v2\/media?parent=103537"}],"wp:term":[{"taxonomy":"category","embeddable":true,"href":"https:\/\/senoticias.com.br\/se\/wp-json\/wp\/v2\/categories?post=103537"},{"taxonomy":"post_tag","embeddable":true,"href":"https:\/\/senoticias.com.br\/se\/wp-json\/wp\/v2\/tags?post=103537"}],"curies":[{"name":"wp","href":"https:\/\/api.w.org\/{rel}","templated":true}]}}