{"id":103528,"date":"2017-05-26T15:43:55","date_gmt":"2017-05-26T18:43:55","guid":{"rendered":"http:\/\/senoticias.com.br\/se\/?p=103528"},"modified":"2017-05-26T15:43:55","modified_gmt":"2017-05-26T18:43:55","slug":"audiencia-publica-na-cma-para-discute-ampliacao-do-parque-do-poxim","status":"publish","type":"post","link":"https:\/\/senoticias.com.br\/se\/audiencia-publica-na-cma-para-discute-ampliacao-do-parque-do-poxim\/","title":{"rendered":"Audi\u00eancia P\u00fablica na CMA para discute amplia\u00e7\u00e3o do Parque do Poxim"},"content":{"rendered":"<p style=\"text-align: justify;\">Visando discutir a viabilidade de amplia\u00e7\u00e3o do Parque do Poxim para o bairro Jabotiana, a fim de tornar o local uma Unidade de Conserva\u00e7\u00e3o Ambiental, aconteceu na \u00faltima quinta-feira, 25, uma Audi\u00eancia P\u00fablica, na C\u00e2mara Municipal de Vereadores de Aracaju. A Secretaria Municipal do Meio Ambiente (Sema) apresentou, na oportunidade, o processo de amplia\u00e7\u00e3o do parque.<\/p>\n<p style=\"text-align: justify;\">Os procedimentos adotados pela Sema para criar a extens\u00e3o do parque se deu atrav\u00e9s de um relat\u00f3rio de avalia\u00e7\u00e3o ambiental da \u00e1rea, entre os anos de 2013 e 2014. Na \u00e9poca, foi realizado um mapeamento tem\u00e1tico e topogr\u00e1fico e todo o processo de identifica\u00e7\u00e3o fundi\u00e1ria da \u00e1rea. Entre os anos de 2014 a 2016 houve um pedido de cess\u00e3o de \u00e1rea \u00e0 Uni\u00e3o (SPU) e em 2015 foi realizada uma audi\u00eancia p\u00fablica para apresentar o projeto \u00e0 sociedade. Por fim, foi publicado o Decreto Municipal \u2013 ato do chefe do Poder Executivo \u2013 no ano de 2016.<\/p>\n<div id=\"attachment_103529\" style=\"width: 609px\" class=\"wp-caption aligncenter\"><img loading=\"lazy\" decoding=\"async\" aria-describedby=\"caption-attachment-103529\" class=\"size-full wp-image-103529\" src=\"http:\/\/senoticias.com.br\/se\/wp-content\/uploads\/2017\/05\/024-e1495824132253.jpg\" alt=\"O Parque Natural Municipal do Poxim foi criado pelo decreto 5.370 de 02 de agosto de 2016 e \u00e9 administrado pela Sema.  Foto: AAN\" width=\"599\" height=\"449\" \/><p id=\"caption-attachment-103529\" class=\"wp-caption-text\">O Parque Natural Municipal do Poxim foi criado pelo decreto 5.370 de 02 de agosto de 2016 e \u00e9 administrado pela Sema. Foto: AAN<\/p><\/div>\n<p style=\"text-align: justify;\">O Parque Natural Municipal do Poxim foi criado pelo decreto 5.370 de 02 de agosto de 2016 e \u00e9 administrado pela Sema. A \u00e1rea \u00e9 classificada como uma Unidade de Conserva\u00e7\u00e3o (UC) de Prote\u00e7\u00e3o Integral, na categoria Parque Natural, conforme categoriza\u00e7\u00e3o do Sistema Nacional de Unidades de Conserva\u00e7\u00e3o \u2013 SNUC, que tem por objetivo proteger a natureza. O parque abrange ainda uma \u00e1rea de cerca de 1,8 km\u00b2, o equivalente a quase 20 est\u00e1dios de futebol. A sua localiza\u00e7\u00e3o est\u00e1 dentro dos limites dos bairros In\u00e1cio Barbosa, Farol\u00e2ndia e S\u00e3o Conrado, sendo a sua parte leste banhada pelo Rio Poxim.<\/p>\n<p style=\"text-align: justify;\">Recentemente, o parque foi inserido e validado com sucesso no cadastro nacional de unidades de conserva\u00e7\u00e3o do Minist\u00e9rio do Meio Ambiente (MMA), cujo intuito do cadastro \u00e9 disponibilizar um banco de dados de informa\u00e7\u00f5es associado ao Sistema Nacional de Unidades de Conserva\u00e7\u00e3o.<\/p>\n<p style=\"text-align: justify;\">\u201cO Bairro Jabotiana tinha um grande potencial para se tornar Unidade de Conserva\u00e7\u00e3o. Todo processo de cria\u00e7\u00e3o de uma unidade de conserva\u00e7\u00e3o \u00e9 lento, pois tem uma s\u00e9rie de passos a serem tomados. Um dos principais \u00e9 a identifica\u00e7\u00e3o fundi\u00e1ria dessa \u00e1rea, quem s\u00e3o os propriet\u00e1rios e quais s\u00e3o as \u00e1reas que s\u00e3o automaticamente protegidas por outras legisla\u00e7\u00f5es\u201d, detalha a assessora t\u00e9cnica da Sema, Carla Zoaid.<\/p>\n<div id=\"attachment_103530\" style=\"width: 609px\" class=\"wp-caption aligncenter\"><img loading=\"lazy\" decoding=\"async\" aria-describedby=\"caption-attachment-103530\" class=\"size-full wp-image-103530\" src=\"http:\/\/senoticias.com.br\/se\/wp-content\/uploads\/2017\/05\/img_20170525_wa0021-e1495824162262.jpg\" alt=\"Foto: AAN\" width=\"599\" height=\"449\" \/><p id=\"caption-attachment-103530\" class=\"wp-caption-text\">Foto: AAN<\/p><\/div>\n<p style=\"text-align: justify;\">De acordo com o secret\u00e1rio do Meio Ambiente de Aracaju, Cesar Viana, o bairro Jabotiana pode se tornar uma Unidade de Conserva\u00e7\u00e3o, mas \u00e9 necess\u00e1rio planejamento. \u201cO bairro pode se tornar uma UC, de acordo com a lei que rege o parque, no seu Art. 10, em que diz que outras \u00e1reas podem ser acrescidas aos limites oficiais do parque, conforme o interesse difuso e coletivo de prote\u00e7\u00e3o ao Meio Ambiente. Contudo, \u00e9 necess\u00e1rio captar recursos para isso\u201d, explica C\u00e9sar Viana.<\/p>\n<p style=\"text-align: justify;\">Ainda segundo o secret\u00e1rio, o Parque do Poxim \u00e9 considerado como um grande avan\u00e7o para Aracaju, visto que \u00e9 um patrim\u00f4nio ambiental da cidade. \u201cA Sema imp\u00f4s um limite, uma barreira, para que n\u00e3o haja degrada\u00e7\u00e3o no parque. Daquele ponto para frente, n\u00e3o pode ser utilizado de qualquer forma. Cria-se um s\u00edmbolo que est\u00e1 ali instalado para que a sociedade tenha um foco de defesa mais afetivo\u201d, pontua .<\/p>\n","protected":false},"excerpt":{"rendered":"<p>Visando discutir a viabilidade de amplia\u00e7\u00e3o do Parque do Poxim para o bairro Jabotiana, a fim de tornar o local uma Unidade de Conserva\u00e7\u00e3o Ambiental, aconteceu na \u00faltima quinta-feira, 25, uma Audi\u00eancia P\u00fablica, na C\u00e2mara Municipal de Vereadores de Aracaju. A Secretaria Municipal do Meio Ambiente (Sema) apresentou, na oportunidade, o processo de amplia\u00e7\u00e3o do [&hellip;]<\/p>\n","protected":false},"author":2,"featured_media":0,"comment_status":"closed","ping_status":"closed","sticky":false,"template":"","format":"standard","meta":{"footnotes":""},"categories":[38],"tags":[339,3832,3833,217],"class_list":{"0":"post-103528","1":"post","2":"type-post","3":"status-publish","4":"format-standard","6":"category-municipios","7":"tag-aracaju","8":"tag-poxim","9":"tag-sema","10":"tag-vereadores"},"_links":{"self":[{"href":"https:\/\/senoticias.com.br\/se\/wp-json\/wp\/v2\/posts\/103528"}],"collection":[{"href":"https:\/\/senoticias.com.br\/se\/wp-json\/wp\/v2\/posts"}],"about":[{"href":"https:\/\/senoticias.com.br\/se\/wp-json\/wp\/v2\/types\/post"}],"author":[{"embeddable":true,"href":"https:\/\/senoticias.com.br\/se\/wp-json\/wp\/v2\/users\/2"}],"replies":[{"embeddable":true,"href":"https:\/\/senoticias.com.br\/se\/wp-json\/wp\/v2\/comments?post=103528"}],"version-history":[{"count":0,"href":"https:\/\/senoticias.com.br\/se\/wp-json\/wp\/v2\/posts\/103528\/revisions"}],"wp:attachment":[{"href":"https:\/\/senoticias.com.br\/se\/wp-json\/wp\/v2\/media?parent=103528"}],"wp:term":[{"taxonomy":"category","embeddable":true,"href":"https:\/\/senoticias.com.br\/se\/wp-json\/wp\/v2\/categories?post=103528"},{"taxonomy":"post_tag","embeddable":true,"href":"https:\/\/senoticias.com.br\/se\/wp-json\/wp\/v2\/tags?post=103528"}],"curies":[{"name":"wp","href":"https:\/\/api.w.org\/{rel}","templated":true}]}}