{"id":103526,"date":"2017-05-26T15:24:05","date_gmt":"2017-05-26T18:24:05","guid":{"rendered":"http:\/\/senoticias.com.br\/se\/?p=103526"},"modified":"2017-05-26T15:24:05","modified_gmt":"2017-05-26T18:24:05","slug":"sorteio-de-premios-do-programa-nota-da-gente-acontece-na-proxima-segunda-29","status":"publish","type":"post","link":"https:\/\/senoticias.com.br\/se\/sorteio-de-premios-do-programa-nota-da-gente-acontece-na-proxima-segunda-29\/","title":{"rendered":"Sorteio de pr\u00eamios do Programa Nota da Gente acontece na pr\u00f3xima segunda, 29"},"content":{"rendered":"<p style=\"text-align: justify;\">A Secretaria de Estado da Fazenda (Sefaz) e o Procon Estadual realizam na manh\u00e3 da pr\u00f3xima segunda-feira, dia 29 de maio, \u00e0s 9 horas, no audit\u00f3rio da sede da Sefaz, o 22\u00ba sorteio de pr\u00eamios em dinheiro do programa de est\u00edmulo \u00e0 cidadania fiscal e tribut\u00e1ria &#8216;Nota da Gente&#8217;. O sorteio \u00e9 aberto ao p\u00fablico e pode ser acompanhado indistintamente.<\/p>\n<div id=\"attachment_103527\" style=\"width: 609px\" class=\"wp-caption aligncenter\"><img loading=\"lazy\" decoding=\"async\" aria-describedby=\"caption-attachment-103527\" class=\"size-full wp-image-103527\" src=\"http:\/\/senoticias.com.br\/se\/wp-content\/uploads\/2017\/05\/723eb0dad140b78228108f814b1ee565-e1495822980248.png\" alt=\"O sorteio \u00e9 aberto ao p\u00fablico e ser\u00e1 realizado \u00e0s 9 horas, no audit\u00f3rio da sede da Sefaz. Foto: Ascom Sefaz\" width=\"599\" height=\"297\" \/><p id=\"caption-attachment-103527\" class=\"wp-caption-text\">O sorteio \u00e9 aberto ao p\u00fablico e ser\u00e1 realizado \u00e0s 9 horas, no audit\u00f3rio da sede da Sefaz. Foto: Ascom Sefaz<\/p><\/div>\n<p style=\"text-align: justify;\">Nesta semana, a Sefaz disponibilizou no site do programa a consulta aos bilhetes eletr\u00f4nicos que participam deste quarto sorteio. Exatos 1.122.556 bilhetes foram gerados para o 22\u00ba sorteio, a partir do somat\u00f3rio de documentos fiscais identificados com o CPF\/CNPJ do consumidor no per\u00edodo de 1\u00ba de janeiro a 31 de mar\u00e7o deste ano. O acesso para consulta aos bilhetes \u00e9 feito exclusivamente pelo consumidor no site www.notadagente.se.gov.br, no link \u201cMeus Bilhetes\u201d, inserindo a senha pessoal.<\/p>\n<p style=\"text-align: justify;\">O sorteio \u00e9 aberto ao p\u00fablico e ser\u00e1 realizado \u00e0s 9 horas, no audit\u00f3rio da sede da Sefaz. Al\u00e9m dos t\u00e9cnicos da secretaria respons\u00e1veis pelo sorteio, o Procon Estadual tamb\u00e9m acompanha todo o procedimento.<\/p>\n<p style=\"text-align: justify;\">Os pr\u00eamios variam de R$ 50,00 a R$ 50.000,00, num total de R$ 250 mil em dinheiro creditados em conta no Banco do Estado de Sergipe (Banese). Ap\u00f3s a apura\u00e7\u00e3o do sorteio e a auditoria do processo, a Secretaria de Estado da Fazenda divulga a lista dos ganhadores no pr\u00f3prio site da campanha (www.notadagente.se.gov.br), al\u00e9m de outros meios de comunica\u00e7\u00e3o.<\/p>\n<p style=\"text-align: justify;\"><strong>Novidades<\/strong><\/p>\n<p style=\"text-align: justify;\">Para o segundo semestre deste ano, o Nota da Gente est\u00e1 projetando a amplia\u00e7\u00e3o do programa, com mudan\u00e7as visando o maior est\u00edmulo \u00e0 ades\u00e3o. A proposta continuar\u00e1 sendo a conscientiza\u00e7\u00e3o e o est\u00edmulo ao cidad\u00e3o para exigir a entrega do documento fiscal (o cupom ou a nota) com o CPF. Por\u00e9m, as mudan\u00e7as a serem implementadas ter\u00e3o o objetivo de aumentar a participa\u00e7\u00e3o do consumidor, melhorando inclusive a contrapartida para esse est\u00edmulo que \u00e9 a reformula\u00e7\u00e3o da premia\u00e7\u00e3o.<\/p>\n<p style=\"text-align: justify;\">\n<p style=\"text-align: justify;\"><img loading=\"lazy\" decoding=\"async\" class=\"aligncenter size-full wp-image-103429\" src=\"http:\/\/senoticias.com.br\/se\/wp-content\/uploads\/2017\/05\/Logo-fone-1-2-1-2-4-2-1.jpg\" alt=\"Logo-fone-1-2-1-2-4-2\" width=\"599\" height=\"78\" srcset=\"https:\/\/senoticias.com.br\/se\/wp-content\/uploads\/2017\/05\/Logo-fone-1-2-1-2-4-2-1.jpg 599w, https:\/\/senoticias.com.br\/se\/wp-content\/uploads\/2017\/05\/Logo-fone-1-2-1-2-4-2-1-300x39.jpg 300w\" sizes=\"(max-width: 599px) 100vw, 599px\" \/><\/p>\n<p><strong>Acompanhe tamb\u00e9m o SE Not\u00edcias no<\/strong><span class=\"apple-converted-space\"><b>\u00a0<\/b><\/span><a href=\"https:\/\/twitter.com\/Senoticias\" target=\"_blank\"><b>Twitter<\/b><\/a><strong>,<\/strong><span class=\"apple-converted-space\"><b>\u00a0<\/b><\/span><a href=\"https:\/\/www.facebook.com\/senoticias1\" target=\"_blank\"><b>Facebook<\/b><span class=\"apple-converted-space\"><b>\u00a0<\/b><\/span><\/a><strong>e no<\/strong><span class=\"apple-converted-space\"><b>\u00a0<\/b><\/span><a href=\"https:\/\/www.instagram.com\/senoticias\/\" target=\"_blank\"><b>Instagram<\/b><\/a><\/p>\n<p>Por\u00a0ASN<\/p>\n","protected":false},"excerpt":{"rendered":"<p>A Secretaria de Estado da Fazenda (Sefaz) e o Procon Estadual realizam na manh\u00e3 da pr\u00f3xima segunda-feira, dia 29 de maio, \u00e0s 9 horas, no audit\u00f3rio da sede da Sefaz, o 22\u00ba sorteio de pr\u00eamios em dinheiro do programa de est\u00edmulo \u00e0 cidadania fiscal e tribut\u00e1ria &#8216;Nota da Gente&#8217;. O sorteio \u00e9 aberto ao p\u00fablico [&hellip;]<\/p>\n","protected":false},"author":2,"featured_media":0,"comment_status":"closed","ping_status":"closed","sticky":false,"template":"","format":"standard","meta":{"footnotes":""},"categories":[6],"tags":[3227,3831,3118,3160],"class_list":{"0":"post-103526","1":"post","2":"type-post","3":"status-publish","4":"format-standard","6":"category-politica","7":"tag-estado","8":"tag-notadagente","9":"tag-sefaz","10":"tag-sorteio"},"_links":{"self":[{"href":"https:\/\/senoticias.com.br\/se\/wp-json\/wp\/v2\/posts\/103526"}],"collection":[{"href":"https:\/\/senoticias.com.br\/se\/wp-json\/wp\/v2\/posts"}],"about":[{"href":"https:\/\/senoticias.com.br\/se\/wp-json\/wp\/v2\/types\/post"}],"author":[{"embeddable":true,"href":"https:\/\/senoticias.com.br\/se\/wp-json\/wp\/v2\/users\/2"}],"replies":[{"embeddable":true,"href":"https:\/\/senoticias.com.br\/se\/wp-json\/wp\/v2\/comments?post=103526"}],"version-history":[{"count":0,"href":"https:\/\/senoticias.com.br\/se\/wp-json\/wp\/v2\/posts\/103526\/revisions"}],"wp:attachment":[{"href":"https:\/\/senoticias.com.br\/se\/wp-json\/wp\/v2\/media?parent=103526"}],"wp:term":[{"taxonomy":"category","embeddable":true,"href":"https:\/\/senoticias.com.br\/se\/wp-json\/wp\/v2\/categories?post=103526"},{"taxonomy":"post_tag","embeddable":true,"href":"https:\/\/senoticias.com.br\/se\/wp-json\/wp\/v2\/tags?post=103526"}],"curies":[{"name":"wp","href":"https:\/\/api.w.org\/{rel}","templated":true}]}}