{"id":103489,"date":"2017-05-25T15:19:07","date_gmt":"2017-05-25T18:19:07","guid":{"rendered":"http:\/\/senoticias.com.br\/se\/?p=103489"},"modified":"2017-05-25T15:19:07","modified_gmt":"2017-05-25T18:19:07","slug":"prefeitura-de-rosario-do-catete-reabre-estadio-resendao","status":"publish","type":"post","link":"https:\/\/senoticias.com.br\/se\/prefeitura-de-rosario-do-catete-reabre-estadio-resendao\/","title":{"rendered":"Prefeitura de Ros\u00e1rio do Catete reabre Est\u00e1dio \u201cResend\u00e3o\u201d"},"content":{"rendered":"<p style=\"text-align: justify;\">A Prefeitura de Ros\u00e1rio do Catete, atrav\u00e9s da Secretaria Municipal da Juventude, Esporte e Lazer, reabriu as portas do Est\u00e1dio Poycarpo Diniz de Resende, o \u201cResend\u00e3o\u201d. A solenidade de reinaugura\u00e7\u00e3o aconteceu no s\u00e1bado (20), com a presen\u00e7a do prefeito Etelvino Barreto.<\/p>\n<p style=\"text-align: justify;\">Fechado para recupera\u00e7\u00e3o do gramado, agora remodelado nos padr\u00f5es FIFA (105m x 68m), recebeu as sele\u00e7\u00f5es de Carm\u00f3polis e Ros\u00e1rio para uma partida amistosa, finalizada com o placar de 1 a 0 a favor da Sele\u00e7\u00e3o Rosarense.<\/p>\n<div id=\"attachment_103491\" style=\"width: 609px\" class=\"wp-caption aligncenter\"><img loading=\"lazy\" decoding=\"async\" aria-describedby=\"caption-attachment-103491\" class=\"size-full wp-image-103491\" src=\"http:\/\/senoticias.com.br\/se\/wp-content\/uploads\/2017\/05\/Rosario-do-Catete-SENOTICIAS-e1495735977158.jpg\" alt=\"A cerim\u00f4nia foi iniciada com a execu\u00e7\u00e3o do Hino Nacional pela Banda Musical Luiz Ferreira Gomes, e logo ap\u00f3s come\u00e7ou a partida, que teve in\u00edcio com o prefeito Vino Barreto dando o primeiro toque na bola.\" width=\"599\" height=\"399\" \/><p id=\"caption-attachment-103491\" class=\"wp-caption-text\">A cerim\u00f4nia foi iniciada com a execu\u00e7\u00e3o do Hino Nacional pela Banda Musical Luiz Ferreira Gomes, e logo ap\u00f3s come\u00e7ou a partida, que teve in\u00edcio com o prefeito Vino Barreto dando o primeiro toque na bola. (Foto: Igor Dias\/Secom)<\/p><\/div>\n<p style=\"text-align: justify;\">A cerim\u00f4nia foi iniciada com a execu\u00e7\u00e3o do Hino Nacional pela Banda Musical Luiz Ferreira Gomes, e logo ap\u00f3s come\u00e7ou a partida, que teve in\u00edcio com o prefeito Vino Barreto dando o primeiro toque na bola.<\/p>\n<p style=\"text-align: justify;\">Para o secret\u00e1rio municipal da Juventude, Esporte e Lazer, Delson Le\u00e3o, esse \u00e9 mais um compromisso cumprido pela administra\u00e7\u00e3o municipal. De acordo com o secret\u00e1rio, o prefeito teve um papel decisivo na realiza\u00e7\u00e3o da obra esportiva.<\/p>\n<p style=\"text-align: justify;\">\u201cA moldura pode at\u00e9 ser a mesma, mas o cen\u00e1rio hoje \u00e9 outro. O \u201cResend\u00e3o\u201d foi aberto, n\u00e3o de forma rotineira, o contexto desta vez foi para que a popula\u00e7\u00e3o rosarense pudesse vislumbrar, al\u00e9m de uma bela partida de futebol, o primor do verde espalhado no gramado t\u00e3o cuidadosamente ajustado por m\u00e3os humanas e regado pela chuva, cuidado divino, banhando a terra e proliferando a vida. A bola finalmente rolou por entre passes, bicicleta, marca\u00e7\u00f5es e defesa. Marcamos um gol de placa, pois a t\u00edtulo de esclarecimento tivemos custo zero no que diz respeito a reajuste do gramado, pois contamos com parcerias e o esfor\u00e7o abnegado da equipe operacional da secretaria e com o apoio total do governo municipal, atrav\u00e9s do nosso prefeito que nos deu todo o apoio necess\u00e1rio para a concretiza\u00e7\u00e3o desta bela obra esportiva\u201d, comemora Delson Le\u00e3o, reconhecendo o espirito esportivo dos jogadores que participaram da partida.<\/p>\n<p style=\"text-align: justify;\">\u201cTamb\u00e9m parabenizo nossos jogadores, tanto pela bela vit\u00f3ria, quanto pela atitude nobre de ceder o trof\u00e9u de campe\u00e3o para o time advers\u00e1rio, comandado pelo ex-atleta Luizinho e apoiado por nosso amigo Evaristo, hoje secret\u00e1rio de Esportes no munic\u00edpio de Carm\u00f3polis. S\u00e3o atitudes como essas que revelam valorosos homens\u201d, conclui Delson Le\u00e3o.<\/p>\n<p style=\"text-align: justify;\">Para o prefeito Etelvino Barreto (Vino Barreto), al\u00e9m de oferecer \u00f3timas condi\u00e7\u00f5es para a pr\u00e1tica do futebol, o espa\u00e7o esportivo tamb\u00e9m contribuir\u00e1 para afastar os jovens dos v\u00edcios, pois ser\u00e1 um grande atrativo para a atividade esportiva.<\/p>\n<p style=\"text-align: justify;\">\u201cAcabamos de devolver \u00e0 popula\u00e7\u00e3o rosarense mais um espa\u00e7o de pr\u00e1tica esportiva, por entendemos que o esporte \u00e9 uma arma eficaz contra a viol\u00eancia e livrar\u00e1 nossos jovens dos maus caminhos. O gramado est\u00e1 totalmente recuperado e com as novas medidas pode at\u00e9 receber jogos oficiais. N\u00f3s estamos contentes, pois em meio as dificuldades que temos enfrentado n\u00e3o nos cansaremos em buscar alternativas para servir melhor nosso povo\u201d, afirma o prefeito Vino Barreto, que se emocionou com a beleza do novo est\u00e1dio de futebol.<\/p>\n<p style=\"text-align: justify;\">\u201cEssa \u00e9 uma obra que emociona todos n\u00f3s amantes do esporte. Agora temos mais um espa\u00e7o de lazer e esporte para oferecer \u00e0 nossa popula\u00e7\u00e3o. Fico muito feliz em participar desse momento t\u00e3o significativo para a nossa administra\u00e7\u00e3o, mais ainda por saber que nossos esfor\u00e7os est\u00e3o se transformando em grandes benef\u00edcios para o nosso povo\u201d, observa Vino Barreto.<\/p>\n<p style=\"text-align: justify;\">Al\u00e9m do prefeito, estiveram presentes \u00e0 solenidade de reinaugura\u00e7\u00e3o do Est\u00e1dio &#8220;Resend\u00e3o&#8221;, secret\u00e1rios municipais e o l\u00edder da situa\u00e7\u00e3o na C\u00e2mara, o vereador Walter Barreto, al\u00e9m da comunidade.<\/p>\n<p style=\"text-align: justify;\"><img loading=\"lazy\" decoding=\"async\" class=\"aligncenter size-full wp-image-103429\" src=\"http:\/\/senoticias.com.br\/se\/wp-content\/uploads\/2017\/05\/Logo-fone-1-2-1-2-4-2-1.jpg\" alt=\"Logo-fone-1-2-1-2-4-2\" width=\"599\" height=\"78\" srcset=\"https:\/\/senoticias.com.br\/se\/wp-content\/uploads\/2017\/05\/Logo-fone-1-2-1-2-4-2-1.jpg 599w, https:\/\/senoticias.com.br\/se\/wp-content\/uploads\/2017\/05\/Logo-fone-1-2-1-2-4-2-1-300x39.jpg 300w\" sizes=\"(max-width: 599px) 100vw, 599px\" \/><\/p>\n<p style=\"text-align: justify;\"><strong>Acompanhe tamb\u00e9m o SE Not\u00edcias no<\/strong><span class=\"apple-converted-space\"><b>\u00a0<\/b><\/span><a href=\"https:\/\/twitter.com\/Senoticias\" target=\"_blank\"><b>Twitter<\/b><\/a><strong>,<\/strong><span class=\"apple-converted-space\"><b>\u00a0<\/b><\/span><a href=\"https:\/\/www.facebook.com\/senoticias1\" target=\"_blank\"><b>Facebook<\/b><span class=\"apple-converted-space\"><b>\u00a0<\/b><\/span><\/a><strong>e no<\/strong><span class=\"apple-converted-space\"><b>\u00a0<\/b><\/span><a href=\"https:\/\/www.instagram.com\/senoticias\/\" target=\"_blank\"><b>Instagram<\/b><\/a><\/p>\n<p style=\"text-align: justify;\"><em>Da Secretaria de Comunica\u00e7\u00e3o Social<\/em><\/p>\n","protected":false},"excerpt":{"rendered":"<p>A Prefeitura de Ros\u00e1rio do Catete, atrav\u00e9s da Secretaria Municipal da Juventude, Esporte e Lazer, reabriu as portas do Est\u00e1dio Poycarpo Diniz de Resende, o \u201cResend\u00e3o\u201d. A solenidade de reinaugura\u00e7\u00e3o aconteceu no s\u00e1bado (20), com a presen\u00e7a do prefeito Etelvino Barreto. Fechado para recupera\u00e7\u00e3o do gramado, agora remodelado nos padr\u00f5es FIFA (105m x 68m), recebeu [&hellip;]<\/p>\n","protected":false},"author":2,"featured_media":103491,"comment_status":"closed","ping_status":"closed","sticky":false,"template":"","format":"standard","meta":{"footnotes":""},"categories":[38],"tags":[2884,3802,125,1779],"class_list":{"0":"post-103489","1":"post","2":"type-post","3":"status-publish","4":"format-standard","5":"has-post-thumbnail","7":"category-municipios","8":"tag-prefeitura","9":"tag-resendao","10":"tag-rosario-do-catete","11":"tag-vino-barreto"},"_links":{"self":[{"href":"https:\/\/senoticias.com.br\/se\/wp-json\/wp\/v2\/posts\/103489"}],"collection":[{"href":"https:\/\/senoticias.com.br\/se\/wp-json\/wp\/v2\/posts"}],"about":[{"href":"https:\/\/senoticias.com.br\/se\/wp-json\/wp\/v2\/types\/post"}],"author":[{"embeddable":true,"href":"https:\/\/senoticias.com.br\/se\/wp-json\/wp\/v2\/users\/2"}],"replies":[{"embeddable":true,"href":"https:\/\/senoticias.com.br\/se\/wp-json\/wp\/v2\/comments?post=103489"}],"version-history":[{"count":0,"href":"https:\/\/senoticias.com.br\/se\/wp-json\/wp\/v2\/posts\/103489\/revisions"}],"wp:featuredmedia":[{"embeddable":true,"href":"https:\/\/senoticias.com.br\/se\/wp-json\/wp\/v2\/media\/103491"}],"wp:attachment":[{"href":"https:\/\/senoticias.com.br\/se\/wp-json\/wp\/v2\/media?parent=103489"}],"wp:term":[{"taxonomy":"category","embeddable":true,"href":"https:\/\/senoticias.com.br\/se\/wp-json\/wp\/v2\/categories?post=103489"},{"taxonomy":"post_tag","embeddable":true,"href":"https:\/\/senoticias.com.br\/se\/wp-json\/wp\/v2\/tags?post=103489"}],"curies":[{"name":"wp","href":"https:\/\/api.w.org\/{rel}","templated":true}]}}