{"id":103486,"date":"2017-05-25T14:54:04","date_gmt":"2017-05-25T17:54:04","guid":{"rendered":"http:\/\/senoticias.com.br\/se\/?p=103486"},"modified":"2017-05-28T10:07:19","modified_gmt":"2017-05-28T13:07:19","slug":"viatura-do-desipe-que-transportava-sete-internos-se-envolve-em-acidente-na-br-101","status":"publish","type":"post","link":"https:\/\/senoticias.com.br\/se\/viatura-do-desipe-que-transportava-sete-internos-se-envolve-em-acidente-na-br-101\/","title":{"rendered":"Viatura do Desipe que transportava sete internos se envolve em acidente na BR-101"},"content":{"rendered":"<p style=\"text-align: justify;\">Est\u00e3o bem todos os integrantes do Grupo de Escolta Penitenci\u00e1ria (GEP) e do Departamento do Sistema Penitenci\u00e1rio (Desipe) que se envolveram num acidente automobil\u00edstico na quarta-feira \u00e0 tarde, na BR-101, entre o munic\u00edpio de Maruim e o povoado Pedra Branca. O Fiat Ducato do Desipe que viajavam foi abalroado por outro ve\u00edculo no momento de uma ultrapassagem. Ambos sa\u00edram da pista.<\/p>\n<div id=\"attachment_103487\" style=\"width: 609px\" class=\"wp-caption aligncenter\"><img loading=\"lazy\" decoding=\"async\" aria-describedby=\"caption-attachment-103487\" class=\"size-full wp-image-103487\" src=\"http:\/\/senoticias.com.br\/se\/wp-content\/uploads\/2017\/05\/Carro-do-Desipe-SENOTICIAS-e1495734683563.jpg\" alt=\"Viatura transportava sete internos e policiais militares\" width=\"599\" height=\"337\" \/><p id=\"caption-attachment-103487\" class=\"wp-caption-text\">Viatura transportava sete internos e policiais militares. (Foto: ascom\/Desipe)<\/p><\/div>\n<p style=\"text-align: justify;\">Al\u00e9m dos militares e do motorista, viajavam na viatura sete internos do Cadei\u00e3o de Socorro e do Complexo Penitenci\u00e1rio Manoel Carvalho Neto (Copemcan), que tinham ido para uma audi\u00eancia em Capela. Ningu\u00e9m ficou ferido. A Pol\u00edcia Rodovi\u00e1ria Federal (PRF) atendeu a ocorr\u00eancia.<\/p>\n<p>Hoje, o GEP trabalha normalmente, levando os internos para audi\u00eancias determinadas pela Justi\u00e7a.<\/p>\n<p style=\"text-align: justify;\"><img loading=\"lazy\" decoding=\"async\" class=\"aligncenter size-full wp-image-103429\" src=\"http:\/\/senoticias.com.br\/se\/wp-content\/uploads\/2017\/05\/Logo-fone-1-2-1-2-4-2-1.jpg\" alt=\"Logo-fone-1-2-1-2-4-2\" width=\"599\" height=\"78\" srcset=\"https:\/\/senoticias.com.br\/se\/wp-content\/uploads\/2017\/05\/Logo-fone-1-2-1-2-4-2-1.jpg 599w, https:\/\/senoticias.com.br\/se\/wp-content\/uploads\/2017\/05\/Logo-fone-1-2-1-2-4-2-1-300x39.jpg 300w\" sizes=\"(max-width: 599px) 100vw, 599px\" \/><\/p>\n<p style=\"text-align: justify;\"><strong>Acompanhe tamb\u00e9m o SE Not\u00edcias no<\/strong><span class=\"apple-converted-space\"><b>\u00a0<\/b><\/span><a href=\"https:\/\/twitter.com\/Senoticias\" target=\"_blank\"><b>Twitter<\/b><\/a><strong>,<\/strong><span class=\"apple-converted-space\"><b>\u00a0<\/b><\/span><a href=\"https:\/\/www.facebook.com\/senoticias1\" target=\"_blank\"><b>Facebook<\/b><span class=\"apple-converted-space\"><b>\u00a0<\/b><\/span><\/a><strong>e no<\/strong><span class=\"apple-converted-space\"><b>\u00a0<\/b><\/span><a href=\"https:\/\/www.instagram.com\/senoticias\/\" target=\"_blank\"><b>Instagram<\/b><\/a><\/p>\n<p style=\"text-align: justify;\"><em>Ascom\/Sejuc<\/em><\/p>\n","protected":false},"excerpt":{"rendered":"<p>Est\u00e3o bem todos os integrantes do Grupo de Escolta Penitenci\u00e1ria (GEP) e do Departamento do Sistema Penitenci\u00e1rio (Desipe) que se envolveram num acidente automobil\u00edstico na quarta-feira \u00e0 tarde, na BR-101, entre o munic\u00edpio de Maruim e o povoado Pedra Branca. O Fiat Ducato do Desipe que viajavam foi abalroado por outro ve\u00edculo no momento de [&hellip;]<\/p>\n","protected":false},"author":2,"featured_media":103487,"comment_status":"closed","ping_status":"closed","sticky":false,"template":"","format":"standard","meta":{"footnotes":""},"categories":[15,7],"tags":[3799,3798],"class_list":{"0":"post-103486","1":"post","2":"type-post","3":"status-publish","4":"format-standard","5":"has-post-thumbnail","7":"category-destaques","8":"category-policia","9":"tag-acidente-na-br-101","10":"tag-viatura-do-desipe"},"_links":{"self":[{"href":"https:\/\/senoticias.com.br\/se\/wp-json\/wp\/v2\/posts\/103486"}],"collection":[{"href":"https:\/\/senoticias.com.br\/se\/wp-json\/wp\/v2\/posts"}],"about":[{"href":"https:\/\/senoticias.com.br\/se\/wp-json\/wp\/v2\/types\/post"}],"author":[{"embeddable":true,"href":"https:\/\/senoticias.com.br\/se\/wp-json\/wp\/v2\/users\/2"}],"replies":[{"embeddable":true,"href":"https:\/\/senoticias.com.br\/se\/wp-json\/wp\/v2\/comments?post=103486"}],"version-history":[{"count":0,"href":"https:\/\/senoticias.com.br\/se\/wp-json\/wp\/v2\/posts\/103486\/revisions"}],"wp:featuredmedia":[{"embeddable":true,"href":"https:\/\/senoticias.com.br\/se\/wp-json\/wp\/v2\/media\/103487"}],"wp:attachment":[{"href":"https:\/\/senoticias.com.br\/se\/wp-json\/wp\/v2\/media?parent=103486"}],"wp:term":[{"taxonomy":"category","embeddable":true,"href":"https:\/\/senoticias.com.br\/se\/wp-json\/wp\/v2\/categories?post=103486"},{"taxonomy":"post_tag","embeddable":true,"href":"https:\/\/senoticias.com.br\/se\/wp-json\/wp\/v2\/tags?post=103486"}],"curies":[{"name":"wp","href":"https:\/\/api.w.org\/{rel}","templated":true}]}}