{"id":103457,"date":"2017-05-24T16:02:15","date_gmt":"2017-05-24T19:02:15","guid":{"rendered":"http:\/\/senoticias.com.br\/se\/?p=103457"},"modified":"2017-05-24T16:12:20","modified_gmt":"2017-05-24T19:12:20","slug":"chesf-abre-duas-comportas-da-usina-de-xingo-em-caninde","status":"publish","type":"post","link":"https:\/\/senoticias.com.br\/se\/chesf-abre-duas-comportas-da-usina-de-xingo-em-caninde\/","title":{"rendered":"Chesf abre duas comportas da Usina de Xing\u00f3, em Canind\u00e9"},"content":{"rendered":"<p style=\"text-align: justify;\">Na \u00faltima ter\u00e7a-feira, 23 de maio, a Companhia Hidro El\u00e9trica do S\u00e3o Francisco (Chesf) abriu, de forma gradativa, duas comportas da Usina de Xing\u00f3, em Canind\u00e9 do S\u00e3o Francisco. A primeira comporta foi aberta durante a manh\u00e3 e a segunda no per\u00edodo da tarde.<\/p>\n<p style=\"text-align: justify;\">Especula-se que a abertura das comportas se deva \u00e0s fortes chuvas que t\u00eam atingido os estados de Sergipe, Bahia e Alagoas nos \u00faltimos dias. Isso significaria que as chuvas foram mais do que suficientes para atender a necessidade do reservat\u00f3rio para a gera\u00e7\u00e3o de energia el\u00e9trica e, por isso, parte das \u00e1guas foram liberadas para seguir seu fluxo normal, fora da represa.<\/p>\n<div id=\"attachment_103462\" style=\"width: 609px\" class=\"wp-caption aligncenter\"><img loading=\"lazy\" decoding=\"async\" aria-describedby=\"caption-attachment-103462\" class=\"size-full wp-image-103462\" src=\"http:\/\/senoticias.com.br\/se\/wp-content\/uploads\/2017\/05\/WhatsApp-Image-2017-05-23-at-20.12.03-e1495652499664.jpeg\" alt=\"A \u00faltima vez que o reservat\u00f3rio de Xing\u00f3 abriu as comportas foi em 2009.. Foto: Valdo Lacerda\" width=\"599\" height=\"337\" \/><p id=\"caption-attachment-103462\" class=\"wp-caption-text\">A \u00faltima vez que o reservat\u00f3rio de Xing\u00f3 abriu as comportas foi em 2009. (Foto: Valdo Lacerda)<\/p><\/div>\n<p style=\"text-align: justify;\">Segundo informa\u00e7\u00f5es da popula\u00e7\u00e3o de Canind\u00e9, a \u00faltima vez que o reservat\u00f3rio de Xing\u00f3 abriu as comportas foi em 2009.<\/p>\n<p style=\"text-align: justify;\">A reportagem do Se Not\u00edcias entrou em contato com a assessoria de comunica\u00e7\u00e3o da Chesf, subsidi\u00e1ria da Eletrobras que tem como atividade principal a gera\u00e7\u00e3o, a transmiss\u00e3o e a comercializa\u00e7\u00e3o de energia el\u00e9trica. O assessor Vin\u00edcius Lima disse que \u201ca vaz\u00e3o continua a mesma, 650 m\u00b3. A abertura das comportas foi apenas por quest\u00e3o de opera\u00e7\u00e3o, e n\u00e3o em decorr\u00eancia das chuvas recentes\u201d, explica.<\/p>\n<p style=\"text-align: justify;\"><strong>Redu\u00e7\u00e3o da Vaz\u00e3o<\/strong><\/p>\n<p style=\"text-align: justify;\">No \u00faltimo dia 19 de maio, a Companhia recebeu autoriza\u00e7\u00e3o do Instituto Brasileiro do Meio Ambiente e dos Recursos Naturais Renov\u00e1veis (Ibama) e da Ag\u00eancia Nacional de \u00c1guas (ANA) para executar novo teste de redu\u00e7\u00e3o da vaz\u00e3o das usinas de Sobradinho (BA) e de Xing\u00f3 (SE), no Rio S\u00e3o Francisco, at\u00e9 o limite de 600 m\u00b3\/s.<\/p>\n<p style=\"text-align: justify;\">O objetivo \u00e9 garantir o uso m\u00faltiplo das \u00e1guas do Rio S\u00e3o Francisco no Nordeste, com prioridade para o abastecimento humano e a produ\u00e7\u00e3o de alimentos, tendo em vista o esvaziamento do Reservat\u00f3rio de Sobradinho, o maior da Regi\u00e3o, em decorr\u00eancia das poucas chuvas dos \u00faltimos cinco anos.<\/p>\n<p style=\"text-align: justify;\"><img loading=\"lazy\" decoding=\"async\" class=\"aligncenter size-full wp-image-103429\" src=\"http:\/\/senoticias.com.br\/se\/wp-content\/uploads\/2017\/05\/Logo-fone-1-2-1-2-4-2-1.jpg\" alt=\"Logo-fone-1-2-1-2-4-2\" width=\"599\" height=\"78\" srcset=\"https:\/\/senoticias.com.br\/se\/wp-content\/uploads\/2017\/05\/Logo-fone-1-2-1-2-4-2-1.jpg 599w, https:\/\/senoticias.com.br\/se\/wp-content\/uploads\/2017\/05\/Logo-fone-1-2-1-2-4-2-1-300x39.jpg 300w\" sizes=\"(max-width: 599px) 100vw, 599px\" \/><\/p>\n<p style=\"text-align: justify;\"><em><strong>Acompanhe tamb\u00e9m o SE Not\u00edcias no<\/strong><strong>\u00a0<\/strong><strong><a href=\"https:\/\/twitter.com\/Senoticias\">Twitter<\/a>,<\/strong><strong>\u00a0<\/strong><strong><a href=\"https:\/\/www.facebook.com\/senoticias1\">Facebook\u00a0<\/a>e no<\/strong><strong>\u00a0<\/strong><strong><a href=\"https:\/\/www.instagram.com\/senoticias\/\">Instagram<\/a><\/strong><\/em><\/p>\n<p style=\"text-align: justify;\"><em>Reda\u00e7\u00e3o SE Not\u00edcias<\/em><\/p>\n","protected":false},"excerpt":{"rendered":"<p>Na \u00faltima ter\u00e7a-feira, 23 de maio, a Companhia Hidro El\u00e9trica do S\u00e3o Francisco (Chesf) abriu, de forma gradativa, duas comportas da Usina de Xing\u00f3, em Canind\u00e9 do S\u00e3o Francisco. A primeira comporta foi aberta durante a manh\u00e3 e a segunda no per\u00edodo da tarde. Especula-se que a abertura das comportas se deva \u00e0s fortes chuvas [&hellip;]<\/p>\n","protected":false},"author":2,"featured_media":0,"comment_status":"closed","ping_status":"closed","sticky":false,"template":"","format":"standard","meta":{"footnotes":""},"categories":[15],"tags":[119,3783,3782,3781],"class_list":{"0":"post-103457","1":"post","2":"type-post","3":"status-publish","4":"format-standard","6":"category-destaques","7":"tag-chuvas","8":"tag-comportas","9":"tag-usina","10":"tag-xingo"},"_links":{"self":[{"href":"https:\/\/senoticias.com.br\/se\/wp-json\/wp\/v2\/posts\/103457"}],"collection":[{"href":"https:\/\/senoticias.com.br\/se\/wp-json\/wp\/v2\/posts"}],"about":[{"href":"https:\/\/senoticias.com.br\/se\/wp-json\/wp\/v2\/types\/post"}],"author":[{"embeddable":true,"href":"https:\/\/senoticias.com.br\/se\/wp-json\/wp\/v2\/users\/2"}],"replies":[{"embeddable":true,"href":"https:\/\/senoticias.com.br\/se\/wp-json\/wp\/v2\/comments?post=103457"}],"version-history":[{"count":0,"href":"https:\/\/senoticias.com.br\/se\/wp-json\/wp\/v2\/posts\/103457\/revisions"}],"wp:attachment":[{"href":"https:\/\/senoticias.com.br\/se\/wp-json\/wp\/v2\/media?parent=103457"}],"wp:term":[{"taxonomy":"category","embeddable":true,"href":"https:\/\/senoticias.com.br\/se\/wp-json\/wp\/v2\/categories?post=103457"},{"taxonomy":"post_tag","embeddable":true,"href":"https:\/\/senoticias.com.br\/se\/wp-json\/wp\/v2\/tags?post=103457"}],"curies":[{"name":"wp","href":"https:\/\/api.w.org\/{rel}","templated":true}]}}