{"id":103420,"date":"2017-05-23T14:31:17","date_gmt":"2017-05-23T17:31:17","guid":{"rendered":"http:\/\/senoticias.com.br\/se\/?p=103420"},"modified":"2017-05-23T15:06:32","modified_gmt":"2017-05-23T18:06:32","slug":"defesa-civil-recomenda-que-populacao-evite-transitar-durante-periodo-de-chuvas-intensas","status":"publish","type":"post","link":"https:\/\/senoticias.com.br\/se\/defesa-civil-recomenda-que-populacao-evite-transitar-durante-periodo-de-chuvas-intensas\/","title":{"rendered":"Defesa Civil recomenda que popula\u00e7\u00e3o evite transitar durante per\u00edodo de chuvas intensas"},"content":{"rendered":"<p style=\"text-align: justify;\">Devido \u00e0s fortes chuvas que atingem o Estado desde a \u00faltima sexta-feira, 19, que t\u00eam causado alagamentos em Aracaju e transtornos no tr\u00e2nsito, e tamb\u00e9m \u00e0 previs\u00e3o de mar\u00e9 alta a partir das 14h dessa ter\u00e7a-feira, 23 de maio, o Departamento Estadual de Prote\u00e7\u00e3o e Defesa Civil (Depec) recomenda a toda popula\u00e7\u00e3o que evite transitar durante o per\u00edodo mais cr\u00edtico das fortes chuvas.<\/p>\n<div id=\"attachment_103423\" style=\"width: 609px\" class=\"wp-caption aligncenter\"><img loading=\"lazy\" decoding=\"async\" aria-describedby=\"caption-attachment-103423\" class=\"size-full wp-image-103423\" src=\"http:\/\/senoticias.com.br\/se\/wp-content\/uploads\/2017\/05\/euclides-figueiredo-SENOTICIAS-e1495560616359.jpg\" alt=\"Avenida Euclides Figueiredo alagada depois das fortes chuvas que atingiram a capital Aracaju. Foto: SMTT\" width=\"599\" height=\"337\" \/><p id=\"caption-attachment-103423\" class=\"wp-caption-text\">Avenida Euclides Figueiredo alagada depois das fortes chuvas que atingiram a capital Aracaju. (Foto: SMTT)<\/p><\/div>\n<p style=\"text-align: justify;\">De acordo com o diretor da Defesa Civil Estadual, Coronel Erivaldo Mendes, \u201cno per\u00edodo da tarde desta ter\u00e7a, \u00e0s 14h, teremos uma mar\u00e9 alta, de 2.3 metros. Como sabemos que os canais que drenam as \u00e1guas pluviais correm para o mar, com a mar\u00e9 cheia haver\u00e1 mais dificuldade de escoamento. Ent\u00e3o, com certeza, se estiver chovendo nesse hor\u00e1rio, os alagamentos ser\u00e3o mais intensos e mais demorados. Tamb\u00e9m n\u00e3o identificamos ocorr\u00eancias no interior, onde chove moderadamente\u201d, explicou.<\/p>\n<p style=\"text-align: justify;\">Ele ressalta que n\u00e3o h\u00e1 uma proibi\u00e7\u00e3o, apenas uma recomenda\u00e7\u00e3o de seguran\u00e7a. \u201c\u00c9 importante que evitem circular em per\u00edodos de chuvas intensas. Isso \u00e9 uma orienta\u00e7\u00e3o de praxe porque sabemos dos problemas de drenagem de Aracaju, que levam ruas e avenidas \u00e0 condi\u00e7\u00e3o de alagamento e dificuldade de tr\u00e2nsito, com engarrafamentos e carros engui\u00e7ando. Isso \u00e9 motivo de preocupa\u00e7\u00e3o\u201d.<\/p>\n<p style=\"text-align: justify;\">Essa orienta\u00e7\u00e3o circulou rapidamente pelas redes sociais e a Prefeitura de Aracaju divulgou nota discordando da orienta\u00e7\u00e3o do Depec, recomendando apenas que se evite a circula\u00e7\u00e3o em vias pr\u00f3ximas aos canais.<\/p>\n<p style=\"text-align: justify;\"><em>\u201cAo contr\u00e1rio do que vem sendo divulgado por meio das redes sociais, a Prefeitura de Aracaju, atrav\u00e9s da Defesa Civil, n\u00e3o tem orientado os aracajuanos a n\u00e3o circularem pelas vias da cidade no per\u00edodo da tarde desta ter\u00e7a-feira, 23. O que est\u00e1 sendo solicitado, devido \u00e0s fortes chuvas que acometem a capital desde a madrugada, de acordo com o coordenador da Defesa Civil, tenente-coronel Gilfran Matheus, \u00e9 evitar as regi\u00f5es pr\u00f3ximas aos canais que cortam as principais ruas e avenidas, devido ao aumento do n\u00edvel da mar\u00e9, que ocorre entre 13h e 16h\u201d.<\/em><\/p>\n<p style=\"text-align: justify;\"><img loading=\"lazy\" decoding=\"async\" class=\"aligncenter size-full wp-image-103179\" src=\"http:\/\/senoticias.com.br\/se\/wp-content\/uploads\/2017\/05\/Logo-fone-1-2-1-2-4-2.jpg\" alt=\"Logo-fone-1-2-1-2-4\" width=\"599\" height=\"78\" srcset=\"https:\/\/senoticias.com.br\/se\/wp-content\/uploads\/2017\/05\/Logo-fone-1-2-1-2-4-2.jpg 599w, https:\/\/senoticias.com.br\/se\/wp-content\/uploads\/2017\/05\/Logo-fone-1-2-1-2-4-2-300x39.jpg 300w\" sizes=\"(max-width: 599px) 100vw, 599px\" \/><\/p>\n<p style=\"text-align: justify;\"><strong>Acompanhe tamb\u00e9m o SE Not\u00edcias no<\/strong><span class=\"apple-converted-space\"><b>\u00a0<\/b><\/span><a href=\"https:\/\/twitter.com\/Senoticias\" target=\"_blank\"><b>Twitter<\/b><\/a><strong>,<\/strong><span class=\"apple-converted-space\"><b>\u00a0<\/b><\/span><a href=\"https:\/\/www.facebook.com\/senoticias1\" target=\"_blank\"><b>Facebook<\/b><span class=\"apple-converted-space\"><b>\u00a0<\/b><\/span><\/a><strong>e no<\/strong><span class=\"apple-converted-space\"><b>\u00a0<\/b><\/span><a href=\"https:\/\/www.instagram.com\/senoticias\/\" target=\"_blank\"><b>Instagram<\/b><\/a><\/p>\n<p style=\"text-align: justify;\"><em>Reda\u00e7\u00e3o SE Not\u00edcias\u00a0\u00a0com informa\u00e7\u00f5es da ASN e\u00a0AAN<\/em><\/p>\n","protected":false},"excerpt":{"rendered":"<p>Devido \u00e0s fortes chuvas que atingem o Estado desde a \u00faltima sexta-feira, 19, que t\u00eam causado alagamentos em Aracaju e transtornos no tr\u00e2nsito, e tamb\u00e9m \u00e0 previs\u00e3o de mar\u00e9 alta a partir das 14h dessa ter\u00e7a-feira, 23 de maio, o Departamento Estadual de Prote\u00e7\u00e3o e Defesa Civil (Depec) recomenda a toda popula\u00e7\u00e3o que evite transitar [&hellip;]<\/p>\n","protected":false},"author":2,"featured_media":0,"comment_status":"closed","ping_status":"closed","sticky":false,"template":"","format":"standard","meta":{"footnotes":""},"categories":[6],"tags":[339,3759,3760,3761],"class_list":{"0":"post-103420","1":"post","2":"type-post","3":"status-publish","4":"format-standard","6":"category-politica","7":"tag-aracaju","8":"tag-chuva","9":"tag-defesacivil","10":"tag-recomendacao"},"_links":{"self":[{"href":"https:\/\/senoticias.com.br\/se\/wp-json\/wp\/v2\/posts\/103420"}],"collection":[{"href":"https:\/\/senoticias.com.br\/se\/wp-json\/wp\/v2\/posts"}],"about":[{"href":"https:\/\/senoticias.com.br\/se\/wp-json\/wp\/v2\/types\/post"}],"author":[{"embeddable":true,"href":"https:\/\/senoticias.com.br\/se\/wp-json\/wp\/v2\/users\/2"}],"replies":[{"embeddable":true,"href":"https:\/\/senoticias.com.br\/se\/wp-json\/wp\/v2\/comments?post=103420"}],"version-history":[{"count":0,"href":"https:\/\/senoticias.com.br\/se\/wp-json\/wp\/v2\/posts\/103420\/revisions"}],"wp:attachment":[{"href":"https:\/\/senoticias.com.br\/se\/wp-json\/wp\/v2\/media?parent=103420"}],"wp:term":[{"taxonomy":"category","embeddable":true,"href":"https:\/\/senoticias.com.br\/se\/wp-json\/wp\/v2\/categories?post=103420"},{"taxonomy":"post_tag","embeddable":true,"href":"https:\/\/senoticias.com.br\/se\/wp-json\/wp\/v2\/tags?post=103420"}],"curies":[{"name":"wp","href":"https:\/\/api.w.org\/{rel}","templated":true}]}}