{"id":103413,"date":"2017-05-23T13:04:52","date_gmt":"2017-05-23T16:04:52","guid":{"rendered":"http:\/\/senoticias.com.br\/se\/?p=103413"},"modified":"2017-05-23T13:04:52","modified_gmt":"2017-05-23T16:04:52","slug":"aeroporto-de-aracaju-esta-fechado-por-causa-do-mau-tempo","status":"publish","type":"post","link":"https:\/\/senoticias.com.br\/se\/aeroporto-de-aracaju-esta-fechado-por-causa-do-mau-tempo\/","title":{"rendered":"Aeroporto de Aracaju est\u00e1 fechado por causa do mau tempo"},"content":{"rendered":"<p style=\"text-align: justify;\">\nA Empresa Brasileira de Infraestrutura Aeroportu\u00e1ria (Infraero) informou no final da manh\u00e3 desta ter\u00e7a-feira (23) que o Aeroporto Santa Maria, em Aracaju (SE), opera abaixo do m\u00ednimo desde \u00e0s 10h48 e sem condi\u00e7\u00e3o de pouso e decolagem.<\/p>\n<p style=\"text-align: justify;\">A assessoria de comunica\u00e7\u00e3o confirmou que dois voos, um do Recife (Azul) e outro do Rio de Janeiro (Gol), que deveriam pousar em Aracaju foram desviados para Macei\u00f3 (AL) por causa das fortes chuvas.<\/p>\n<div id=\"attachment_81733\" style=\"width: 606px\" class=\"wp-caption aligncenter\"><img loading=\"lazy\" decoding=\"async\" aria-describedby=\"caption-attachment-81733\" class=\"size-full wp-image-81733\" src=\"http:\/\/senoticias.com.br\/se\/wp-content\/uploads\/2015\/07\/grande-taxistas_aeroporto_171011-e1454699631292.jpg\" alt=\"  Aeroporto Santa Maria (Foto: Portal Infonet)\" width=\"596\" height=\"447\" \/><p id=\"caption-attachment-81733\" class=\"wp-caption-text\">Aeroporto Santa Maria. (Foto: arquivo\/Infonet)<\/p><\/div>\n<p style=\"text-align: justify;\">O G1 Sergipe aguarda informa\u00e7\u00f5es das companhia a\u00e9reas para saber como ficam os outros voos previstos para esta ter\u00e7a-feira e quais provid\u00eancias est\u00e3o sendo tomadas como os usu\u00e1rios.<\/p>\n<p style=\"text-align: justify;\"><img loading=\"lazy\" decoding=\"async\" class=\"aligncenter size-full wp-image-103179\" src=\"http:\/\/senoticias.com.br\/se\/wp-content\/uploads\/2017\/05\/Logo-fone-1-2-1-2-4-2.jpg\" alt=\"Logo-fone-1-2-1-2-4\" width=\"599\" height=\"78\" srcset=\"https:\/\/senoticias.com.br\/se\/wp-content\/uploads\/2017\/05\/Logo-fone-1-2-1-2-4-2.jpg 599w, https:\/\/senoticias.com.br\/se\/wp-content\/uploads\/2017\/05\/Logo-fone-1-2-1-2-4-2-300x39.jpg 300w\" sizes=\"(max-width: 599px) 100vw, 599px\" \/><\/p>\n<p style=\"text-align: justify;\"><strong>Acompanhe tamb\u00e9m o SE Not\u00edcias no<\/strong><span class=\"apple-converted-space\"><b>\u00a0<\/b><\/span><a href=\"https:\/\/twitter.com\/Senoticias\" target=\"_blank\"><b>Twitter<\/b><\/a><strong>,<\/strong><span class=\"apple-converted-space\"><b>\u00a0<\/b><\/span><a href=\"https:\/\/www.facebook.com\/senoticias1\" target=\"_blank\"><b>Facebook<\/b><span class=\"apple-converted-space\"><b>\u00a0<\/b><\/span><\/a><strong>e no<\/strong><span class=\"apple-converted-space\"><b>\u00a0<\/b><\/span><a href=\"https:\/\/www.instagram.com\/senoticias\/\" target=\"_blank\"><b>Instagram<\/b><\/a><\/p>\n<p style=\"text-align: justify;\"><em>Por <a href=\"http:\/\/g1.globo.com\/se\/sergipe\/noticia\/aeroporto-de-aracaju-esta-fechado-por-causa-do-mau-tempo.ghtml\"><strong>G1 SE<\/strong><\/a>, Aracaju<\/em><\/p>\n","protected":false},"excerpt":{"rendered":"<p>A Empresa Brasileira de Infraestrutura Aeroportu\u00e1ria (Infraero) informou no final da manh\u00e3 desta ter\u00e7a-feira (23) que o Aeroporto Santa Maria, em Aracaju (SE), opera abaixo do m\u00ednimo desde \u00e0s 10h48 e sem condi\u00e7\u00e3o de pouso e decolagem. A assessoria de comunica\u00e7\u00e3o confirmou que dois voos, um do Recife (Azul) e outro do Rio de Janeiro [&hellip;]<\/p>\n","protected":false},"author":2,"featured_media":85497,"comment_status":"closed","ping_status":"closed","sticky":false,"template":"","format":"standard","meta":{"footnotes":""},"categories":[15],"tags":[3751,119,3752,3753],"class_list":{"0":"post-103413","1":"post","2":"type-post","3":"status-publish","4":"format-standard","5":"has-post-thumbnail","7":"category-destaques","8":"tag-aeroporto-de-aracaju","9":"tag-chuvas","10":"tag-fechado","11":"tag-mau-tempo"},"_links":{"self":[{"href":"https:\/\/senoticias.com.br\/se\/wp-json\/wp\/v2\/posts\/103413"}],"collection":[{"href":"https:\/\/senoticias.com.br\/se\/wp-json\/wp\/v2\/posts"}],"about":[{"href":"https:\/\/senoticias.com.br\/se\/wp-json\/wp\/v2\/types\/post"}],"author":[{"embeddable":true,"href":"https:\/\/senoticias.com.br\/se\/wp-json\/wp\/v2\/users\/2"}],"replies":[{"embeddable":true,"href":"https:\/\/senoticias.com.br\/se\/wp-json\/wp\/v2\/comments?post=103413"}],"version-history":[{"count":0,"href":"https:\/\/senoticias.com.br\/se\/wp-json\/wp\/v2\/posts\/103413\/revisions"}],"wp:featuredmedia":[{"embeddable":true,"href":"https:\/\/senoticias.com.br\/se\/wp-json\/wp\/v2\/media\/85497"}],"wp:attachment":[{"href":"https:\/\/senoticias.com.br\/se\/wp-json\/wp\/v2\/media?parent=103413"}],"wp:term":[{"taxonomy":"category","embeddable":true,"href":"https:\/\/senoticias.com.br\/se\/wp-json\/wp\/v2\/categories?post=103413"},{"taxonomy":"post_tag","embeddable":true,"href":"https:\/\/senoticias.com.br\/se\/wp-json\/wp\/v2\/tags?post=103413"}],"curies":[{"name":"wp","href":"https:\/\/api.w.org\/{rel}","templated":true}]}}