{"id":103410,"date":"2017-05-23T11:21:03","date_gmt":"2017-05-23T14:21:03","guid":{"rendered":"http:\/\/senoticias.com.br\/se\/?p=103410"},"modified":"2017-05-23T11:21:03","modified_gmt":"2017-05-23T14:21:03","slug":"prefeitura-de-aracaju-disponibiliza-mais-de-r-4-milhoes-para-pagamento-referente-a-dezembro-de-2016","status":"publish","type":"post","link":"https:\/\/senoticias.com.br\/se\/prefeitura-de-aracaju-disponibiliza-mais-de-r-4-milhoes-para-pagamento-referente-a-dezembro-de-2016\/","title":{"rendered":"Prefeitura de Aracaju disponibiliza mais de R$ 4 milh\u00f5es para pagamento referente a dezembro de 2016"},"content":{"rendered":"<p style=\"text-align: justify;\">Desde o final da tarde da \u00faltima sexta-feira, 19, os servidores municipais que optaram pelo parcelamento j\u00e1 contam com o valor respectivo creditado em suas contas. Foi paga a terceira parcela de quem n\u00e3o realizou a opera\u00e7\u00e3o de cr\u00e9dito, e a primeira parcela aos m\u00e9dicos e demais servidores que optaram pela modalidade de pagamento diferenciada, cujo pagamento se dar\u00e1 em duas parcelas.<\/p>\n<div id=\"attachment_103411\" style=\"width: 609px\" class=\"wp-caption aligncenter\"><img loading=\"lazy\" decoding=\"async\" aria-describedby=\"caption-attachment-103411\" class=\"size-full wp-image-103411\" src=\"http:\/\/senoticias.com.br\/se\/wp-content\/uploads\/2017\/05\/Dinheiro-SENOTICIAS-e1495548476702.jpeg\" alt=\"PMA disponibiliza mais de R$ 4 milh\u00f5es para pagamento referente a gest\u00e3o passada. (Foto: SENOT\u00cdCIAS)\" width=\"599\" height=\"337\" \/><p id=\"caption-attachment-103411\" class=\"wp-caption-text\">PMA disponibiliza mais de R$ 4 milh\u00f5es para pagamento referente a gest\u00e3o passada. (Foto: SENOT\u00cdCIAS)<\/p><\/div>\n<p style=\"text-align: justify;\">A Prefeitura Municipal de Aracaju destinou recursos que totalizam R$ 4.032.462,38 para cobrir, inclusive, os valores das opera\u00e7\u00f5es de cr\u00e9dito que j\u00e1 asseguraram o pagamento de dezembro \u00e0 maioria dos servidores. Optaram pela segunda modalidade 380 servidores, dos quais, 140 m\u00e9dicos, totalizando o valor de R$ 662.184,65. Desse total, o valor pago aos profissionais m\u00e9dicos chega a R$ 403.210,20.<\/p>\n<p><strong>Parcelas<\/strong><\/p>\n<p style=\"text-align: justify;\">Ainda restam, para os servidores que n\u00e3o aderiram a nenhuma das op\u00e7\u00f5es oferecidas pela a administra\u00e7\u00e3o municipal, nove parcelas a serem pagas com os valores restantes referentes ao sal\u00e1rio de dezembro, cujo valor total ser\u00e1 acrescido do abono de 25,34% e, no caso dos m\u00e9dicos e demais profissionais que optaram pela segunda modalidade de pagamento (em duas parcelas), a segunda parcela cuja previs\u00e3o \u00e9 para 20 de junho.<\/p>\n<p style=\"text-align: justify;\">Seguindo determina\u00e7\u00e3o do prefeito Edvaldo Nogueira, a administra\u00e7\u00e3o municipal vem fazendo um grande esfor\u00e7o para resgatar a dignidade do servidor, manter os sal\u00e1rios em dia e pagar o passivo deixado pela administra\u00e7\u00e3o anterior.<\/p>\n<p style=\"text-align: justify;\">Nessa a\u00e7\u00e3o, houve a soma de esfor\u00e7os dos servidores da Secretaria Municipal da Fazenda, que disponibilizaram o recurso em tempo h\u00e1bil, e o empenho dos funcion\u00e1rios da pr\u00f3pria Seplog que, mesmo em condi\u00e7\u00f5es adversas, com a ocupa\u00e7\u00e3o do Centro Administrativo da PMA durante toda a semana, conseguiram realizar processamento da folha.<\/p>\n<p style=\"text-align: justify;\">A Seplog esclarece ainda que os recursos referentes \u00e0 folha de pagamento da Caixa Econ\u00f4mica Federal estavam dispon\u00edveis ainda na noite de sexta. Foi detectado que alguns servidores que fizeram a portabilidade, por conta dos procedimentos banc\u00e1rios, s\u00f3 tiveram acesso aos recursos na segunda-feira, 22. A Central de Atendimento est\u00e1 \u00e0 disposi\u00e7\u00e3o para prestar esclarecimentos que se fa\u00e7am necess\u00e1rios, no pr\u00f3prio Centro Administrativo, ou pelo telefone 4009-7960.<\/p>\n<p style=\"text-align: justify;\"><img loading=\"lazy\" decoding=\"async\" class=\"aligncenter size-full wp-image-103179\" src=\"http:\/\/senoticias.com.br\/se\/wp-content\/uploads\/2017\/05\/Logo-fone-1-2-1-2-4-2.jpg\" alt=\"Logo-fone-1-2-1-2-4\" width=\"599\" height=\"78\" srcset=\"https:\/\/senoticias.com.br\/se\/wp-content\/uploads\/2017\/05\/Logo-fone-1-2-1-2-4-2.jpg 599w, https:\/\/senoticias.com.br\/se\/wp-content\/uploads\/2017\/05\/Logo-fone-1-2-1-2-4-2-300x39.jpg 300w\" sizes=\"(max-width: 599px) 100vw, 599px\" \/><\/p>\n<p style=\"text-align: justify;\"><strong>Acompanhe tamb\u00e9m o SE Not\u00edcias no<\/strong><span class=\"apple-converted-space\"><b>\u00a0<\/b><\/span><a href=\"https:\/\/twitter.com\/Senoticias\" target=\"_blank\"><b>Twitter<\/b><\/a><strong>,<\/strong><span class=\"apple-converted-space\"><b>\u00a0<\/b><\/span><a href=\"https:\/\/www.facebook.com\/senoticias1\" target=\"_blank\"><b>Facebook<\/b><span class=\"apple-converted-space\"><b>\u00a0<\/b><\/span><\/a><strong>e no<\/strong><span class=\"apple-converted-space\"><b>\u00a0<\/b><\/span><a href=\"https:\/\/www.instagram.com\/senoticias\/\" target=\"_blank\"><b>Instagram<\/b><\/a><\/p>\n<p style=\"text-align: justify;\"><strong><em>Ag\u00eancia Aracaju de Not\u00edcias<\/em><\/strong><\/p>\n","protected":false},"excerpt":{"rendered":"<p>Desde o final da tarde da \u00faltima sexta-feira, 19, os servidores municipais que optaram pelo parcelamento j\u00e1 contam com o valor respectivo creditado em suas contas. Foi paga a terceira parcela de quem n\u00e3o realizou a opera\u00e7\u00e3o de cr\u00e9dito, e a primeira parcela aos m\u00e9dicos e demais servidores que optaram pela modalidade de pagamento diferenciada, [&hellip;]<\/p>\n","protected":false},"author":2,"featured_media":103411,"comment_status":"closed","ping_status":"closed","sticky":false,"template":"","format":"standard","meta":{"footnotes":""},"categories":[15],"tags":[],"class_list":{"0":"post-103410","1":"post","2":"type-post","3":"status-publish","4":"format-standard","5":"has-post-thumbnail","7":"category-destaques"},"_links":{"self":[{"href":"https:\/\/senoticias.com.br\/se\/wp-json\/wp\/v2\/posts\/103410"}],"collection":[{"href":"https:\/\/senoticias.com.br\/se\/wp-json\/wp\/v2\/posts"}],"about":[{"href":"https:\/\/senoticias.com.br\/se\/wp-json\/wp\/v2\/types\/post"}],"author":[{"embeddable":true,"href":"https:\/\/senoticias.com.br\/se\/wp-json\/wp\/v2\/users\/2"}],"replies":[{"embeddable":true,"href":"https:\/\/senoticias.com.br\/se\/wp-json\/wp\/v2\/comments?post=103410"}],"version-history":[{"count":0,"href":"https:\/\/senoticias.com.br\/se\/wp-json\/wp\/v2\/posts\/103410\/revisions"}],"wp:featuredmedia":[{"embeddable":true,"href":"https:\/\/senoticias.com.br\/se\/wp-json\/wp\/v2\/media\/103411"}],"wp:attachment":[{"href":"https:\/\/senoticias.com.br\/se\/wp-json\/wp\/v2\/media?parent=103410"}],"wp:term":[{"taxonomy":"category","embeddable":true,"href":"https:\/\/senoticias.com.br\/se\/wp-json\/wp\/v2\/categories?post=103410"},{"taxonomy":"post_tag","embeddable":true,"href":"https:\/\/senoticias.com.br\/se\/wp-json\/wp\/v2\/tags?post=103410"}],"curies":[{"name":"wp","href":"https:\/\/api.w.org\/{rel}","templated":true}]}}