{"id":103396,"date":"2017-05-22T20:52:43","date_gmt":"2017-05-22T23:52:43","guid":{"rendered":"http:\/\/senoticias.com.br\/se\/?p=103396"},"modified":"2017-05-22T20:53:05","modified_gmt":"2017-05-22T23:53:05","slug":"policia-civil-prende-tres-pessoas-em-capela","status":"publish","type":"post","link":"https:\/\/senoticias.com.br\/se\/policia-civil-prende-tres-pessoas-em-capela\/","title":{"rendered":"Pol\u00edcia Civil prende tr\u00eas pessoas em Capela"},"content":{"rendered":"<p style=\"text-align: justify;\">Na manh\u00e3 desta segunda-feira, 22, policiais civis lotados no munic\u00edpio de Capela prenderam tr\u00eas homens envolvidos com atividades criminosas na cidade. Em um primeiro momento, deram cumprimento ao mandado de pris\u00e3o preventiva em desfavor de Tauan Emanoel do Carmo Melo, 18 anos, suspeito de ser autor de um homic\u00eddio qualificado ocorrido no in\u00edcio de abril. Posteriormente, prederam em flagrante Lucas Santos Oliveira e Silvio Oliveira Santos, pelo crime de porte ilegal de arma de fogo.<\/p>\n<div id=\"attachment_103397\" style=\"width: 609px\" class=\"wp-caption aligncenter\"><img loading=\"lazy\" decoding=\"async\" aria-describedby=\"caption-attachment-103397\" class=\"size-full wp-image-103397\" src=\"http:\/\/senoticias.com.br\/se\/wp-content\/uploads\/2017\/05\/Dupla-presa-em-Capela-SENOTICIAS-e1495497053381.jpeg\" alt=\"Um mandado de pris\u00e3o foi cumprido e uma dupla foi presa em flagrante\" width=\"599\" height=\"337\" \/><p id=\"caption-attachment-103397\" class=\"wp-caption-text\">Um mandado de pris\u00e3o foi cumprido e uma dupla foi presa em flagrante. (Foto: SSP\/SE)<\/p><\/div>\n<p style=\"text-align: justify;\">Segundo informa\u00e7\u00f5es da delegada Mariana Amorim, respons\u00e1vel pelo caso, a dupla presa em flagrante agia de forma suspeita no povoado Sa\u00fade e, ap\u00f3s abordagem, foi encontrado em posse deles um celular roubado e um rev\u00f3lver calibre 32 com seis muni\u00e7\u00f5es. As dilig\u00eancias continuam no sentido de localizar a v\u00edtima do crime.<\/p>\n<p style=\"text-align: justify;\">Ainda segundo a delegada, nos \u00faltimos dias, os trabalhos est\u00e3o sendo intensificados e novas dilig\u00eancias ser\u00e3o realizadas na cidade, sobretudo para dar cumprimento aos mandados de pris\u00e3o decorrentes de investiga\u00e7\u00f5es.<\/p>\n<p style=\"text-align: justify;\"><img loading=\"lazy\" decoding=\"async\" class=\"aligncenter size-full wp-image-103179\" src=\"http:\/\/senoticias.com.br\/se\/wp-content\/uploads\/2017\/05\/Logo-fone-1-2-1-2-4-2.jpg\" alt=\"Logo-fone-1-2-1-2-4\" width=\"599\" height=\"78\" srcset=\"https:\/\/senoticias.com.br\/se\/wp-content\/uploads\/2017\/05\/Logo-fone-1-2-1-2-4-2.jpg 599w, https:\/\/senoticias.com.br\/se\/wp-content\/uploads\/2017\/05\/Logo-fone-1-2-1-2-4-2-300x39.jpg 300w\" sizes=\"(max-width: 599px) 100vw, 599px\" \/><\/p>\n<p style=\"text-align: justify;\"><strong>Acompanhe tamb\u00e9m o SE Not\u00edcias no<\/strong><span class=\"apple-converted-space\"><b>\u00a0<\/b><\/span><a href=\"https:\/\/twitter.com\/Senoticias\" target=\"_blank\"><b>Twitter<\/b><\/a><strong>,<\/strong><span class=\"apple-converted-space\"><b>\u00a0<\/b><\/span><a href=\"https:\/\/www.facebook.com\/senoticias1\" target=\"_blank\"><b>Facebook<\/b><span class=\"apple-converted-space\"><b>\u00a0<\/b><\/span><\/a><strong>e no<\/strong><span class=\"apple-converted-space\"><b>\u00a0<\/b><\/span><a href=\"https:\/\/www.instagram.com\/senoticias\/\" target=\"_blank\"><b>Instagram<\/b><\/a><\/p>\n<p style=\"text-align: justify;\"><em>Informa\u00e7\u00f5es da SSP\/SE<\/em><\/p>\n","protected":false},"excerpt":{"rendered":"<p>Na manh\u00e3 desta segunda-feira, 22, policiais civis lotados no munic\u00edpio de Capela prenderam tr\u00eas homens envolvidos com atividades criminosas na cidade. Em um primeiro momento, deram cumprimento ao mandado de pris\u00e3o preventiva em desfavor de Tauan Emanoel do Carmo Melo, 18 anos, suspeito de ser autor de um homic\u00eddio qualificado ocorrido no in\u00edcio de abril. [&hellip;]<\/p>\n","protected":false},"author":2,"featured_media":103397,"comment_status":"closed","ping_status":"closed","sticky":false,"template":"","format":"standard","meta":{"footnotes":""},"categories":[7],"tags":[978,2643,2645,78],"class_list":{"0":"post-103396","1":"post","2":"type-post","3":"status-publish","4":"format-standard","5":"has-post-thumbnail","7":"category-policia","8":"tag-capela","9":"tag-delegada-de-capela","10":"tag-mariana-amorim","11":"tag-policia-civil"},"_links":{"self":[{"href":"https:\/\/senoticias.com.br\/se\/wp-json\/wp\/v2\/posts\/103396"}],"collection":[{"href":"https:\/\/senoticias.com.br\/se\/wp-json\/wp\/v2\/posts"}],"about":[{"href":"https:\/\/senoticias.com.br\/se\/wp-json\/wp\/v2\/types\/post"}],"author":[{"embeddable":true,"href":"https:\/\/senoticias.com.br\/se\/wp-json\/wp\/v2\/users\/2"}],"replies":[{"embeddable":true,"href":"https:\/\/senoticias.com.br\/se\/wp-json\/wp\/v2\/comments?post=103396"}],"version-history":[{"count":0,"href":"https:\/\/senoticias.com.br\/se\/wp-json\/wp\/v2\/posts\/103396\/revisions"}],"wp:featuredmedia":[{"embeddable":true,"href":"https:\/\/senoticias.com.br\/se\/wp-json\/wp\/v2\/media\/103397"}],"wp:attachment":[{"href":"https:\/\/senoticias.com.br\/se\/wp-json\/wp\/v2\/media?parent=103396"}],"wp:term":[{"taxonomy":"category","embeddable":true,"href":"https:\/\/senoticias.com.br\/se\/wp-json\/wp\/v2\/categories?post=103396"},{"taxonomy":"post_tag","embeddable":true,"href":"https:\/\/senoticias.com.br\/se\/wp-json\/wp\/v2\/tags?post=103396"}],"curies":[{"name":"wp","href":"https:\/\/api.w.org\/{rel}","templated":true}]}}