{"id":103395,"date":"2017-05-22T20:17:59","date_gmt":"2017-05-22T23:17:59","guid":{"rendered":"http:\/\/senoticias.com.br\/se\/?p=103395"},"modified":"2017-05-22T20:17:59","modified_gmt":"2017-05-22T23:17:59","slug":"mpe-convida-escolas-e-universidades-para-conhecer-o-papel-do-ministerio-publico","status":"publish","type":"post","link":"https:\/\/senoticias.com.br\/se\/mpe-convida-escolas-e-universidades-para-conhecer-o-papel-do-ministerio-publico\/","title":{"rendered":"MPE convida escolas e universidades para conhecer o papel do Minist\u00e9rio P\u00fablico"},"content":{"rendered":"<p style=\"text-align: justify;\">Que o Minist\u00e9rio P\u00fablico \u00e9 um \u00f3rg\u00e3o fiscalizador e defende os direitos do cidad\u00e3o todo mundo sabe, n\u00e3o \u00e9? Mas voc\u00ea sabe de que forma ele atua e como \u00e9 o trabalho dos Promotores de Justi\u00e7a? Para esclarecer essas e outras quest\u00f5es foi criado o Programa \u201cMP de Portas Abertas\u201d. Lan\u00e7ado em mar\u00e7o de 2013, o Programa desenvolvido pela Procuradoria-Geral de Justi\u00e7a, atrav\u00e9s da Escola Superior \u2013 ESMP, tem como p\u00fablico-alvo estudantes do ensino m\u00e9dio de escolas p\u00fablicas e particulares, e alunos do ensino superior.<\/p>\n<div id=\"attachment_90194\" style=\"width: 608px\" class=\"wp-caption aligncenter\"><img loading=\"lazy\" decoding=\"async\" aria-describedby=\"caption-attachment-90194\" class=\"size-full wp-image-90194\" src=\"http:\/\/senoticias.com.br\/se\/wp-content\/uploads\/2016\/03\/SENOTICIAS-MPESE.jpg\" alt=\"MP de Portas Abertas convida escolas e universidades.   (Foto: arquivo\/SENot\u00edcias)\" width=\"598\" height=\"524\" srcset=\"https:\/\/senoticias.com.br\/se\/wp-content\/uploads\/2016\/03\/SENOTICIAS-MPESE.jpg 598w, https:\/\/senoticias.com.br\/se\/wp-content\/uploads\/2016\/03\/SENOTICIAS-MPESE-300x262.jpg 300w, https:\/\/senoticias.com.br\/se\/wp-content\/uploads\/2016\/03\/SENOTICIAS-MPESE-342x299.jpg 342w\" sizes=\"(max-width: 598px) 100vw, 598px\" \/><p id=\"caption-attachment-90194\" class=\"wp-caption-text\">MP de Portas Abertas convida escolas e universidades para conhecer o MPE. (Foto: arquivo\/SENot\u00edcias)<\/p><\/div>\n<p style=\"text-align: justify;\">O intuito \u00e9 levar informa\u00e7\u00e3o e aproximar a sociedade do \u00d3rg\u00e3o Ministerial Sergipano. Al\u00e9m disso, funciona, tamb\u00e9m, como um instrumento complementar de transpar\u00eancia e de publicidade das atividades institucionais.<\/p>\n<p style=\"text-align: justify;\">O Programa possui uma cartilha, um pequeno manual, com linguagem simples, leitura did\u00e1tica e ilustrativa, e conta com uma Palestra intitulada \u201cEstrutura e Atribui\u00e7\u00f5es do Minist\u00e9rio P\u00fablico de Sergipe\u201d.<\/p>\n<p style=\"text-align: justify;\">Saiba como inscrever sua escola ou universidade no Programa<\/p>\n<p style=\"text-align: justify;\">Para ter acesso ao Programa \u201cMP de Portas Abertas\u201d e conhecer o trabalho do MP de Sergipe \u00e9 preciso seguir alguns procedimentos de cadastro e inscri\u00e7\u00e3o.<\/p>\n<p style=\"text-align: justify;\">Os Coordenadores ou Diretores das Institui\u00e7\u00f5es interessadas devem solicitar a visita \u00e0 Escola Superior pelo pr\u00f3prio site. Depois disso, a ESMP sugere uma data e a Escola ou Universidade fecha uma ou mais turmas para a visita\u00e7\u00e3o. Para tanto, \u00e9 necess\u00e1rio orientar os discentes a seguirem os procedimentos pr\u00e9vios de cadastro e inscri\u00e7\u00e3o no sistema.<\/p>\n<p style=\"text-align: justify;\">Para fazer o cadastro e a inscri\u00e7\u00e3o, basta o aluno acessar o site da Escola Superior do Minist\u00e9rio P\u00fablico de Sergipe (<span style=\"color: #0000ff;\"><strong>www.esmp.mpse.mp.br<\/strong><\/span>) e seguir os passos abaixo:<\/p>\n<p style=\"text-align: justify;\">&#8211; 1\u00ba passo: clicar no \u00edcone SGE \u2013 Sistema de Gest\u00e3o de Eventos, localizado na parte inferior do site;<br \/>\n&#8211; 2\u00b0 passo: realizar o cadastro do participante;<br \/>\n&#8211; 3\u00ba passo: ap\u00f3s realizado o cadastro, dentro da pr\u00f3pria p\u00e1gina do SGE, realizar a inscri\u00e7\u00e3o no evento pretendido (Programa Minist\u00e9rio P\u00fablico de Portas Abertas &#8211; para alunos da Gradua\u00e7\u00e3o em Direito);<br \/>\n&#8211; 4\u00ba passo: no dia do evento, comparecer a partir das 8h30, portando o CPF, para realizar o cadastro biom\u00e9trico e registrar a presen\u00e7a.<\/p>\n<p><strong>Dica importante!<\/strong><\/p>\n<p style=\"text-align: justify;\">Uma vez realizado esse cadastro, o aluno poder\u00e1 se inscrever em qualquer evento que venha a ser realizado atrav\u00e9s da Escola Superior, e que seja aberto \u00e0 participa\u00e7\u00e3o de estudantes. Os certificados s\u00e3o emitidos eletronicamente no SGE, com especifica\u00e7\u00e3o de horas\/aulas e podem servir, a crit\u00e9rio de cada Institui\u00e7\u00e3o, como atividade de extens\u00e3o.<\/p>\n<p>*Mais informa\u00e7\u00f5es ou d\u00favidas \u00e9 s\u00f3 entrar em contato com a Escola Superior pelos telefones <strong>3209-2532 ou 3209-2533<\/strong>.<br \/>\nCom informa\u00e7\u00f5es da Escola Superior do MPSE<\/p>\n<p><img loading=\"lazy\" decoding=\"async\" class=\"aligncenter size-full wp-image-103179\" src=\"http:\/\/senoticias.com.br\/se\/wp-content\/uploads\/2017\/05\/Logo-fone-1-2-1-2-4-2.jpg\" alt=\"Logo-fone-1-2-1-2-4\" width=\"599\" height=\"78\" srcset=\"https:\/\/senoticias.com.br\/se\/wp-content\/uploads\/2017\/05\/Logo-fone-1-2-1-2-4-2.jpg 599w, https:\/\/senoticias.com.br\/se\/wp-content\/uploads\/2017\/05\/Logo-fone-1-2-1-2-4-2-300x39.jpg 300w\" sizes=\"(max-width: 599px) 100vw, 599px\" \/><\/p>\n<p><strong>Acompanhe tamb\u00e9m o SE Not\u00edcias no<\/strong><span class=\"apple-converted-space\"><b>\u00a0<\/b><\/span><a href=\"https:\/\/twitter.com\/Senoticias\" target=\"_blank\"><b>Twitter<\/b><\/a><strong>,<\/strong><span class=\"apple-converted-space\"><b>\u00a0<\/b><\/span><a href=\"https:\/\/www.facebook.com\/senoticias1\" target=\"_blank\"><b>Facebook<\/b><span class=\"apple-converted-space\"><b>\u00a0<\/b><\/span><\/a><strong>e no<\/strong><span class=\"apple-converted-space\"><b>\u00a0<\/b><\/span><a href=\"https:\/\/www.instagram.com\/senoticias\/\" target=\"_blank\"><b>Instagram<\/b><\/a><\/p>\n<p>&nbsp;<\/p>\n","protected":false},"excerpt":{"rendered":"<p>Que o Minist\u00e9rio P\u00fablico \u00e9 um \u00f3rg\u00e3o fiscalizador e defende os direitos do cidad\u00e3o todo mundo sabe, n\u00e3o \u00e9? Mas voc\u00ea sabe de que forma ele atua e como \u00e9 o trabalho dos Promotores de Justi\u00e7a? Para esclarecer essas e outras quest\u00f5es foi criado o Programa \u201cMP de Portas Abertas\u201d. Lan\u00e7ado em mar\u00e7o de 2013, [&hellip;]<\/p>\n","protected":false},"author":2,"featured_media":90194,"comment_status":"closed","ping_status":"closed","sticky":false,"template":"","format":"standard","meta":{"footnotes":""},"categories":[15],"tags":[2726,2910,3735],"class_list":{"0":"post-103395","1":"post","2":"type-post","3":"status-publish","4":"format-standard","5":"has-post-thumbnail","7":"category-destaques","8":"tag-ministerio-publico","9":"tag-mpe","10":"tag-universidades"},"_links":{"self":[{"href":"https:\/\/senoticias.com.br\/se\/wp-json\/wp\/v2\/posts\/103395"}],"collection":[{"href":"https:\/\/senoticias.com.br\/se\/wp-json\/wp\/v2\/posts"}],"about":[{"href":"https:\/\/senoticias.com.br\/se\/wp-json\/wp\/v2\/types\/post"}],"author":[{"embeddable":true,"href":"https:\/\/senoticias.com.br\/se\/wp-json\/wp\/v2\/users\/2"}],"replies":[{"embeddable":true,"href":"https:\/\/senoticias.com.br\/se\/wp-json\/wp\/v2\/comments?post=103395"}],"version-history":[{"count":0,"href":"https:\/\/senoticias.com.br\/se\/wp-json\/wp\/v2\/posts\/103395\/revisions"}],"wp:featuredmedia":[{"embeddable":true,"href":"https:\/\/senoticias.com.br\/se\/wp-json\/wp\/v2\/media\/90194"}],"wp:attachment":[{"href":"https:\/\/senoticias.com.br\/se\/wp-json\/wp\/v2\/media?parent=103395"}],"wp:term":[{"taxonomy":"category","embeddable":true,"href":"https:\/\/senoticias.com.br\/se\/wp-json\/wp\/v2\/categories?post=103395"},{"taxonomy":"post_tag","embeddable":true,"href":"https:\/\/senoticias.com.br\/se\/wp-json\/wp\/v2\/tags?post=103395"}],"curies":[{"name":"wp","href":"https:\/\/api.w.org\/{rel}","templated":true}]}}