{"id":103393,"date":"2017-05-22T19:40:22","date_gmt":"2017-05-22T22:40:22","guid":{"rendered":"http:\/\/senoticias.com.br\/se\/?p=103393"},"modified":"2017-05-22T20:23:38","modified_gmt":"2017-05-22T23:23:38","slug":"prefeitura-de-rosario-do-catete-celebra-o-dia-das-maes-no-centro-recreativo","status":"publish","type":"post","link":"https:\/\/senoticias.com.br\/se\/prefeitura-de-rosario-do-catete-celebra-o-dia-das-maes-no-centro-recreativo\/","title":{"rendered":"Prefeitura de Ros\u00e1rio do Catete celebra o Dia das M\u00e3es no Centro Recreativo"},"content":{"rendered":"<p>&nbsp;<\/p>\n<p style=\"text-align: justify;\">O Dia das M\u00e3es em Ros\u00e1rio do Catete foi comemorado sexta-feira (19), no Centro Recreativo Rosarense. Organizada pela Prefeitura de Ros\u00e1rio do Catete, por meio da Secretaria Municipal da Assist\u00eancia e Desenvolvimento Social, a comemora\u00e7\u00e3o contemplou shows com atra\u00e7\u00f5es art\u00edsticas locais e sorteio de brindes.<\/p>\n<div id=\"attachment_103394\" style=\"width: 609px\" class=\"wp-caption aligncenter\"><img loading=\"lazy\" decoding=\"async\" aria-describedby=\"caption-attachment-103394\" class=\"size-full wp-image-103394\" src=\"http:\/\/senoticias.com.br\/se\/wp-content\/uploads\/2017\/05\/Maes-Rosario-senoticias-e1495492655736.jpg\" alt=\"O prefeito Etelvino Barreto (Vino Barreto) tamb\u00e9m esteve presente \u00e0s comemora\u00e7\u00f5es\" width=\"599\" height=\"399\" \/><p id=\"caption-attachment-103394\" class=\"wp-caption-text\">O prefeito Etelvino Barreto (Vino Barreto) tamb\u00e9m esteve presente \u00e0s comemora\u00e7\u00f5es. (Foto: Igor Dias\/Secom\/Ros\u00e1rio)<\/p><\/div>\n<p style=\"text-align: justify;\">Com a participa\u00e7\u00e3o de aproximadamente 500 m\u00e3es, o p\u00fablico se encantou com as tr\u00eas grandes atra\u00e7\u00f5es locais: Jorge Luiz (trombone instrumental), J\u00falia e Elberty (voz e viol\u00e3o) e Priscila Pitanga e Banda.<\/p>\n<p style=\"text-align: justify;\">De acordo com a primeira-dama do munic\u00edpio, Maria das Gra\u00e7as (Dona Nena), as homenagens reconhecem a import\u00e2ncia das m\u00e3es em nossas vidas, al\u00e9m de retribuir o carinho especial que elas diariamente oferecem aos filhos.<\/p>\n<p style=\"text-align: justify;\">\u201cN\u00e3o estamos preocupados em realizar grandes festas, a noite de hoje torna-se memor\u00e1vel por promover o cuidado com as pessoas. Esta \u00e9 a diretriz da pol\u00edtica p\u00fablica da administra\u00e7\u00e3o de Etelvino Barreto: dar direito a quem tem direito e cuidar das pessoas. Este \u00e9 um evento para reconhecer a import\u00e2ncia de nossas m\u00e3es, mas tamb\u00e9m retribuir o carinho delas a cada um de seus filhos\u201d, diz Dona Nena.<\/p>\n<p style=\"text-align: justify;\">Para o secret\u00e1rio da Assist\u00eancia e Desenvolvimento Social, Elisson Silva, \u00e9 imprescind\u00edvel homenagear quem tanto ama e cuida bem da fam\u00edlia. Ele tamb\u00e9m reconheceu o compromisso do prefeito e da primeira-dama com a \u00e1rea social.<\/p>\n<p style=\"text-align: justify;\">\u201c\u00c9 maravilhoso comemorar uma data t\u00e3o especial para n\u00f3s. Fico muito feliz em compartilhar esse espa\u00e7o com as m\u00e3es de Ros\u00e1rio. Minha gratid\u00e3o a Dona Nena e a confian\u00e7a do prefeito Vino Barreto em entregar mais este desafio em nossas m\u00e3os. Quero tamb\u00e9m ser grato a toda equipe da SEMADES. A abnega\u00e7\u00e3o e desprendimento deles foram primordiais para que tudo desse certo\u201d, reconhece o secret\u00e1rio.<\/p>\n<p style=\"text-align: justify;\">O prefeito Etelvino Barreto (Vino Barreto) tamb\u00e9m esteve presente \u00e0s comemora\u00e7\u00f5es. Reconhecido pela sua forte atua\u00e7\u00e3o na \u00e1rea social, o prefeito observou as dificuldades financeiras em que o Pa\u00eds atravessa, reassumiu o compromisso em fazer uma administra\u00e7\u00e3o voltada para o social e elogiou as m\u00e3es por sua luta di\u00e1ria em prol do bem comum.<\/p>\n<p style=\"text-align: justify;\">\u201cHoje a situa\u00e7\u00e3o pol\u00edtica e econ\u00f4mica do pa\u00eds \u00e9 muito complicada, voc\u00eas est\u00e3o acompanhando tudo pela imprensa. Estamos com muitas dificuldades, mas temos f\u00e9 que tudo vai ficar bem. Voc\u00eas m\u00e3es nos inspiram e nos d\u00e3o a for\u00e7a que precisamos para continuar trabalhando pelo social, pelo bem-estar do nosso povo. Eu n\u00e3o tenho mais m\u00e3e, mas acredito que onde quer que ela esteja est\u00e1 nos dando for\u00e7as para continuar. E seus ensinamentos me fazem olhar para frente. Sempre\u201d, discursou o prefeito, que foi bastante aplaudido.<\/p>\n<p style=\"text-align: justify;\">Mesmo com as fortes chuvas que ca\u00edram na cidade, as m\u00e3es lotaram a quadra do Centro Recreativo. Al\u00e9m das m\u00e3es, filhos e familiares das homenageadas, o evento contou tamb\u00e9m com a participa\u00e7\u00e3o de secret\u00e1rios, diretores, coordenadores e servidores municipais.<\/p>\n<p style=\"text-align: justify;\">A C\u00e2mara Municipal de Ros\u00e1rio do Catete foi representada pelos vereadores Walter Barreto e Dedeu Santana, que reconheceram o bom trabalho da administra\u00e7\u00e3o nas \u00e1reas sociais.<\/p>\n<p style=\"text-align: justify;\"><img loading=\"lazy\" decoding=\"async\" class=\"aligncenter size-full wp-image-103179\" src=\"http:\/\/senoticias.com.br\/se\/wp-content\/uploads\/2017\/05\/Logo-fone-1-2-1-2-4-2.jpg\" alt=\"Logo-fone-1-2-1-2-4\" width=\"599\" height=\"78\" srcset=\"https:\/\/senoticias.com.br\/se\/wp-content\/uploads\/2017\/05\/Logo-fone-1-2-1-2-4-2.jpg 599w, https:\/\/senoticias.com.br\/se\/wp-content\/uploads\/2017\/05\/Logo-fone-1-2-1-2-4-2-300x39.jpg 300w\" sizes=\"(max-width: 599px) 100vw, 599px\" \/><\/p>\n<p style=\"text-align: justify;\"><strong>Acompanhe tamb\u00e9m o SE Not\u00edcias no<\/strong><span class=\"apple-converted-space\"><b>\u00a0<\/b><\/span><a href=\"https:\/\/twitter.com\/Senoticias\" target=\"_blank\"><b>Twitter<\/b><\/a><strong>,<\/strong><span class=\"apple-converted-space\"><b>\u00a0<\/b><\/span><a href=\"https:\/\/www.facebook.com\/senoticias1\" target=\"_blank\"><b>Facebook<\/b><span class=\"apple-converted-space\"><b>\u00a0<\/b><\/span><\/a><strong>e no<\/strong><span class=\"apple-converted-space\"><b>\u00a0<\/b><\/span><a href=\"https:\/\/www.instagram.com\/senoticias\/\" target=\"_blank\"><b>Instagram<\/b><\/a><\/p>\n<p style=\"text-align: justify;\"><em>Da Secretaria de Comunica\u00e7\u00e3o\/Ros\u00e1rio do Catete<\/em><\/p>\n","protected":false},"excerpt":{"rendered":"<p>&nbsp; O Dia das M\u00e3es em Ros\u00e1rio do Catete foi comemorado sexta-feira (19), no Centro Recreativo Rosarense. Organizada pela Prefeitura de Ros\u00e1rio do Catete, por meio da Secretaria Municipal da Assist\u00eancia e Desenvolvimento Social, a comemora\u00e7\u00e3o contemplou shows com atra\u00e7\u00f5es art\u00edsticas locais e sorteio de brindes. Com a participa\u00e7\u00e3o de aproximadamente 500 m\u00e3es, o p\u00fablico [&hellip;]<\/p>\n","protected":false},"author":2,"featured_media":103394,"comment_status":"closed","ping_status":"closed","sticky":false,"template":"","format":"standard","meta":{"footnotes":""},"categories":[15,38],"tags":[3733,3529,1778,2884,125,3734],"class_list":{"0":"post-103393","1":"post","2":"type-post","3":"status-publish","4":"format-standard","5":"has-post-thumbnail","7":"category-destaques","8":"category-municipios","9":"tag-centro-recreativo","10":"tag-dia-das-maes","11":"tag-etelvino-barreto","12":"tag-prefeitura","13":"tag-rosario-do-catete","14":"tag-vino"},"_links":{"self":[{"href":"https:\/\/senoticias.com.br\/se\/wp-json\/wp\/v2\/posts\/103393"}],"collection":[{"href":"https:\/\/senoticias.com.br\/se\/wp-json\/wp\/v2\/posts"}],"about":[{"href":"https:\/\/senoticias.com.br\/se\/wp-json\/wp\/v2\/types\/post"}],"author":[{"embeddable":true,"href":"https:\/\/senoticias.com.br\/se\/wp-json\/wp\/v2\/users\/2"}],"replies":[{"embeddable":true,"href":"https:\/\/senoticias.com.br\/se\/wp-json\/wp\/v2\/comments?post=103393"}],"version-history":[{"count":0,"href":"https:\/\/senoticias.com.br\/se\/wp-json\/wp\/v2\/posts\/103393\/revisions"}],"wp:featuredmedia":[{"embeddable":true,"href":"https:\/\/senoticias.com.br\/se\/wp-json\/wp\/v2\/media\/103394"}],"wp:attachment":[{"href":"https:\/\/senoticias.com.br\/se\/wp-json\/wp\/v2\/media?parent=103393"}],"wp:term":[{"taxonomy":"category","embeddable":true,"href":"https:\/\/senoticias.com.br\/se\/wp-json\/wp\/v2\/categories?post=103393"},{"taxonomy":"post_tag","embeddable":true,"href":"https:\/\/senoticias.com.br\/se\/wp-json\/wp\/v2\/tags?post=103393"}],"curies":[{"name":"wp","href":"https:\/\/api.w.org\/{rel}","templated":true}]}}