{"id":103349,"date":"2017-05-20T20:38:13","date_gmt":"2017-05-20T23:38:13","guid":{"rendered":"http:\/\/senoticias.com.br\/se\/?p=103349"},"modified":"2017-05-20T20:38:37","modified_gmt":"2017-05-20T23:38:37","slug":"fachin-decide-levar-ao-plenario-do-stf-pedido-de-suspensao-de-inquerito-de-temer","status":"publish","type":"post","link":"https:\/\/senoticias.com.br\/se\/fachin-decide-levar-ao-plenario-do-stf-pedido-de-suspensao-de-inquerito-de-temer\/","title":{"rendered":"Fachin decide levar ao plen\u00e1rio do STF pedido de suspens\u00e3o de inqu\u00e9rito de Temer"},"content":{"rendered":"<p style=\"text-align: justify;\">O ministro do Supremo Tribunal Federal (STF) Luiz Edson Fachin, relator da Lava Jato na corte, decidiu neste s\u00e1bado (20) levar ao plen\u00e1rio do Supremo a an\u00e1lise da peti\u00e7\u00e3o da defesa do presidente Michel Temer que pede a suspens\u00e3o do inqu\u00e9rito aberto para investiga-lo por suspeita de corrup\u00e7\u00e3o passiva, obstru\u00e7\u00e3o \u00e0 Justi\u00e7a e organiza\u00e7\u00e3o criminosa.<\/p>\n<p style=\"text-align: justify;\">A an\u00e1lise do pedido pelo plen\u00e1rio do STF deve ocorrer na quarta-feira (24). Na mesma decis\u00e3o, Fachin determinou que a Pol\u00edcia Federal fa\u00e7a uma per\u00edcia no audio da conversa entre Temer e o dono da JBS, Joesley Batista.<\/p>\n<div id=\"attachment_103350\" style=\"width: 609px\" class=\"wp-caption aligncenter\"><img loading=\"lazy\" decoding=\"async\" aria-describedby=\"caption-attachment-103350\" class=\"size-full wp-image-103350\" src=\"http:\/\/senoticias.com.br\/se\/wp-content\/uploads\/2017\/05\/MICHEL-TEMER-SENOTICIAS-e1495323379282.jpg\" alt=\"Temer disse que a grava\u00e7\u00e3o feita em conversa entre ele e o dono do grupo JBS no Jaburu, em mar\u00e7o deste ano, foi editada: Lu\u00eds Nova\/Esp.CB\/D.A. Press. Brasil. Bras\u00edlia - DF. O presidente da Rep\u00fablica, Michel Temer, durante coletiva de imprensa, ap\u00f3s as alega\u00e7\u00f5es de pagamento de dinheiro para Eduardo Cunha, pol\u00edtico condenado por corrup\u00e7\u00e3o.\" width=\"599\" height=\"399\" \/><p id=\"caption-attachment-103350\" class=\"wp-caption-text\">Temer disse que a grava\u00e7\u00e3o feita em conversa entre ele e o dono do grupo JBS no Jaburu, em mar\u00e7o deste ano, foi editada. (Foto: Lu\u00eds Nova\/Esp.CB\/D.A. Press. Brasil)<\/p><\/div>\n<p style=\"text-align: justify;\">A decis\u00e3o atende em parte a peti\u00e7\u00e3o da defesa de Temer, protocolada mais cedo neste s\u00e1bado. Na peti\u00e7\u00e3o, os advogados do presidente pedem que Fachin suspenda o inqu\u00e9rito ap\u00f3s reportagem do jornal &#8220;Folha de S. Paulo&#8221; informar, com base na opini\u00e3o de peritos, que o audio da conversa entre Temer e Batista foi editado.<\/p>\n<p style=\"text-align: justify;\">&#8220;Por todo o exposto, Eminente Ministro, a defesa do Presidente Michel Temer, vem, por meio da presente peti\u00e7\u00e3o, requerer que V. Excel\u00eancia determine a SUSPENS\u00c3O do inqu\u00e9rito instaurado, at\u00e9 que se realize uma per\u00edcia no \u00e1udio constante da fita da grava\u00e7\u00e3o da conversa objeto desses autos, devendo, para tanto, ser nomeado por um perito para proceder ao seu exame e para responder aos questionamentos do D. Relator e das partes, Defesa e Minist\u00e9rio P\u00fablico&#8221;, diz o texto da peti\u00e7\u00e3o.<\/p>\n<p style=\"text-align: justify;\">O pedito foi protocolado logo ap\u00f3s pronunciamento de Temer no Pal\u00e1cio do Planalto, em que o presidente afirmou que a grava\u00e7\u00e3o feita por Batista foi &#8220;clandestina, manipulada e adulterada com objetivos nitidamente subterr\u00e2neos.&#8221;<\/p>\n<p style=\"text-align: justify;\">Depois do pronunciamento de Temer, o advogado Francisco Assis, que participou do acordo de dela\u00e7\u00e3o da JBS, afirmou que n\u00e3o houve edi\u00e7\u00e3o do \u00e1udio e divulgou a seguinte nota:<\/p>\n<p style=\"text-align: justify;\">&#8220;O \u00e1udio reflete uma grava\u00e7\u00e3o amadora feita por Joesley, tem 38 a 40 minutos, foi o tempo contando entrada e sa\u00edda do local. N\u00e3o h\u00e1 absolutamente nenhuma edi\u00e7\u00e3o. Temos c\u00f3pia do material original, est\u00e1 sendo mantida em local seguro. Entendemos o argumento da defesa de questionar, mas lembramos que Temer n\u00e3o nega a reuni\u00e3o e nem os assuntos tratados. Pretendemos fazer uma per\u00edcia pr\u00f3pria e de forma alguma nos opomos a uma per\u00edcia. S\u00f3 esperamos que o governo n\u00e3o use o sistema para tentar anular o \u00e1udio.&#8221;<\/p>\n<p style=\"text-align: justify;\"><em>Por <a href=\"http:\/\/g1.globo.com\/politica\/operacao-lava-jato\/noticia\/fachin-decide-levar-ao-plenario-do-stf-pedido-de-suspensao-de-inquerito-de-temer.ghtml\"><strong>G1<\/strong><\/a>, Bras\u00edlia<\/em><\/p>\n<p style=\"text-align: justify;\"><img loading=\"lazy\" decoding=\"async\" class=\"aligncenter size-full wp-image-103179\" src=\"http:\/\/senoticias.com.br\/se\/wp-content\/uploads\/2017\/05\/Logo-fone-1-2-1-2-4-2.jpg\" alt=\"Logo-fone-1-2-1-2-4\" width=\"599\" height=\"78\" srcset=\"https:\/\/senoticias.com.br\/se\/wp-content\/uploads\/2017\/05\/Logo-fone-1-2-1-2-4-2.jpg 599w, https:\/\/senoticias.com.br\/se\/wp-content\/uploads\/2017\/05\/Logo-fone-1-2-1-2-4-2-300x39.jpg 300w\" sizes=\"(max-width: 599px) 100vw, 599px\" \/><\/p>\n<p style=\"text-align: justify;\"><strong>Acompanhe tamb\u00e9m o SE Not\u00edcias no<\/strong><span class=\"apple-converted-space\"><b>\u00a0<\/b><\/span><a href=\"https:\/\/twitter.com\/Senoticias\" target=\"_blank\"><b>Twitter<\/b><\/a><strong>,<\/strong><span class=\"apple-converted-space\"><b>\u00a0<\/b><\/span><a href=\"https:\/\/www.facebook.com\/senoticias1\" target=\"_blank\"><b>Facebook<\/b><span class=\"apple-converted-space\"><b>\u00a0<\/b><\/span><\/a><strong>e no<\/strong><span class=\"apple-converted-space\"><b>\u00a0<\/b><\/span><a href=\"https:\/\/www.instagram.com\/senoticias\/\" target=\"_blank\"><b>Instagram<\/b><\/a><\/p>\n","protected":false},"excerpt":{"rendered":"<p>O ministro do Supremo Tribunal Federal (STF) Luiz Edson Fachin, relator da Lava Jato na corte, decidiu neste s\u00e1bado (20) levar ao plen\u00e1rio do Supremo a an\u00e1lise da peti\u00e7\u00e3o da defesa do presidente Michel Temer que pede a suspens\u00e3o do inqu\u00e9rito aberto para investiga-lo por suspeita de corrup\u00e7\u00e3o passiva, obstru\u00e7\u00e3o \u00e0 Justi\u00e7a e organiza\u00e7\u00e3o criminosa. [&hellip;]<\/p>\n","protected":false},"author":2,"featured_media":103350,"comment_status":"closed","ping_status":"closed","sticky":false,"template":"","format":"standard","meta":{"footnotes":""},"categories":[6],"tags":[3659,3057,3703,637],"class_list":{"0":"post-103349","1":"post","2":"type-post","3":"status-publish","4":"format-standard","5":"has-post-thumbnail","7":"category-politica","8":"tag-fachin","9":"tag-inquerito","10":"tag-plenario","11":"tag-temer"},"_links":{"self":[{"href":"https:\/\/senoticias.com.br\/se\/wp-json\/wp\/v2\/posts\/103349"}],"collection":[{"href":"https:\/\/senoticias.com.br\/se\/wp-json\/wp\/v2\/posts"}],"about":[{"href":"https:\/\/senoticias.com.br\/se\/wp-json\/wp\/v2\/types\/post"}],"author":[{"embeddable":true,"href":"https:\/\/senoticias.com.br\/se\/wp-json\/wp\/v2\/users\/2"}],"replies":[{"embeddable":true,"href":"https:\/\/senoticias.com.br\/se\/wp-json\/wp\/v2\/comments?post=103349"}],"version-history":[{"count":0,"href":"https:\/\/senoticias.com.br\/se\/wp-json\/wp\/v2\/posts\/103349\/revisions"}],"wp:featuredmedia":[{"embeddable":true,"href":"https:\/\/senoticias.com.br\/se\/wp-json\/wp\/v2\/media\/103350"}],"wp:attachment":[{"href":"https:\/\/senoticias.com.br\/se\/wp-json\/wp\/v2\/media?parent=103349"}],"wp:term":[{"taxonomy":"category","embeddable":true,"href":"https:\/\/senoticias.com.br\/se\/wp-json\/wp\/v2\/categories?post=103349"},{"taxonomy":"post_tag","embeddable":true,"href":"https:\/\/senoticias.com.br\/se\/wp-json\/wp\/v2\/tags?post=103349"}],"curies":[{"name":"wp","href":"https:\/\/api.w.org\/{rel}","templated":true}]}}