{"id":103332,"date":"2017-05-19T16:19:51","date_gmt":"2017-05-19T19:19:51","guid":{"rendered":"http:\/\/senoticias.com.br\/se\/?p=103332"},"modified":"2017-05-19T16:25:13","modified_gmt":"2017-05-19T19:25:13","slug":"conteiner-datacenter-de-mais-de-r-3-milhoes-e-inaugurado-no-tribunal-de-contas","status":"publish","type":"post","link":"https:\/\/senoticias.com.br\/se\/conteiner-datacenter-de-mais-de-r-3-milhoes-e-inaugurado-no-tribunal-de-contas\/","title":{"rendered":"Cont\u00eainer Datacenter de mais de R$ 3 milh\u00f5es \u00e9 inaugurado no Tribunal de Contas"},"content":{"rendered":"<p style=\"text-align: justify;\">O conselheiro-presidente do Tribunal de Contas do Estado de Sergipe, Cl\u00f3vis Barbosa, inaugurou o Cont\u00eainer Datacenter que concentrar\u00e1 toda a infraestrutura de Tecnologia da Informa\u00e7\u00e3o respons\u00e1vel pelo armazenamento e processamento automatizado de dados do Tribunal. O custo do investimento \u00e9 superior a R$ 3 milh\u00f5es e faz parte do Planejamento Estrat\u00e9gico 2016-2019 da Diretoria de Moderniza\u00e7\u00e3o e Tecnologia (DMT). O evento foi realizado na manh\u00e3 desta sexta-feira, 19, no Espa\u00e7o Cultural do \u00f3rg\u00e3o, e contou com descerramento de placa e desenlace da fita inaugural.<\/p>\n<div id=\"attachment_103333\" style=\"width: 510px\" class=\"wp-caption aligncenter\"><img loading=\"lazy\" decoding=\"async\" aria-describedby=\"caption-attachment-103333\" class=\"size-full wp-image-103333\" src=\"http:\/\/senoticias.com.br\/se\/wp-content\/uploads\/2017\/05\/TCE-SENOTICIAS.jpeg\" alt=\"Desenlace da fita inaugural. (Foto: Cleverton Ribeiro\/TCE) \" width=\"500\" height=\"333\" srcset=\"https:\/\/senoticias.com.br\/se\/wp-content\/uploads\/2017\/05\/TCE-SENOTICIAS.jpeg 500w, https:\/\/senoticias.com.br\/se\/wp-content\/uploads\/2017\/05\/TCE-SENOTICIAS-300x200.jpeg 300w, https:\/\/senoticias.com.br\/se\/wp-content\/uploads\/2017\/05\/TCE-SENOTICIAS-90x60.jpeg 90w, https:\/\/senoticias.com.br\/se\/wp-content\/uploads\/2017\/05\/TCE-SENOTICIAS-180x120.jpeg 180w, https:\/\/senoticias.com.br\/se\/wp-content\/uploads\/2017\/05\/TCE-SENOTICIAS-95x64.jpeg 95w\" sizes=\"(max-width: 500px) 100vw, 500px\" \/><p id=\"caption-attachment-103333\" class=\"wp-caption-text\">Desenlace da fita inaugural. (Foto: Cleverton Ribeiro\/TCE)<\/p><\/div>\n<p style=\"text-align: justify;\">Na avalia\u00e7\u00e3o do presidente, com mais seguran\u00e7a aos sistemas de TI, a partir de agora, a presta\u00e7\u00e3o de servi\u00e7o do Tribunal ser\u00e1 mais qualificada. \u201cN\u00f3s estamos evoluindo muito em termos de sistemas. Estamos avan\u00e7ando, modernizando nosso parque de TI e acredito que o Tribunal de Contas, talvez a partir de agosto ou setembro, esteja em um patamar de presta\u00e7\u00e3o de servi\u00e7o nesta \u00e1rea melhor ou igual aos melhores Tribunais de Contas do pa\u00eds\u201d, disse Cl\u00f3vis Barbosa.<\/p>\n<p style=\"text-align: justify;\">Para o diretor da DMT, Cl\u00e1udio Luiz da Silva, as organiza\u00e7\u00f5es p\u00fablicas demoram um pouco para se estruturarem na \u00e1rea de Tecnologia da Informa\u00e7\u00e3o, apesar dos bons exemplos no Judici\u00e1rio, mas agora os Tribunais de Contas est\u00e3o retomando esta evolu\u00e7\u00e3o. \u201cO Tribunal de Contas de Sergipe de certa forma sai na dianteira, na medida em que est\u00e1 fazendo um investimento muito r\u00e1pido nos \u00faltimos dois anos. E um s\u00edmbolo maior destes investimentos \u00e9 exatamente a aquisi\u00e7\u00e3o e coloca\u00e7\u00e3o em opera\u00e7\u00e3o do cont\u00eainer para garantir mais seguran\u00e7a e disponibilidade para os nossos computadores\u201d, declarou o diretor.<\/p>\n<p style=\"text-align: justify;\">Al\u00e9m do cont\u00eainer, o Tribunal inaugurou a integra\u00e7\u00e3o direta com o Estado por meio de fibra \u00f3tica, o que possibilita a disponibilidade das informa\u00e7\u00f5es da \u00e1rea de finan\u00e7as, or\u00e7amento e de pessoal, sem a necessidade de remessa mensal por cada \u00f3rg\u00e3o da administra\u00e7\u00e3o estadual, como acontecia pelo antigo Sisap. Cl\u00f3vis Barbosa lembrou que o novo sistema Sagres, que substituiu o Sisap na captura das informa\u00e7\u00f5es dos jurisdicionados, coloca em funcionamento um modelo mais pr\u00e1tico e seguro com a utiliza\u00e7\u00e3o de certifica\u00e7\u00e3o digital.<\/p>\n<p style=\"text-align: justify;\">O secret\u00e1rio-chefe da Controladoria Geral do Estado (CGE), Elizi\u00e1rio Sobral, que representou o governado do Estado, Jackson Barreto, disse que a modernidade tecnol\u00f3gica tem que vir acompanhada do aprimoramento do uso das informa\u00e7\u00f5es. \u201cEstamos num mundo muito desenvolvido e o Tribunal n\u00e3o poderia ficar aqu\u00e9m deste desenvolvimento, principalmente na Tecnologia de Informa\u00e7\u00e3o. Parabenizo o presidente Cl\u00f3vis Barbosa pela implanta\u00e7\u00e3o deste Datacenter, que significa um passo \u00e0 frente no Controle Externo do Tribunal de Contas\u201d, disse Elizi\u00e1rio.<\/p>\n<p style=\"text-align: justify;\">Estiveram presentes ainda na solenidade, a vice-presidente do TCE, conselheira Susana Azevedo, os conselheiros Carlos Alberto Sobral, Ulices Andrade e Maria Ang\u00e9lica Guimar\u00e3es; os conselheiros-substitutos Rafael Fonseca e Alexandre Lessa; o procurador-geral do Minist\u00e9rio P\u00fablico de Contas, Jo\u00e3o Augusto Bandeira; e o procurador Eduardo C\u00f4rtes; o presidente da C\u00e2mara Municipal de Aracaju, vereador Nitinho; e o diretor executivo do Banese, Renato Augusto Cruz, representando o presidente do Banco, Fernando Soares.<\/p>\n<p style=\"text-align: justify;\"><strong>Estrutura<\/strong><\/p>\n<p style=\"text-align: justify;\">Instalado ao lado do edif\u00edcio-sede da Corte, o Cont\u00eainer pesa 15 toneladas e teve um custo total exato de R$ 3.228.499,71, j\u00e1 incluindo fornecimento, instala\u00e7\u00e3o e treinamento dos t\u00e9cnicos do TCE. Possui requisitos redundantes de estabilidade e disponibilidade de refrigera\u00e7\u00e3o e eletricidade que conta dois geradores exclusivos. Tem equipamentos de controle de temperatura e preven\u00e7\u00e3o de inc\u00eandio. O acesso e o interior s\u00e3o monitorados por meio de circuito fechado de televis\u00e3o, e uso de senha e biometria.<\/p>\n<p style=\"text-align: justify;\"><img loading=\"lazy\" decoding=\"async\" class=\"aligncenter size-full wp-image-103179\" src=\"http:\/\/senoticias.com.br\/se\/wp-content\/uploads\/2017\/05\/Logo-fone-1-2-1-2-4-2.jpg\" alt=\"Logo-fone-1-2-1-2-4\" width=\"599\" height=\"78\" srcset=\"https:\/\/senoticias.com.br\/se\/wp-content\/uploads\/2017\/05\/Logo-fone-1-2-1-2-4-2.jpg 599w, https:\/\/senoticias.com.br\/se\/wp-content\/uploads\/2017\/05\/Logo-fone-1-2-1-2-4-2-300x39.jpg 300w\" sizes=\"(max-width: 599px) 100vw, 599px\" \/><\/p>\n<p style=\"text-align: justify;\"><strong>Acompanhe tamb\u00e9m o SE Not\u00edcias no<\/strong><span class=\"apple-converted-space\"><b>\u00a0<\/b><\/span><a href=\"https:\/\/twitter.com\/Senoticias\" target=\"_blank\"><b>Twitter<\/b><\/a><strong>,<\/strong><span class=\"apple-converted-space\"><b>\u00a0<\/b><\/span><a href=\"https:\/\/www.facebook.com\/senoticias1\" target=\"_blank\"><b>Facebook<\/b><span class=\"apple-converted-space\"><b>\u00a0<\/b><\/span><\/a><strong>e no<\/strong><span class=\"apple-converted-space\"><b>\u00a0<\/b><\/span><a href=\"https:\/\/www.instagram.com\/senoticias\/\" target=\"_blank\"><b>Instagram<\/b><\/a><\/p>\n<p style=\"text-align: justify;\"><em>Ascom\/TCE<\/em><\/p>\n","protected":false},"excerpt":{"rendered":"<p>O conselheiro-presidente do Tribunal de Contas do Estado de Sergipe, Cl\u00f3vis Barbosa, inaugurou o Cont\u00eainer Datacenter que concentrar\u00e1 toda a infraestrutura de Tecnologia da Informa\u00e7\u00e3o respons\u00e1vel pelo armazenamento e processamento automatizado de dados do Tribunal. O custo do investimento \u00e9 superior a R$ 3 milh\u00f5es e faz parte do Planejamento Estrat\u00e9gico 2016-2019 da Diretoria de [&hellip;]<\/p>\n","protected":false},"author":2,"featured_media":103333,"comment_status":"closed","ping_status":"closed","sticky":false,"template":"","format":"standard","meta":{"footnotes":""},"categories":[6],"tags":[3689,529,2954],"class_list":{"0":"post-103332","1":"post","2":"type-post","3":"status-publish","4":"format-standard","5":"has-post-thumbnail","7":"category-politica","8":"tag-conteiner-datacenter","9":"tag-tce","10":"tag-tribunal-de-contas"},"_links":{"self":[{"href":"https:\/\/senoticias.com.br\/se\/wp-json\/wp\/v2\/posts\/103332"}],"collection":[{"href":"https:\/\/senoticias.com.br\/se\/wp-json\/wp\/v2\/posts"}],"about":[{"href":"https:\/\/senoticias.com.br\/se\/wp-json\/wp\/v2\/types\/post"}],"author":[{"embeddable":true,"href":"https:\/\/senoticias.com.br\/se\/wp-json\/wp\/v2\/users\/2"}],"replies":[{"embeddable":true,"href":"https:\/\/senoticias.com.br\/se\/wp-json\/wp\/v2\/comments?post=103332"}],"version-history":[{"count":0,"href":"https:\/\/senoticias.com.br\/se\/wp-json\/wp\/v2\/posts\/103332\/revisions"}],"wp:featuredmedia":[{"embeddable":true,"href":"https:\/\/senoticias.com.br\/se\/wp-json\/wp\/v2\/media\/103333"}],"wp:attachment":[{"href":"https:\/\/senoticias.com.br\/se\/wp-json\/wp\/v2\/media?parent=103332"}],"wp:term":[{"taxonomy":"category","embeddable":true,"href":"https:\/\/senoticias.com.br\/se\/wp-json\/wp\/v2\/categories?post=103332"},{"taxonomy":"post_tag","embeddable":true,"href":"https:\/\/senoticias.com.br\/se\/wp-json\/wp\/v2\/tags?post=103332"}],"curies":[{"name":"wp","href":"https:\/\/api.w.org\/{rel}","templated":true}]}}