{"id":103330,"date":"2017-05-19T16:13:17","date_gmt":"2017-05-19T19:13:17","guid":{"rendered":"http:\/\/senoticias.com.br\/se\/?p=103330"},"modified":"2017-05-23T13:16:46","modified_gmt":"2017-05-23T16:16:46","slug":"suspeitos-de-trafico-de-drogas-sao-presos-no-bairro-13-de-julho","status":"publish","type":"post","link":"https:\/\/senoticias.com.br\/se\/suspeitos-de-trafico-de-drogas-sao-presos-no-bairro-13-de-julho\/","title":{"rendered":"Suspeitos de tr\u00e1fico de drogas s\u00e3o presos no bairro 13 de julho"},"content":{"rendered":"<p>Na manh\u00e3 dessa quarta-feira, 17, policiais militares da 2\u00aa Companhia do Batalh\u00e3o de Policiamento Tur\u00edstico (2\u00aa Cia\/BPTur) prenderam dois suspeitos de tr\u00e1fico de drogas, no bairro 13 de Julho, zona sul de Aracaju.<\/p>\n<div id=\"attachment_103331\" style=\"width: 609px\" class=\"wp-caption aligncenter\"><img loading=\"lazy\" decoding=\"async\" aria-describedby=\"caption-attachment-103331\" class=\"size-full wp-image-103331\" src=\"http:\/\/senoticias.com.br\/se\/wp-content\/uploads\/2017\/05\/Suspeitos-policia-SENOTICIAS-e1495220970660.jpg\" alt=\"Suspeitos de tr\u00e1fico de drogas s\u00e3o presos no bairro 13 de julho. (Foto: SSP\/SE)\" width=\"599\" height=\"399\" \/><p id=\"caption-attachment-103331\" class=\"wp-caption-text\">Suspeitos de tr\u00e1fico de drogas s\u00e3o presos no bairro 13 de julho. (Foto: SSP\/SE)<\/p><\/div>\n<p style=\"text-align: justify;\">Durante o patrulhamento na Avenida Beira Mar, nas imedia\u00e7\u00f5es do Cal\u00e7ad\u00e3o da Praia Formosa, a equipe da BPTur, formada pelo sargento Guedes e cabo Guarinos, observou um indiv\u00edduo em frente a um estabelecimento comercial, em atitude suspeita. Durante a abordagem, os policiais encontraram uma pedra de crack com o suspeito, identificado como Paulo C\u00e9sar.<\/p>\n<p style=\"text-align: justify;\">Em seguida, os PMs retornaram ao estabelecimento, e encontraram outro suspeito, Nadson dos Santos, que autorizou a realiza\u00e7\u00e3o de buscas no local. Como resultado, foi encontrada uma sacola com 47 pedras de subst\u00e2ncia similar a crack, 12 trouxas de subst\u00e2ncia similar \u00e0 maconha, al\u00e9m de R$ 800,00 em c\u00e9dulas e moedas.<\/p>\n<p>Os envolvidos foram encaminhados \u00e0 primeira Delegacia Metropolitana.<\/p>\n<p style=\"text-align: justify;\"><img loading=\"lazy\" decoding=\"async\" class=\"aligncenter size-full wp-image-103179\" src=\"http:\/\/senoticias.com.br\/se\/wp-content\/uploads\/2017\/05\/Logo-fone-1-2-1-2-4-2.jpg\" alt=\"Logo-fone-1-2-1-2-4\" width=\"599\" height=\"78\" srcset=\"https:\/\/senoticias.com.br\/se\/wp-content\/uploads\/2017\/05\/Logo-fone-1-2-1-2-4-2.jpg 599w, https:\/\/senoticias.com.br\/se\/wp-content\/uploads\/2017\/05\/Logo-fone-1-2-1-2-4-2-300x39.jpg 300w\" sizes=\"(max-width: 599px) 100vw, 599px\" \/><\/p>\n<p style=\"text-align: justify;\"><strong>Acompanhe tamb\u00e9m o SE Not\u00edcias no<\/strong><span class=\"apple-converted-space\"><b>\u00a0<\/b><\/span><a href=\"https:\/\/twitter.com\/Senoticias\" target=\"_blank\"><b>Twitter<\/b><\/a><strong>,<\/strong><span class=\"apple-converted-space\"><b>\u00a0<\/b><\/span><a href=\"https:\/\/www.facebook.com\/senoticias1\" target=\"_blank\"><b>Facebook<\/b><span class=\"apple-converted-space\"><b>\u00a0<\/b><\/span><\/a><strong>e no<\/strong><span class=\"apple-converted-space\"><b>\u00a0<\/b><\/span><a href=\"https:\/\/www.instagram.com\/senoticias\/\" target=\"_blank\"><b>Instagram<\/b><\/a><\/p>\n<p style=\"text-align: justify;\"><strong><em>Informa\u00e7\u00f5es da SSP\/SE<\/em><\/strong><\/p>\n","protected":false},"excerpt":{"rendered":"<p>Na manh\u00e3 dessa quarta-feira, 17, policiais militares da 2\u00aa Companhia do Batalh\u00e3o de Policiamento Tur\u00edstico (2\u00aa Cia\/BPTur) prenderam dois suspeitos de tr\u00e1fico de drogas, no bairro 13 de Julho, zona sul de Aracaju. Durante o patrulhamento na Avenida Beira Mar, nas imedia\u00e7\u00f5es do Cal\u00e7ad\u00e3o da Praia Formosa, a equipe da BPTur, formada pelo sargento Guedes [&hellip;]<\/p>\n","protected":false},"author":2,"featured_media":103331,"comment_status":"closed","ping_status":"closed","sticky":false,"template":"","format":"standard","meta":{"footnotes":""},"categories":[15,7],"tags":[3688,2739,3175],"class_list":{"0":"post-103330","1":"post","2":"type-post","3":"status-publish","4":"format-standard","5":"has-post-thumbnail","7":"category-destaques","8":"category-policia","9":"tag-bairro-13-de-julho","10":"tag-suspeitos","11":"tag-trafico-de-drogas"},"_links":{"self":[{"href":"https:\/\/senoticias.com.br\/se\/wp-json\/wp\/v2\/posts\/103330"}],"collection":[{"href":"https:\/\/senoticias.com.br\/se\/wp-json\/wp\/v2\/posts"}],"about":[{"href":"https:\/\/senoticias.com.br\/se\/wp-json\/wp\/v2\/types\/post"}],"author":[{"embeddable":true,"href":"https:\/\/senoticias.com.br\/se\/wp-json\/wp\/v2\/users\/2"}],"replies":[{"embeddable":true,"href":"https:\/\/senoticias.com.br\/se\/wp-json\/wp\/v2\/comments?post=103330"}],"version-history":[{"count":0,"href":"https:\/\/senoticias.com.br\/se\/wp-json\/wp\/v2\/posts\/103330\/revisions"}],"wp:featuredmedia":[{"embeddable":true,"href":"https:\/\/senoticias.com.br\/se\/wp-json\/wp\/v2\/media\/103331"}],"wp:attachment":[{"href":"https:\/\/senoticias.com.br\/se\/wp-json\/wp\/v2\/media?parent=103330"}],"wp:term":[{"taxonomy":"category","embeddable":true,"href":"https:\/\/senoticias.com.br\/se\/wp-json\/wp\/v2\/categories?post=103330"},{"taxonomy":"post_tag","embeddable":true,"href":"https:\/\/senoticias.com.br\/se\/wp-json\/wp\/v2\/tags?post=103330"}],"curies":[{"name":"wp","href":"https:\/\/api.w.org\/{rel}","templated":true}]}}