{"id":103328,"date":"2017-05-19T15:56:51","date_gmt":"2017-05-19T18:56:51","guid":{"rendered":"http:\/\/senoticias.com.br\/se\/?p=103328"},"modified":"2017-05-20T14:35:06","modified_gmt":"2017-05-20T17:35:06","slug":"governo-lanca-programa-minha-comunidade-segura-neste-sabado","status":"publish","type":"post","link":"https:\/\/senoticias.com.br\/se\/governo-lanca-programa-minha-comunidade-segura-neste-sabado\/","title":{"rendered":"Governo lan\u00e7a Programa Minha Comunidade Segura neste s\u00e1bado"},"content":{"rendered":"<p style=\"text-align: justify;\">Neste s\u00e1bado, o governo do Estado lan\u00e7a oficialmente o Programa Minha Comunidade Segura, no bairro Santa Maria, em Aracaju. Executado pela secretaria de Estado da Casa Civil, de Seguran\u00e7a P\u00fablica e a prefeitura de Aracaju, o Programa objetiva a promo\u00e7\u00e3o da cidadania entre os jovens moradores de localidades e seus familiares nos bairros que apresentaram, em 2016, os maiores dados estat\u00edsticos de vulnerabilidade social na capital: Santa Maria, 17 de Mar\u00e7o e Santos Dumont. A a\u00e7\u00e3o deste s\u00e1bado ocorre na Escola Estadual Albano Franco, a partir das 09 horas.<\/p>\n<div id=\"attachment_103329\" style=\"width: 609px\" class=\"wp-caption aligncenter\"><img loading=\"lazy\" decoding=\"async\" aria-describedby=\"caption-attachment-103329\" class=\"size-full wp-image-103329\" src=\"http:\/\/senoticias.com.br\/se\/wp-content\/uploads\/2017\/05\/comunidade-segura-senoticias-e1495220047905.jpeg\" alt=\"Programa Minha Comunidade Segura ser\u00e1 lan\u00e7ado neste s\u00e1bado\" width=\"599\" height=\"397\" \/><p id=\"caption-attachment-103329\" class=\"wp-caption-text\">Programa Minha Comunidade Segura ser\u00e1 lan\u00e7ado neste s\u00e1bado. (Foto: arquivo\/SSP\/SE)<\/p><\/div>\n<p style=\"text-align: justify;\">O \u2018Comunidade Segura\u2019 funcionar\u00e1 a partir da execu\u00e7\u00e3o de projetos em rede, que envolvem: o fortalecimento de a\u00e7\u00f5es de preven\u00e7\u00e3o na escola, identificando crian\u00e7as e adolescentes com liga\u00e7\u00e3o direta e indireta com rela\u00e7\u00e3o \u00e0s drogas e encaminhando-os para iniciativas ligadas ao esporte, cultura e sa\u00fade, de modo a afast\u00e1-los da viol\u00eancia; ocupa\u00e7\u00e3o de espa\u00e7os p\u00fablicos como pra\u00e7as, movimentando-as atrav\u00e9s da promo\u00e7\u00e3o de eventos, apresenta\u00e7\u00f5es culturais e atividades esportivas; acompanhamento e avalia\u00e7\u00e3o de crian\u00e7a e fam\u00edlia em situa\u00e7\u00e3o de vulnerabilidade; busca de apoio de Organiza\u00e7\u00f5es N\u00e3o Governamentais (ONGs) para ampliar a oferta de cursos e atividades que possam ajudar crian\u00e7as e adolescentes. Com seis de meses de execu\u00e7\u00e3o, a expectativa \u00e9 de que os \u00edndices de viol\u00eancia nos bairros alvos reduzam sensivelmente.<\/p>\n<p>O programa faz parte do Plano Estadual de Seguran\u00e7a P\u00fablica e busca atingir o p\u00fablico formado por jovens com idade entre 15 e 29 anos e seus familiares. Futuramente o Programa Comunidade Mais Segura ser\u00e1 levado a outros 10 munic\u00edpios do interior, definidos conforme os crit\u00e9rios de viol\u00eancia e vulnerabilidade.<\/p>\n<p style=\"text-align: justify;\"><strong>Seguran\u00e7a e Esporte<\/strong><\/p>\n<p>Na ocasi\u00e3o, ser\u00e3o entregues duas unidades m\u00f3veis da Pol\u00edcia Militar e ser\u00e1 assinada autoriza\u00e7\u00e3o para reforma da quadra poliesportiva do Col\u00e9gio Albano Franco. A obra est\u00e1 estimada em R$ 861.614,86 e contemplar\u00e1 a execu\u00e7\u00e3o da cobertura com telhamento de alum\u00ednio, constru\u00e7\u00e3o de mureta, instala\u00e7\u00e3o de alambrado, instala\u00e7\u00e3o de equipamentos esportivos (traves, postes e rede para v\u00f4lei, tabelas para basquetebol), pintura e demarca\u00e7\u00e3o das linhas da quadra, implanta\u00e7\u00e3o de rede el\u00e9trica e instala\u00e7\u00e3o de refletores.<\/p>\n<p><strong>Servi\u00e7o<\/strong><\/p>\n<p><strong>O qu\u00ea-<\/strong> Lan\u00e7amento do Programa Minha Comunidade Segura e assinatura de autoriza\u00e7\u00e3o para abertura de processo licitat\u00f3rio para reforma de quadra poliesportiva;<br \/>\n<strong>Quando-<\/strong> Neste s\u00e1bado, dia 20, \u00e0s 09 horas;<br \/>\n<strong>Onde-<\/strong> Escola Albano Franco, Conjunto Paulo Pedro, Bairro Santa Maria.<\/p>\n<p style=\"text-align: justify;\"><img loading=\"lazy\" decoding=\"async\" class=\"aligncenter size-full wp-image-103179\" src=\"http:\/\/senoticias.com.br\/se\/wp-content\/uploads\/2017\/05\/Logo-fone-1-2-1-2-4-2.jpg\" alt=\"Logo-fone-1-2-1-2-4\" width=\"599\" height=\"78\" srcset=\"https:\/\/senoticias.com.br\/se\/wp-content\/uploads\/2017\/05\/Logo-fone-1-2-1-2-4-2.jpg 599w, https:\/\/senoticias.com.br\/se\/wp-content\/uploads\/2017\/05\/Logo-fone-1-2-1-2-4-2-300x39.jpg 300w\" sizes=\"(max-width: 599px) 100vw, 599px\" \/><\/p>\n<p style=\"text-align: justify;\"><strong>Acompanhe tamb\u00e9m o SE Not\u00edcias no<\/strong><span class=\"apple-converted-space\"><b>\u00a0<\/b><\/span><a href=\"https:\/\/twitter.com\/Senoticias\" target=\"_blank\"><b>Twitter<\/b><\/a><strong>,<\/strong><span class=\"apple-converted-space\"><b>\u00a0<\/b><\/span><a href=\"https:\/\/www.facebook.com\/senoticias1\" target=\"_blank\"><b>Facebook<\/b><span class=\"apple-converted-space\"><b>\u00a0<\/b><\/span><\/a><strong>e no<\/strong><span class=\"apple-converted-space\"><b>\u00a0<\/b><\/span><a href=\"https:\/\/www.instagram.com\/senoticias\/\" target=\"_blank\"><b>Instagram<\/b><\/a><\/p>\n<p style=\"text-align: justify;\"><em>Informa\u00e7\u00f5es da SSP\/SE<\/em><\/p>\n","protected":false},"excerpt":{"rendered":"<p>Neste s\u00e1bado, o governo do Estado lan\u00e7a oficialmente o Programa Minha Comunidade Segura, no bairro Santa Maria, em Aracaju. Executado pela secretaria de Estado da Casa Civil, de Seguran\u00e7a P\u00fablica e a prefeitura de Aracaju, o Programa objetiva a promo\u00e7\u00e3o da cidadania entre os jovens moradores de localidades e seus familiares nos bairros que apresentaram, [&hellip;]<\/p>\n","protected":false},"author":2,"featured_media":103329,"comment_status":"closed","ping_status":"closed","sticky":false,"template":"","format":"standard","meta":{"footnotes":""},"categories":[7],"tags":[2002,3685,3686,3687],"class_list":{"0":"post-103328","1":"post","2":"type-post","3":"status-publish","4":"format-standard","5":"has-post-thumbnail","7":"category-policia","8":"tag-governo","9":"tag-minha-comunidade-segura","10":"tag-programa","11":"tag-seguranca-publica"},"_links":{"self":[{"href":"https:\/\/senoticias.com.br\/se\/wp-json\/wp\/v2\/posts\/103328"}],"collection":[{"href":"https:\/\/senoticias.com.br\/se\/wp-json\/wp\/v2\/posts"}],"about":[{"href":"https:\/\/senoticias.com.br\/se\/wp-json\/wp\/v2\/types\/post"}],"author":[{"embeddable":true,"href":"https:\/\/senoticias.com.br\/se\/wp-json\/wp\/v2\/users\/2"}],"replies":[{"embeddable":true,"href":"https:\/\/senoticias.com.br\/se\/wp-json\/wp\/v2\/comments?post=103328"}],"version-history":[{"count":0,"href":"https:\/\/senoticias.com.br\/se\/wp-json\/wp\/v2\/posts\/103328\/revisions"}],"wp:featuredmedia":[{"embeddable":true,"href":"https:\/\/senoticias.com.br\/se\/wp-json\/wp\/v2\/media\/103329"}],"wp:attachment":[{"href":"https:\/\/senoticias.com.br\/se\/wp-json\/wp\/v2\/media?parent=103328"}],"wp:term":[{"taxonomy":"category","embeddable":true,"href":"https:\/\/senoticias.com.br\/se\/wp-json\/wp\/v2\/categories?post=103328"},{"taxonomy":"post_tag","embeddable":true,"href":"https:\/\/senoticias.com.br\/se\/wp-json\/wp\/v2\/tags?post=103328"}],"curies":[{"name":"wp","href":"https:\/\/api.w.org\/{rel}","templated":true}]}}