{"id":103254,"date":"2017-05-17T14:15:49","date_gmt":"2017-05-17T17:15:49","guid":{"rendered":"http:\/\/senoticias.com.br\/se\/?p=103254"},"modified":"2017-05-17T14:16:21","modified_gmt":"2017-05-17T17:16:21","slug":"1a-semana-municipal-de-cidadania-lgbt-acontece-em-aracaju","status":"publish","type":"post","link":"https:\/\/senoticias.com.br\/se\/1a-semana-municipal-de-cidadania-lgbt-acontece-em-aracaju\/","title":{"rendered":"1\u00aa Semana Municipal de Cidadania LGBT acontece em Aracaju"},"content":{"rendered":"<p style=\"text-align: justify;\">A Prefeitura Municipal de Aracaju (PMA) realiza durante toda a semana a\u00e7\u00f5es de conscientiza\u00e7\u00e3o contra a homofobia. \u00c9 o caso da 1\u00aa Semana Municipal de Cidadania LGBT de Aracaju, evento que acontece nesta quarta, 17, \u00e0s 19h, na Sala de Exibi\u00e7\u00e3o Walmir Almeida, no Centro Cultural de Aracaju (antiga Alf\u00e2ndega). A programa\u00e7\u00e3o ser\u00e1 refor\u00e7ada pela Funda\u00e7\u00e3o Cultural Cidade de Aracaju (Funcaju), atrav\u00e9s do N\u00facleo de Produ\u00e7\u00e3o Digital Orlando Vieira (NPD), que promove a mostra &#8220;Cinema e diversidade LGBT&#8221; e o Sarau da diversidade.<\/p>\n<div id=\"attachment_103255\" style=\"width: 610px\" class=\"wp-caption aligncenter\"><img loading=\"lazy\" decoding=\"async\" aria-describedby=\"caption-attachment-103255\" class=\"size-full wp-image-103255\" src=\"http:\/\/senoticias.com.br\/se\/wp-content\/uploads\/2017\/05\/Semana-do-GLBT-SENOTICIAS.jpg\" alt=\"Evento come\u00e7a nesta quarta-feira (17) e segue durante a semana.\" width=\"600\" height=\"315\" srcset=\"https:\/\/senoticias.com.br\/se\/wp-content\/uploads\/2017\/05\/Semana-do-GLBT-SENOTICIAS.jpg 600w, https:\/\/senoticias.com.br\/se\/wp-content\/uploads\/2017\/05\/Semana-do-GLBT-SENOTICIAS-300x158.jpg 300w\" sizes=\"(max-width: 600px) 100vw, 600px\" \/><p id=\"caption-attachment-103255\" class=\"wp-caption-text\">Evento come\u00e7ou nesta quarta-feira (17) e segue durante a semana. (Foto: arquivo\/Ag\u00eancia Brasil)<\/p><\/div>\n<p style=\"text-align: justify;\">\u201c\u00c9 mais um evento que abra\u00e7amos, pois se trata de um debate atual, oportuno, que ter\u00e1 a participa\u00e7\u00e3o de lideran\u00e7as de movimentos sociais que lutam contra a homofobia, que se op\u00f5em a forma de sofrimento relacionado \u00e0 sexualidade e identidade de g\u00eanero de Sergipe\u201d, comenta o presidente da Funcaju, S\u00edlvio Santos.<\/p>\n<p style=\"text-align: justify;\">Segundo a diretora do N\u00facleo de Produ\u00e7\u00e3o Digital Orlando Vieira (NPD), Carolina Westrup, a Prefeitura de Aracaju, nesta nova gest\u00e3o, tem colocado sempre em discuss\u00e3o a quest\u00e3o dos grupos vulner\u00e1veis na sociedade. \u201cEste tema precisa ser colocado em pr\u00e1tica e estamos trabalhando nesse sentido. O N\u00facleo de Produ\u00e7\u00e3o Digital e a Funcaju v\u00e3o participar e \u00e9 mais uma forma de fazer com que o tema seja discutido pela sociedade com uma programa\u00e7\u00e3o bem trabalhada\u201d, observou.<\/p>\n<p style=\"text-align: justify;\">A programa\u00e7\u00e3o ser\u00e1 iniciada com a exibi\u00e7\u00e3o dos filmes &#8220;Madona e a Cidade Para\u00edso&#8221;, dire\u00e7\u00e3o de Andr\u00e9 Arag\u00e3o, &#8220;De que lado me olhas&#8221;, dire\u00e7\u00e3o de Ana Carolina Azevedo e Elena Sassi e a &#8220;A vida que n\u00e3o cabe&#8221;, com dire\u00e7\u00e3o de Baruc Carvalho Martins. Ap\u00f3s os filmes, acontece o Sarau da diversidade com performances art\u00edsticas e pocket show com a banda Samba de Salto. O Centro Cultural de Aracaju fica localizado na Pra\u00e7a General Valad\u00e3o, Centro.<\/p>\n<p style=\"text-align: justify;\"><img loading=\"lazy\" decoding=\"async\" class=\"aligncenter size-full wp-image-103179\" src=\"http:\/\/senoticias.com.br\/se\/wp-content\/uploads\/2017\/05\/Logo-fone-1-2-1-2-4-2.jpg\" alt=\"Logo-fone-1-2-1-2-4\" width=\"599\" height=\"78\" srcset=\"https:\/\/senoticias.com.br\/se\/wp-content\/uploads\/2017\/05\/Logo-fone-1-2-1-2-4-2.jpg 599w, https:\/\/senoticias.com.br\/se\/wp-content\/uploads\/2017\/05\/Logo-fone-1-2-1-2-4-2-300x39.jpg 300w\" sizes=\"(max-width: 599px) 100vw, 599px\" \/><\/p>\n<p style=\"text-align: justify;\"><em><strong>Acompanhe tamb\u00e9m o SE Not\u00edcias no<\/strong><strong>\u00a0<\/strong><strong><a href=\"https:\/\/twitter.com\/Senoticias\">Twitter<\/a>,<\/strong><strong>\u00a0<\/strong><strong><a href=\"https:\/\/www.facebook.com\/senoticias1\">Facebook\u00a0<\/a>e no<\/strong><strong>\u00a0<\/strong><strong><a href=\"https:\/\/www.instagram.com\/senoticias\/\">Instagram<\/a><\/strong><\/em><\/p>\n<p style=\"text-align: justify;\"><em>Informa\u00e7\u00f5es da Ag\u00eancia Aracaju de Not\u00edcias<\/em><\/p>\n","protected":false},"excerpt":{"rendered":"<p>A Prefeitura Municipal de Aracaju (PMA) realiza durante toda a semana a\u00e7\u00f5es de conscientiza\u00e7\u00e3o contra a homofobia. \u00c9 o caso da 1\u00aa Semana Municipal de Cidadania LGBT de Aracaju, evento que acontece nesta quarta, 17, \u00e0s 19h, na Sala de Exibi\u00e7\u00e3o Walmir Almeida, no Centro Cultural de Aracaju (antiga Alf\u00e2ndega). A programa\u00e7\u00e3o ser\u00e1 refor\u00e7ada pela [&hellip;]<\/p>\n","protected":false},"author":2,"featured_media":103255,"comment_status":"closed","ping_status":"closed","sticky":false,"template":"","format":"standard","meta":{"footnotes":""},"categories":[15],"tags":[339,2772,3628,3629,2773],"class_list":{"0":"post-103254","1":"post","2":"type-post","3":"status-publish","4":"format-standard","5":"has-post-thumbnail","7":"category-destaques","8":"tag-aracaju","9":"tag-funcaju","10":"tag-lgbt","11":"tag-semana-municipal-de-cidadania","12":"tag-silvio-santos"},"_links":{"self":[{"href":"https:\/\/senoticias.com.br\/se\/wp-json\/wp\/v2\/posts\/103254"}],"collection":[{"href":"https:\/\/senoticias.com.br\/se\/wp-json\/wp\/v2\/posts"}],"about":[{"href":"https:\/\/senoticias.com.br\/se\/wp-json\/wp\/v2\/types\/post"}],"author":[{"embeddable":true,"href":"https:\/\/senoticias.com.br\/se\/wp-json\/wp\/v2\/users\/2"}],"replies":[{"embeddable":true,"href":"https:\/\/senoticias.com.br\/se\/wp-json\/wp\/v2\/comments?post=103254"}],"version-history":[{"count":0,"href":"https:\/\/senoticias.com.br\/se\/wp-json\/wp\/v2\/posts\/103254\/revisions"}],"wp:featuredmedia":[{"embeddable":true,"href":"https:\/\/senoticias.com.br\/se\/wp-json\/wp\/v2\/media\/103255"}],"wp:attachment":[{"href":"https:\/\/senoticias.com.br\/se\/wp-json\/wp\/v2\/media?parent=103254"}],"wp:term":[{"taxonomy":"category","embeddable":true,"href":"https:\/\/senoticias.com.br\/se\/wp-json\/wp\/v2\/categories?post=103254"},{"taxonomy":"post_tag","embeddable":true,"href":"https:\/\/senoticias.com.br\/se\/wp-json\/wp\/v2\/tags?post=103254"}],"curies":[{"name":"wp","href":"https:\/\/api.w.org\/{rel}","templated":true}]}}