{"id":103250,"date":"2017-05-17T12:22:50","date_gmt":"2017-05-17T15:22:50","guid":{"rendered":"http:\/\/senoticias.com.br\/se\/?p=103250"},"modified":"2017-05-17T19:53:53","modified_gmt":"2017-05-17T22:53:53","slug":"duplo-homicidio-e-registrado-em-itabaiana","status":"publish","type":"post","link":"https:\/\/senoticias.com.br\/se\/duplo-homicidio-e-registrado-em-itabaiana\/","title":{"rendered":"Duplo homic\u00eddio \u00e9 registrado em Itabaiana"},"content":{"rendered":"<p style=\"text-align: justify;\">Um duplo assassinato foi registrado no in\u00edcio da noite da \u00faltima ter\u00e7a-feira, 16, em Itabaiana, pr\u00f3ximo \u00e0 entrada que d\u00e1 acesso ao bairro Riacho Doce, \u00e0s margens da BR-235. Um ve\u00edculo de passeio, Renault Clio, foi encontrado com v\u00e1rias perfura\u00e7\u00f5es de arma de fogo.<\/p>\n<p style=\"text-align: justify;\">Pr\u00f3ximo ao ve\u00edculo duas pessoas foram encontradas mortas. Manoel Messias Santos da Silva, \u00a034, natural de Penedo, em Alagoas, e Rodolfo dos Santos Ferreira, 21, natural de Aracaju. At\u00e9 o momento n\u00e3o se sabe como aconteceu o crime e as causas do duplo homic\u00eddio. O Instituto M\u00e9dico Legal (IML) recolheu os corpos. Sobe para 34 o n\u00famero de assassinatos na cidade serrana em 2017.<\/p>\n<div id=\"attachment_103251\" style=\"width: 609px\" class=\"wp-caption aligncenter\"><img loading=\"lazy\" decoding=\"async\" aria-describedby=\"caption-attachment-103251\" class=\"size-full wp-image-103251\" src=\"http:\/\/senoticias.com.br\/se\/wp-content\/uploads\/2017\/05\/DUPLO-HOMICIDIO-SENOTICIAS-e1495034010431.jpg\" alt=\"O fato aconteceu \u00e0s margens da BR-235, pr\u00f3ximo \u00e0 entrada que d\u00e1 acesso ao Bairro Riacho Doce.\" width=\"599\" height=\"368\" \/><p id=\"caption-attachment-103251\" class=\"wp-caption-text\">O fato aconteceu \u00e0s margens da BR-235, pr\u00f3ximo \u00e0 entrada que d\u00e1 acesso ao Bairro Riacho Doce. (Foto: reprodu\u00e7\u00e3o\/Itnet)<\/p><\/div>\n<p><img loading=\"lazy\" decoding=\"async\" class=\"aligncenter size-full wp-image-103179\" src=\"http:\/\/senoticias.com.br\/se\/wp-content\/uploads\/2017\/05\/Logo-fone-1-2-1-2-4-2.jpg\" alt=\"Logo-fone-1-2-1-2-4\" width=\"599\" height=\"78\" srcset=\"https:\/\/senoticias.com.br\/se\/wp-content\/uploads\/2017\/05\/Logo-fone-1-2-1-2-4-2.jpg 599w, https:\/\/senoticias.com.br\/se\/wp-content\/uploads\/2017\/05\/Logo-fone-1-2-1-2-4-2-300x39.jpg 300w\" sizes=\"(max-width: 599px) 100vw, 599px\" \/><\/p>\n<p><em><strong>Acompanhe tamb\u00e9m o SE Not\u00edcias no<\/strong><strong>\u00a0<\/strong><strong><a href=\"https:\/\/twitter.com\/Senoticias\">Twitter<\/a>,<\/strong><strong>\u00a0<\/strong><strong><a href=\"https:\/\/www.facebook.com\/senoticias1\">Facebook\u00a0<\/a>e no<\/strong><strong>\u00a0<\/strong><strong><a href=\"https:\/\/www.instagram.com\/senoticias\/\">Instagram<\/a><\/strong><\/em><\/p>\n<p><em>Mat\u00e9ria extra\u00edda do portal <a href=\"http:\/\/itnet.com.br\/noticia\/32990\/duplo-homicidio-e-registrado-em-itabaiana-sobe-para-34-o-numero-de-assassinatos-em-2017\">Itnet<\/a><\/em><\/p>\n<p>&nbsp;<\/p>\n<p>&nbsp;<\/p>\n<p style=\"text-align: justify;\">\n","protected":false},"excerpt":{"rendered":"<p>Um duplo assassinato foi registrado no in\u00edcio da noite da \u00faltima ter\u00e7a-feira, 16, em Itabaiana, pr\u00f3ximo \u00e0 entrada que d\u00e1 acesso ao bairro Riacho Doce, \u00e0s margens da BR-235. Um ve\u00edculo de passeio, Renault Clio, foi encontrado com v\u00e1rias perfura\u00e7\u00f5es de arma de fogo. Pr\u00f3ximo ao ve\u00edculo duas pessoas foram encontradas mortas. Manoel Messias Santos [&hellip;]<\/p>\n","protected":false},"author":2,"featured_media":103251,"comment_status":"closed","ping_status":"closed","sticky":false,"template":"","format":"standard","meta":{"footnotes":""},"categories":[15,7],"tags":[3626,3500,236,3627],"class_list":{"0":"post-103250","1":"post","2":"type-post","3":"status-publish","4":"format-standard","5":"has-post-thumbnail","7":"category-destaques","8":"category-policia","9":"tag-duplo","10":"tag-homicidio","11":"tag-itabaiana","12":"tag-registrado"},"_links":{"self":[{"href":"https:\/\/senoticias.com.br\/se\/wp-json\/wp\/v2\/posts\/103250"}],"collection":[{"href":"https:\/\/senoticias.com.br\/se\/wp-json\/wp\/v2\/posts"}],"about":[{"href":"https:\/\/senoticias.com.br\/se\/wp-json\/wp\/v2\/types\/post"}],"author":[{"embeddable":true,"href":"https:\/\/senoticias.com.br\/se\/wp-json\/wp\/v2\/users\/2"}],"replies":[{"embeddable":true,"href":"https:\/\/senoticias.com.br\/se\/wp-json\/wp\/v2\/comments?post=103250"}],"version-history":[{"count":0,"href":"https:\/\/senoticias.com.br\/se\/wp-json\/wp\/v2\/posts\/103250\/revisions"}],"wp:featuredmedia":[{"embeddable":true,"href":"https:\/\/senoticias.com.br\/se\/wp-json\/wp\/v2\/media\/103251"}],"wp:attachment":[{"href":"https:\/\/senoticias.com.br\/se\/wp-json\/wp\/v2\/media?parent=103250"}],"wp:term":[{"taxonomy":"category","embeddable":true,"href":"https:\/\/senoticias.com.br\/se\/wp-json\/wp\/v2\/categories?post=103250"},{"taxonomy":"post_tag","embeddable":true,"href":"https:\/\/senoticias.com.br\/se\/wp-json\/wp\/v2\/tags?post=103250"}],"curies":[{"name":"wp","href":"https:\/\/api.w.org\/{rel}","templated":true}]}}