{"id":103203,"date":"2017-05-15T21:17:54","date_gmt":"2017-05-16T00:17:54","guid":{"rendered":"http:\/\/senoticias.com.br\/se\/?p=103203"},"modified":"2017-05-16T13:54:35","modified_gmt":"2017-05-16T16:54:35","slug":"policial-civil-e-atingido-com-tiro-no-braco-durante-assalto-em-aracaju","status":"publish","type":"post","link":"https:\/\/senoticias.com.br\/se\/policial-civil-e-atingido-com-tiro-no-braco-durante-assalto-em-aracaju\/","title":{"rendered":"Policial Civil \u00e9 atingido com dois tiros durante assalto, em Aracaju"},"content":{"rendered":"<p style=\"text-align: justify;\">O Agente da Pol\u00edcia Civil de Sergipe, Carlos de Souza Leite, lotado na delegacia de Frei Paulo, foi atingido por dois\u00a0tiros durante um assalto pr\u00f3ximo a sua resid\u00eancia, no bairro 18 do Forte, na Zona Norte de Aracaju. O crime ocorreu por volta das 19h desta segunda-feira (15). Segundo informa\u00e7\u00f5es de uma fonte do <strong>SE Not\u00edcias,<\/strong> dois homens armados se aproximaram do policial e anunciaram o assalto.<\/p>\n<div id=\"attachment_103204\" style=\"width: 609px\" class=\"wp-caption aligncenter\"><img loading=\"lazy\" decoding=\"async\" aria-describedby=\"caption-attachment-103204\" class=\"size-full wp-image-103204\" src=\"http:\/\/senoticias.com.br\/se\/wp-content\/uploads\/2017\/05\/POLICIA-CIVIL-SENOTICIAS-e1494893678818.jpg\" alt=\"A Pol\u00edcia faz dilig\u00eancias para prender os suspeitos\" width=\"599\" height=\"336\" \/><p id=\"caption-attachment-103204\" class=\"wp-caption-text\">A Pol\u00edcia faz dilig\u00eancias para prender os suspeitos. (Foto: arquivo\/SSP\/ES)<\/p><\/div>\n<p style=\"text-align: justify;\">Ainda de acordo com uma fonte do <strong>SE Not\u00edcias<\/strong>, os infratores se aproximaram da v\u00edtima em um<strong> Fiat Uno Vivace preto<\/strong> e anunciaram o assalto, o policial reagiu e tamb\u00e9m foi atingido por dois tiros no. Um atingiu o bra\u00e7o da v\u00edtima e o outro passou de rasp\u00e3o no abd\u00f4men. Um dos suspeitos foi ferido, mas conseguiu fugir com outros comparsas.<\/p>\n<p style=\"text-align: justify;\">O policial foi encaminhado ao Hospital da Pol\u00edcia Militar (HPM), recebeu atendimento e foi liberado.<\/p>\n<p style=\"text-align: justify;\">por dois tiros na porta de casa<\/p>\n<p style=\"text-align: justify;\"><img loading=\"lazy\" decoding=\"async\" class=\"aligncenter size-full wp-image-103179\" src=\"http:\/\/senoticias.com.br\/se\/wp-content\/uploads\/2017\/05\/Logo-fone-1-2-1-2-4-2.jpg\" alt=\"Logo-fone-1-2-1-2-4\" width=\"599\" height=\"78\" srcset=\"https:\/\/senoticias.com.br\/se\/wp-content\/uploads\/2017\/05\/Logo-fone-1-2-1-2-4-2.jpg 599w, https:\/\/senoticias.com.br\/se\/wp-content\/uploads\/2017\/05\/Logo-fone-1-2-1-2-4-2-300x39.jpg 300w\" sizes=\"(max-width: 599px) 100vw, 599px\" \/><\/p>\n<p style=\"text-align: justify;\"><em><strong>Acompanhe tamb\u00e9m o SE Not\u00edcias no<\/strong><strong>\u00a0<\/strong><strong><a href=\"https:\/\/twitter.com\/Senoticias\">Twitter<\/a>,<\/strong><strong>\u00a0<\/strong><strong><a href=\"https:\/\/www.facebook.com\/senoticias1\">Facebook\u00a0<\/a>e no<\/strong><strong>\u00a0<\/strong><strong><a href=\"https:\/\/www.instagram.com\/senoticias\/\">Instagram<\/a><\/strong><\/em><\/p>\n<p style=\"text-align: justify;\"><strong><em>Reda\u00e7\u00e3o SE Not\u00edcias<\/em><\/strong><\/p>\n","protected":false},"excerpt":{"rendered":"<p>O Agente da Pol\u00edcia Civil de Sergipe, Carlos de Souza Leite, lotado na delegacia de Frei Paulo, foi atingido por dois\u00a0tiros durante um assalto pr\u00f3ximo a sua resid\u00eancia, no bairro 18 do Forte, na Zona Norte de Aracaju. O crime ocorreu por volta das 19h desta segunda-feira (15). Segundo informa\u00e7\u00f5es de uma fonte do SE [&hellip;]<\/p>\n","protected":false},"author":2,"featured_media":103204,"comment_status":"closed","ping_status":"closed","sticky":false,"template":"","format":"standard","meta":{"footnotes":""},"categories":[15,7],"tags":[2945,3599,3597,3598],"class_list":{"0":"post-103203","1":"post","2":"type-post","3":"status-publish","4":"format-standard","5":"has-post-thumbnail","7":"category-destaques","8":"category-policia","9":"tag-assalto","10":"tag-braco","11":"tag-policial-civil","12":"tag-tiro"},"_links":{"self":[{"href":"https:\/\/senoticias.com.br\/se\/wp-json\/wp\/v2\/posts\/103203"}],"collection":[{"href":"https:\/\/senoticias.com.br\/se\/wp-json\/wp\/v2\/posts"}],"about":[{"href":"https:\/\/senoticias.com.br\/se\/wp-json\/wp\/v2\/types\/post"}],"author":[{"embeddable":true,"href":"https:\/\/senoticias.com.br\/se\/wp-json\/wp\/v2\/users\/2"}],"replies":[{"embeddable":true,"href":"https:\/\/senoticias.com.br\/se\/wp-json\/wp\/v2\/comments?post=103203"}],"version-history":[{"count":0,"href":"https:\/\/senoticias.com.br\/se\/wp-json\/wp\/v2\/posts\/103203\/revisions"}],"wp:featuredmedia":[{"embeddable":true,"href":"https:\/\/senoticias.com.br\/se\/wp-json\/wp\/v2\/media\/103204"}],"wp:attachment":[{"href":"https:\/\/senoticias.com.br\/se\/wp-json\/wp\/v2\/media?parent=103203"}],"wp:term":[{"taxonomy":"category","embeddable":true,"href":"https:\/\/senoticias.com.br\/se\/wp-json\/wp\/v2\/categories?post=103203"},{"taxonomy":"post_tag","embeddable":true,"href":"https:\/\/senoticias.com.br\/se\/wp-json\/wp\/v2\/tags?post=103203"}],"curies":[{"name":"wp","href":"https:\/\/api.w.org\/{rel}","templated":true}]}}