{"id":103201,"date":"2017-05-15T19:30:41","date_gmt":"2017-05-15T22:30:41","guid":{"rendered":"http:\/\/senoticias.com.br\/se\/?p=103201"},"modified":"2017-05-15T19:34:44","modified_gmt":"2017-05-15T22:34:44","slug":"prefeitos-devem-atentar-para-exigencias-do-tce-ao-realizarem-festas-juninas","status":"publish","type":"post","link":"https:\/\/senoticias.com.br\/se\/prefeitos-devem-atentar-para-exigencias-do-tce-ao-realizarem-festas-juninas\/","title":{"rendered":"Prefeitos devem ficar atentos \u00e0s exig\u00eancias do TCE ao realizarem festas juninas"},"content":{"rendered":"<p style=\"text-align: justify;\">Devido \u00e0 proximidade dos festejos juninos, o Tribunal de Contas do Estado (TCE\/SE), por meio da sua Diretoria T\u00e9cnica (Ditec), enviou Of\u00edcio Circular aos gestores dos munic\u00edpios sergipanos alertando-os quanto \u00e0 necessidade de observar o estrito cumprimento da Resolu\u00e7\u00e3o TC n\u00ba 280\/2013 (alterada pela Resolu\u00e7\u00e3o TC n\u00ba 295\/2016).<\/p>\n<div id=\"attachment_79109\" style=\"width: 510px\" class=\"wp-caption aligncenter\"><img loading=\"lazy\" decoding=\"async\" aria-describedby=\"caption-attachment-79109\" class=\"size-full wp-image-79109\" src=\"http:\/\/senoticias.com.br\/se\/wp-content\/uploads\/2015\/04\/2904-concurso.jpg\" alt=\"Gestores devem atentar para exig\u00eancias do TCE ao realizarem festas juninas. (Foto: Cleverton Ribeiro)\" width=\"500\" height=\"332\" srcset=\"https:\/\/senoticias.com.br\/se\/wp-content\/uploads\/2015\/04\/2904-concurso.jpg 500w, https:\/\/senoticias.com.br\/se\/wp-content\/uploads\/2015\/04\/2904-concurso-300x199.jpg 300w, https:\/\/senoticias.com.br\/se\/wp-content\/uploads\/2015\/04\/2904-concurso-342x227.jpg 342w\" sizes=\"(max-width: 500px) 100vw, 500px\" \/><p id=\"caption-attachment-79109\" class=\"wp-caption-text\">Gestores devem atentar para exig\u00eancias do TCE ao realizarem festas juninas. (Foto: Cleverton Ribeiro)<\/p><\/div>\n<p style=\"text-align: justify;\">Dentre outras mat\u00e9rias, a norma veda a realiza\u00e7\u00e3o de eventos festivos quando da decreta\u00e7\u00e3o de calamidade p\u00fablica ou em caso de inadimpl\u00eancia com os servidores, hip\u00f3tese esta configurada &#8220;sempre que, a partir do quinto dia \u00fatil ap\u00f3s o vencimento, estiver pendente o pagamento de quaisquer direitos ou benef\u00edcios remunerat\u00f3rios de servidores p\u00fablicos do quadro ativo ou inativo, tais como sal\u00e1rio e d\u00e9cimo terceiro, sem preju\u00edzo de outras nomenclaturas constantes no ato normativo que a estabele\u00e7a&#8221;.<\/p>\n<p style=\"text-align: justify;\">O Of\u00edcio Circular destaca ainda que os gestores devem atentar para os princ\u00edpios da legalidade, moralidade, razoabilidade e economicidade, nas situa\u00e7\u00f5es que caracterizem estado de emerg\u00eancia para o munic\u00edpio, &#8220;em virtude de fatores agravantes e preponderantes, que podem causar impacto sob a \u00f3tica da coletividade&#8221;.<\/p>\n<p style=\"text-align: justify;\">&#8220;Ainda, caso sejam realizados eventos festivos, reiteramos que todos os documentos elencados na Resolu\u00e7\u00e3o TC n\u00ba Resolu\u00e7\u00e3o TC n\u00ba 280\/2013 (alterada pela Resolu\u00e7\u00e3o TC n\u00ba 295\/2016, devem ser enviados ao Tribunal, de forma eletr\u00f4nica, atrav\u00e9s da op\u00e7\u00e3o &#8216;Eventos Festivos Municipais&#8217;, dispon\u00edvel no site do TCE\/SE, at\u00e9 o \u00faltimo dia do m\u00eas subsequente ao da realiza\u00e7\u00e3o da festividade&#8221;, conclui o Of\u00edcio.<\/p>\n<p style=\"text-align: justify;\">Conforme o diretor t\u00e9cnico do TCE, Gustavo Gurgel, os gestores que pretendem realizar festividades devem estar cientes das exig\u00eancias, &#8220;sobretudo porque a n\u00e3o observ\u00e2ncia das veda\u00e7\u00f5es previstas poder\u00e1 implicar na rejei\u00e7\u00e3o das contas relativas ao per\u00edodo&#8221;<\/p>\n<p style=\"text-align: justify;\"><img loading=\"lazy\" decoding=\"async\" class=\"aligncenter size-full wp-image-103092\" src=\"http:\/\/senoticias.com.br\/se\/wp-content\/uploads\/2017\/05\/Logo-fone-1-2-1-2-4-1.jpg\" alt=\"Logo-fone-1-2-1-2-4\" width=\"599\" height=\"78\" srcset=\"https:\/\/senoticias.com.br\/se\/wp-content\/uploads\/2017\/05\/Logo-fone-1-2-1-2-4-1.jpg 599w, https:\/\/senoticias.com.br\/se\/wp-content\/uploads\/2017\/05\/Logo-fone-1-2-1-2-4-1-300x39.jpg 300w\" sizes=\"(max-width: 599px) 100vw, 599px\" \/><\/p>\n<p style=\"text-align: justify;\"><em><strong>Acompanhe tamb\u00e9m o SE Not\u00edcias no<\/strong><strong>\u00a0<\/strong><strong><a href=\"https:\/\/twitter.com\/Senoticias\">Twitter<\/a>,<\/strong><strong>\u00a0<\/strong><strong><a href=\"https:\/\/www.facebook.com\/senoticias1\">Facebook\u00a0<\/a>e no<\/strong><strong>\u00a0<\/strong><strong><a href=\"https:\/\/www.instagram.com\/senoticias\/\">Instagram<\/a><\/strong><\/em><\/p>\n<p style=\"text-align: justify;\"><em>Da Assessoria de Comunica\u00e7\u00e3o\/TCE<\/em><\/p>\n","protected":false},"excerpt":{"rendered":"<p>Devido \u00e0 proximidade dos festejos juninos, o Tribunal de Contas do Estado (TCE\/SE), por meio da sua Diretoria T\u00e9cnica (Ditec), enviou Of\u00edcio Circular aos gestores dos munic\u00edpios sergipanos alertando-os quanto \u00e0 necessidade de observar o estrito cumprimento da Resolu\u00e7\u00e3o TC n\u00ba 280\/2013 (alterada pela Resolu\u00e7\u00e3o TC n\u00ba 295\/2016). Dentre outras mat\u00e9rias, a norma veda a [&hellip;]<\/p>\n","protected":false},"author":2,"featured_media":96364,"comment_status":"closed","ping_status":"closed","sticky":false,"template":"","format":"standard","meta":{"footnotes":""},"categories":[15],"tags":[3596,216,529],"class_list":{"0":"post-103201","1":"post","2":"type-post","3":"status-publish","4":"format-standard","5":"has-post-thumbnail","7":"category-destaques","8":"tag-festas-juninas","9":"tag-prefeitos","10":"tag-tce"},"_links":{"self":[{"href":"https:\/\/senoticias.com.br\/se\/wp-json\/wp\/v2\/posts\/103201"}],"collection":[{"href":"https:\/\/senoticias.com.br\/se\/wp-json\/wp\/v2\/posts"}],"about":[{"href":"https:\/\/senoticias.com.br\/se\/wp-json\/wp\/v2\/types\/post"}],"author":[{"embeddable":true,"href":"https:\/\/senoticias.com.br\/se\/wp-json\/wp\/v2\/users\/2"}],"replies":[{"embeddable":true,"href":"https:\/\/senoticias.com.br\/se\/wp-json\/wp\/v2\/comments?post=103201"}],"version-history":[{"count":0,"href":"https:\/\/senoticias.com.br\/se\/wp-json\/wp\/v2\/posts\/103201\/revisions"}],"wp:featuredmedia":[{"embeddable":true,"href":"https:\/\/senoticias.com.br\/se\/wp-json\/wp\/v2\/media\/96364"}],"wp:attachment":[{"href":"https:\/\/senoticias.com.br\/se\/wp-json\/wp\/v2\/media?parent=103201"}],"wp:term":[{"taxonomy":"category","embeddable":true,"href":"https:\/\/senoticias.com.br\/se\/wp-json\/wp\/v2\/categories?post=103201"},{"taxonomy":"post_tag","embeddable":true,"href":"https:\/\/senoticias.com.br\/se\/wp-json\/wp\/v2\/tags?post=103201"}],"curies":[{"name":"wp","href":"https:\/\/api.w.org\/{rel}","templated":true}]}}