{"id":103191,"date":"2017-05-15T15:28:43","date_gmt":"2017-05-15T18:28:43","guid":{"rendered":"http:\/\/senoticias.com.br\/se\/?p=103191"},"modified":"2017-05-15T21:32:28","modified_gmt":"2017-05-16T00:32:28","slug":"abastecimento-estara-comprometido-na-barra-dos-coqueiros-nesta-terca-feira-16","status":"publish","type":"post","link":"https:\/\/senoticias.com.br\/se\/abastecimento-estara-comprometido-na-barra-dos-coqueiros-nesta-terca-feira-16\/","title":{"rendered":"Abastecimento estar\u00e1 comprometido na Barra dos Coqueiros nesta ter\u00e7a-feira, 16"},"content":{"rendered":"<p style=\"text-align: justify;\">A Companhia de Saneamento de Sergipe &#8211; Deso informa que em virtude de uma manuten\u00e7\u00e3o preventiva estar\u00e1 comprometido o abastecimento em todo o munic\u00edpio da Barra dos Coqueiros, no dia 16\/05\/2017 (ter\u00e7a-feira), das 9 \u00e0s 13 horas.<\/p>\n<div id=\"attachment_103192\" style=\"width: 609px\" class=\"wp-caption aligncenter\"><img loading=\"lazy\" decoding=\"async\" aria-describedby=\"caption-attachment-103192\" class=\"size-full wp-image-103192\" src=\"http:\/\/senoticias.com.br\/se\/wp-content\/uploads\/2017\/05\/a257a2432104cc89c9f01de1683e6e89-e1494872853471.jpg\" alt=\"Deso alerta sobre manuten\u00e7\u00e3o preventiva na Barra dos Coqueiros-SE. Imagem: divulga\u00e7\u00e3o\" width=\"599\" height=\"599\" \/><p id=\"caption-attachment-103192\" class=\"wp-caption-text\">Deso alerta sobre manuten\u00e7\u00e3o preventiva na Barra dos Coqueiros-SE. Imagem: divulga\u00e7\u00e3o<\/p><\/div>\n<p style=\"text-align: justify;\">A previs\u00e3o de regulariza\u00e7\u00e3o no abastecimento ocorrer\u00e1 gradativamente a partir das 13 horas do mesmo dia. Se os servi\u00e7os forem conclu\u00eddos antes do previsto, o abastecimento ser\u00e1 restabelecido sem qualquer aviso.<\/p>\n<p style=\"text-align: justify;\">A Deso recomenda a utiliza\u00e7\u00e3o econ\u00f4mica da \u00e1gua existente nas caixas d&#8217;\u00e1gua e reservat\u00f3rios residenciais, evitando-se desperd\u00edcios.<\/p>\n<p style=\"text-align: justify;\">Casos de emerg\u00eancia e pedidos de servi\u00e7os podem ser informados pelo telefone 08000790195 com prioridade para creches, hospitais, asilos e demais entidades dessa natureza.<\/p>\n<p style=\"text-align: justify;\"><img loading=\"lazy\" decoding=\"async\" class=\"aligncenter size-full wp-image-103179\" src=\"http:\/\/senoticias.com.br\/se\/wp-content\/uploads\/2017\/05\/Logo-fone-1-2-1-2-4-2.jpg\" alt=\"Logo-fone-1-2-1-2-4\" width=\"599\" height=\"78\" srcset=\"https:\/\/senoticias.com.br\/se\/wp-content\/uploads\/2017\/05\/Logo-fone-1-2-1-2-4-2.jpg 599w, https:\/\/senoticias.com.br\/se\/wp-content\/uploads\/2017\/05\/Logo-fone-1-2-1-2-4-2-300x39.jpg 300w\" sizes=\"(max-width: 599px) 100vw, 599px\" \/><\/p>\n<p style=\"text-align: justify;\"><em><strong>Acompanhe tamb\u00e9m o SE Not\u00edcias no<\/strong><strong>\u00a0<\/strong><strong><a href=\"https:\/\/twitter.com\/Senoticias\">Twitter<\/a>,<\/strong><strong>\u00a0<\/strong><strong><a href=\"https:\/\/www.facebook.com\/senoticias1\">Facebook\u00a0<\/a>e no<\/strong><strong>\u00a0<\/strong><strong><a href=\"https:\/\/www.instagram.com\/senoticias\/\">Instagram<\/a><\/strong><\/em><\/p>\n<p style=\"text-align: justify;\">Fonte: ASN<\/p>\n","protected":false},"excerpt":{"rendered":"<p>A Companhia de Saneamento de Sergipe &#8211; Deso informa que em virtude de uma manuten\u00e7\u00e3o preventiva estar\u00e1 comprometido o abastecimento em todo o munic\u00edpio da Barra dos Coqueiros, no dia 16\/05\/2017 (ter\u00e7a-feira), das 9 \u00e0s 13 horas. A previs\u00e3o de regulariza\u00e7\u00e3o no abastecimento ocorrer\u00e1 gradativamente a partir das 13 horas do mesmo dia. Se os [&hellip;]<\/p>\n","protected":false},"author":2,"featured_media":0,"comment_status":"closed","ping_status":"closed","sticky":false,"template":"","format":"standard","meta":{"footnotes":""},"categories":[38],"tags":[333,3590,208,3591],"class_list":{"0":"post-103191","1":"post","2":"type-post","3":"status-publish","4":"format-standard","6":"category-municipios","7":"tag-agua","8":"tag-barradoscoqueiros","9":"tag-deso","10":"tag-manutencao"},"_links":{"self":[{"href":"https:\/\/senoticias.com.br\/se\/wp-json\/wp\/v2\/posts\/103191"}],"collection":[{"href":"https:\/\/senoticias.com.br\/se\/wp-json\/wp\/v2\/posts"}],"about":[{"href":"https:\/\/senoticias.com.br\/se\/wp-json\/wp\/v2\/types\/post"}],"author":[{"embeddable":true,"href":"https:\/\/senoticias.com.br\/se\/wp-json\/wp\/v2\/users\/2"}],"replies":[{"embeddable":true,"href":"https:\/\/senoticias.com.br\/se\/wp-json\/wp\/v2\/comments?post=103191"}],"version-history":[{"count":0,"href":"https:\/\/senoticias.com.br\/se\/wp-json\/wp\/v2\/posts\/103191\/revisions"}],"wp:attachment":[{"href":"https:\/\/senoticias.com.br\/se\/wp-json\/wp\/v2\/media?parent=103191"}],"wp:term":[{"taxonomy":"category","embeddable":true,"href":"https:\/\/senoticias.com.br\/se\/wp-json\/wp\/v2\/categories?post=103191"},{"taxonomy":"post_tag","embeddable":true,"href":"https:\/\/senoticias.com.br\/se\/wp-json\/wp\/v2\/tags?post=103191"}],"curies":[{"name":"wp","href":"https:\/\/api.w.org\/{rel}","templated":true}]}}