{"id":103165,"date":"2017-05-14T15:59:17","date_gmt":"2017-05-14T18:59:17","guid":{"rendered":"http:\/\/senoticias.com.br\/se\/?p=103165"},"modified":"2017-05-14T16:35:37","modified_gmt":"2017-05-14T19:35:37","slug":"carro-parte-ao-meio-e-homem-morre-em-acidente-na-tancredo-neves","status":"publish","type":"post","link":"https:\/\/senoticias.com.br\/se\/carro-parte-ao-meio-e-homem-morre-em-acidente-na-tancredo-neves\/","title":{"rendered":"Carro parte ao meio e homem morre em acidente na Tancredo Neves; assista"},"content":{"rendered":"<p style=\"text-align: justify;\">Urias Rodrigues dos Santos \u00a0de 24 anos, morreu em um acidente registrado por volta das 5h30 deste domingo (14), Av. Tancredo Neves, no Bairro Jabotiana em Aracaju. A vitima estava sozinha no carro quando perdeu o controle e bateu de lado no poste que partiu o ve\u00edculo ao meio.<\/p>\n<div id=\"attachment_103169\" style=\"width: 609px\" class=\"wp-caption aligncenter\"><img loading=\"lazy\" decoding=\"async\" aria-describedby=\"caption-attachment-103169\" class=\"size-full wp-image-103169\" src=\"http:\/\/senoticias.com.br\/se\/wp-content\/uploads\/2017\/05\/WhatsApp-Image-2017-05-14-at-16.28.46-e1494790373198.jpeg\" alt=\"Com a colis\u00e3o corpo de Urias foi arremessado a mais de 20 metros do local do acidente . (Foto: Redes Sociais)\" width=\"599\" height=\"599\" \/><p id=\"caption-attachment-103169\" class=\"wp-caption-text\">Com a colis\u00e3o corpo de Urias foi arremessado a mais de 20 metros do local do acidente . (Foto: Redes Sociais)<\/p><\/div>\n<p style=\"text-align: justify;\">De acordo com uma fonte do SE Not\u00edcias. O acidente aconteceu quando o homem trafegava na Tancredo Neves sentido Dia\/Rodovi\u00e1ria Jos\u00e9 Rollemberg Leite. No impacto, o carro quebrou o poste e o ve\u00edculo, um corsa Classic, foi partido ao meio com a viol\u00eancia da colis\u00e3o.<\/p>\n<p style=\"text-align: justify;\">Testemunhas e moradores de um condom\u00ednio pr\u00f3ximo ao local do acidente afirmam que o homem conduzia o ve\u00edculo em alta velocidade. O momento do impacto foi flagrado por uma c\u00e2meras de seguran\u00e7a do local.<\/p>\n<p><iframe loading=\"lazy\" title=\"ACIDENTE COM MORTE NA AVENIDA TANCREDO NEVES\" width=\"500\" height=\"281\" src=\"https:\/\/www.youtube.com\/embed\/eT3D5vce3-M?feature=oembed\" frameborder=\"0\" allow=\"accelerometer; autoplay; clipboard-write; encrypted-media; gyroscope; picture-in-picture; web-share\" referrerpolicy=\"strict-origin-when-cross-origin\" allowfullscreen><\/iframe><\/p>\n<p style=\"text-align: justify;\"><img loading=\"lazy\" decoding=\"async\" class=\"aligncenter size-full wp-image-103092\" src=\"http:\/\/senoticias.com.br\/se\/wp-content\/uploads\/2017\/05\/Logo-fone-1-2-1-2-4-1.jpg\" alt=\"Logo-fone-1-2-1-2-4\" width=\"599\" height=\"78\" srcset=\"https:\/\/senoticias.com.br\/se\/wp-content\/uploads\/2017\/05\/Logo-fone-1-2-1-2-4-1.jpg 599w, https:\/\/senoticias.com.br\/se\/wp-content\/uploads\/2017\/05\/Logo-fone-1-2-1-2-4-1-300x39.jpg 300w\" sizes=\"(max-width: 599px) 100vw, 599px\" \/><\/p>\n<p style=\"text-align: justify;\"><em><strong>Acompanhe tamb\u00e9m o SE Not\u00edcias no<\/strong><strong>\u00a0<\/strong><strong><a href=\"https:\/\/twitter.com\/Senoticias\">Twitter<\/a>,<\/strong><strong>\u00a0<\/strong><strong><a href=\"https:\/\/www.facebook.com\/senoticias1\">Facebook\u00a0<\/a>e no<\/strong><strong>\u00a0<\/strong><strong><a href=\"https:\/\/www.instagram.com\/senoticias\/\">Instagram<\/a><\/strong><\/em><\/p>\n<p style=\"text-align: justify;\"><em>Reda\u00e7\u00e3o SE Not\u00edcias<\/em><\/p>\n","protected":false},"excerpt":{"rendered":"<p>Urias Rodrigues dos Santos \u00a0de 24 anos, morreu em um acidente registrado por volta das 5h30 deste domingo (14), Av. Tancredo Neves, no Bairro Jabotiana em Aracaju. A vitima estava sozinha no carro quando perdeu o controle e bateu de lado no poste que partiu o ve\u00edculo ao meio. De acordo com uma fonte do [&hellip;]<\/p>\n","protected":false},"author":2,"featured_media":103169,"comment_status":"closed","ping_status":"closed","sticky":false,"template":"","format":"standard","meta":{"footnotes":""},"categories":[15],"tags":[61,2777,2848,1944],"class_list":{"0":"post-103165","1":"post","2":"type-post","3":"status-publish","4":"format-standard","5":"has-post-thumbnail","7":"category-destaques","8":"tag-acidente","9":"tag-carro","10":"tag-morre","11":"tag-tancredo-neves"},"_links":{"self":[{"href":"https:\/\/senoticias.com.br\/se\/wp-json\/wp\/v2\/posts\/103165"}],"collection":[{"href":"https:\/\/senoticias.com.br\/se\/wp-json\/wp\/v2\/posts"}],"about":[{"href":"https:\/\/senoticias.com.br\/se\/wp-json\/wp\/v2\/types\/post"}],"author":[{"embeddable":true,"href":"https:\/\/senoticias.com.br\/se\/wp-json\/wp\/v2\/users\/2"}],"replies":[{"embeddable":true,"href":"https:\/\/senoticias.com.br\/se\/wp-json\/wp\/v2\/comments?post=103165"}],"version-history":[{"count":0,"href":"https:\/\/senoticias.com.br\/se\/wp-json\/wp\/v2\/posts\/103165\/revisions"}],"wp:featuredmedia":[{"embeddable":true,"href":"https:\/\/senoticias.com.br\/se\/wp-json\/wp\/v2\/media\/103169"}],"wp:attachment":[{"href":"https:\/\/senoticias.com.br\/se\/wp-json\/wp\/v2\/media?parent=103165"}],"wp:term":[{"taxonomy":"category","embeddable":true,"href":"https:\/\/senoticias.com.br\/se\/wp-json\/wp\/v2\/categories?post=103165"},{"taxonomy":"post_tag","embeddable":true,"href":"https:\/\/senoticias.com.br\/se\/wp-json\/wp\/v2\/tags?post=103165"}],"curies":[{"name":"wp","href":"https:\/\/api.w.org\/{rel}","templated":true}]}}