{"id":103146,"date":"2017-05-12T20:55:14","date_gmt":"2017-05-12T23:55:14","guid":{"rendered":"http:\/\/senoticias.com.br\/se\/?p=103146"},"modified":"2017-05-15T16:08:43","modified_gmt":"2017-05-15T19:08:43","slug":"dia-das-maes-representa-esperanca-para-o-comercio-confira-dica-de-presentes","status":"publish","type":"post","link":"https:\/\/senoticias.com.br\/se\/dia-das-maes-representa-esperanca-para-o-comercio-confira-dica-de-presentes\/","title":{"rendered":"Dia das m\u00e3es representa esperan\u00e7a para o com\u00e9rcio; confira dica de presentes"},"content":{"rendered":"<p style=\"text-align: justify;\">O dia das m\u00e3es \u00e9 a segunda melhor data para o com\u00e9rcio. O Natal \u00e9 a primeira. Perfumes, roupas, sapatos e bolsas s\u00e3o os itens mais procurados pelos filhos que desejam presentear algu\u00e9m no pr\u00f3ximo domingo, 14.<\/p>\n<p style=\"text-align: justify;\">No Centro de Aracaju, blusas e bermudas podem ser encontradas por R$79,90. Sapatos simples s\u00e3o facilmente encontrados por R$69,90 e as bolsas t\u00eam pre\u00e7o m\u00e9dio de R$99,90.<\/p>\n<div id=\"attachment_103193\" style=\"width: 609px\" class=\"wp-caption aligncenter\"><img loading=\"lazy\" decoding=\"async\" aria-describedby=\"caption-attachment-103193\" class=\"size-full wp-image-103193\" src=\"http:\/\/senoticias.com.br\/se\/wp-content\/uploads\/2017\/05\/DSC_0102-e1494875156668.jpg\" alt=\"Centro da cidade movimentado na sexta-feira antes do dia das m\u00e3es. Foto: Se Not\u00edcias\" width=\"599\" height=\"463\" \/><p id=\"caption-attachment-103193\" class=\"wp-caption-text\">Centro de Aracaju\u00a0movimentado na sexta-feira antes do dia das m\u00e3es. Foto: Se Not\u00edcias<\/p><\/div>\n<p style=\"text-align: justify;\">Uma pesquisa da CNDL diz que 7 em cada 10 brasileiros, o equivalente a 73% da popula\u00e7\u00e3o, deve realizar pelo menos uma compra nesse per\u00edodo. Os lojistas lamentam que o m\u00eas anterior, com os feriados da Semana Santa e Tiradentes, al\u00e9m da paralisa\u00e7\u00e3o das atividades do com\u00e9rcio no dia 28.<\/p>\n<p style=\"text-align: justify;\">A consultora <strong>Lana Silva<\/strong>, que vende perfumes nacionais e importados, parcela os valores para atrair os filhos que desejam presentear suas m\u00e3es. \u201cEu vendo perfumes das marcas Natura, Jequiti, Botic\u00e1rio, Hinode e MK, al\u00e9m dos importados. Tudo parcelado em at\u00e9 10 vezes em todos os cart\u00f5es\u201d, explica. <strong>Lana<\/strong> pode ser contatada pelo telefone <strong>(79) 9 9601-4178<\/strong>.<\/p>\n<p style=\"text-align: justify;\">A propriet\u00e1ria de uma loja de roupas femininas no Centro, Rosa Felizola, diz que as vendas est\u00e3o boas. \u201cDa semana passada pra c\u00e1, n\u00f3s j\u00e1 vendemos alguns presentes para as m\u00e3es. As vendas est\u00e3o boas, mas j\u00e1 tivemos \u00e9pocas melhores. As pessoas est\u00e3o endividadas, por isso sempre preferem os produtos mais baratos\u201d, explica.<\/p>\n<p style=\"text-align: justify;\"><img loading=\"lazy\" decoding=\"async\" class=\"aligncenter size-full wp-image-103092\" src=\"http:\/\/senoticias.com.br\/se\/wp-content\/uploads\/2017\/05\/Logo-fone-1-2-1-2-4-1.jpg\" alt=\"Logo-fone-1-2-1-2-4\" width=\"599\" height=\"78\" srcset=\"https:\/\/senoticias.com.br\/se\/wp-content\/uploads\/2017\/05\/Logo-fone-1-2-1-2-4-1.jpg 599w, https:\/\/senoticias.com.br\/se\/wp-content\/uploads\/2017\/05\/Logo-fone-1-2-1-2-4-1-300x39.jpg 300w\" sizes=\"(max-width: 599px) 100vw, 599px\" \/><\/p>\n<p style=\"text-align: justify;\"><em><strong>Acompanhe tamb\u00e9m o SE Not\u00edcias no<\/strong><strong>\u00a0<\/strong><strong><a href=\"https:\/\/twitter.com\/Senoticias\">Twitter<\/a>,<\/strong><strong>\u00a0<\/strong><strong><a href=\"https:\/\/www.facebook.com\/senoticias1\">Facebook\u00a0<\/a>e no<\/strong><strong>\u00a0<\/strong><strong><a href=\"https:\/\/www.instagram.com\/senoticias\/\">Instagram<\/a><\/strong><\/em><\/p>\n<p style=\"text-align: justify;\"><em><strong>Reda\u00e7\u00e3o SE Not\u00edcias<\/strong><\/em><\/p>\n","protected":false},"excerpt":{"rendered":"<p>O dia das m\u00e3es \u00e9 a segunda melhor data para o com\u00e9rcio. O Natal \u00e9 a primeira. Perfumes, roupas, sapatos e bolsas s\u00e3o os itens mais procurados pelos filhos que desejam presentear algu\u00e9m no pr\u00f3ximo domingo, 14. No Centro de Aracaju, blusas e bermudas podem ser encontradas por R$79,90. Sapatos simples s\u00e3o facilmente encontrados por [&hellip;]<\/p>\n","protected":false},"author":2,"featured_media":103193,"comment_status":"closed","ping_status":"closed","sticky":false,"template":"","format":"standard","meta":{"footnotes":""},"categories":[8],"tags":[3529,3568,3569],"class_list":{"0":"post-103146","1":"post","2":"type-post","3":"status-publish","4":"format-standard","5":"has-post-thumbnail","7":"category-esporte-e-cultura","8":"tag-dia-das-maes","9":"tag-dica-de-presentes","10":"tag-esperanca"},"_links":{"self":[{"href":"https:\/\/senoticias.com.br\/se\/wp-json\/wp\/v2\/posts\/103146"}],"collection":[{"href":"https:\/\/senoticias.com.br\/se\/wp-json\/wp\/v2\/posts"}],"about":[{"href":"https:\/\/senoticias.com.br\/se\/wp-json\/wp\/v2\/types\/post"}],"author":[{"embeddable":true,"href":"https:\/\/senoticias.com.br\/se\/wp-json\/wp\/v2\/users\/2"}],"replies":[{"embeddable":true,"href":"https:\/\/senoticias.com.br\/se\/wp-json\/wp\/v2\/comments?post=103146"}],"version-history":[{"count":0,"href":"https:\/\/senoticias.com.br\/se\/wp-json\/wp\/v2\/posts\/103146\/revisions"}],"wp:featuredmedia":[{"embeddable":true,"href":"https:\/\/senoticias.com.br\/se\/wp-json\/wp\/v2\/media\/103193"}],"wp:attachment":[{"href":"https:\/\/senoticias.com.br\/se\/wp-json\/wp\/v2\/media?parent=103146"}],"wp:term":[{"taxonomy":"category","embeddable":true,"href":"https:\/\/senoticias.com.br\/se\/wp-json\/wp\/v2\/categories?post=103146"},{"taxonomy":"post_tag","embeddable":true,"href":"https:\/\/senoticias.com.br\/se\/wp-json\/wp\/v2\/tags?post=103146"}],"curies":[{"name":"wp","href":"https:\/\/api.w.org\/{rel}","templated":true}]}}